{"id":18853,"date":"2016-02-22T09:00:03","date_gmt":"2016-02-22T08:00:03","guid":{"rendered":"http:\/\/foment.itartech.com\/?p=18853"},"modified":"2016-10-28T12:19:55","modified_gmt":"2016-10-28T10:19:55","slug":"impulso-la-formacion-e-internacionalizacion-las-empresas-ingenieros-industriales-cataluna","status":"publish","type":"post","link":"https:\/\/www.foment.com\/es\/impulso-la-formacion-e-internacionalizacion-las-empresas-ingenieros-industriales-cataluna\/","title":{"rendered":"Impulso a la formaci\u00f3n e internacionalizaci\u00f3n de las empresas de ingenieros industriales de Catalu\u00f1a"},"content":{"rendered":"<section class=\"wpb-content-wrapper\"><p>[vc_row][vc_column width=\u00bb1\/1&#8243;][vc_column_text]<\/p>\n<ul>\n<li>El acuerdo incluye tambi\u00e9n la promoci\u00f3n de iniciativas emprendedoras como Enginova o proyectos europeos<\/li>\n<li>El convenio suscrito entre Foment, el Col\u00b7legi d&#8217;Enginyers Industrials de Catalunya y la Associaci\u00f3 d&#8217;Enginyers Industrials de Catalunya tiene tambi\u00e9n el prop\u00f3sito de promover la <em>Fundaci\u00f3 Ag\u00e8ncia de Qualificaci\u00f3 de Professionals de l\u2019Enginyeria<\/em> y del <em>Tribunal Arbitral T\u00e8cnic de Catalunya<\/em>.<\/li>\n<\/ul>\n<p>Foment del Treball, el Col\u00b7legi d&#8217;Enginyers Industrials de Catalunya y la Associaci\u00f3 d&#8217;Enginyers Industrials de Catalunya inician un acuerdo de colaboraci\u00f3n con el objetivo de llevar a cabo actuaciones coordinadas para fomentar la formaci\u00f3n y la internacionalizaci\u00f3n de las empresas y los profesionales de la ingenier\u00eda. El convenio de colaboraci\u00f3n, que se ha firmado hoy en la sede de Foment del Treball en Barcelona, servir\u00e1 tambi\u00e9n para intercambiar informaci\u00f3n de las actividades de las tres organizaciones relacionadas con el emprendimiento, la internacionalizaci\u00f3n y, en general, las jornadas t\u00e9cnicas que sean de inter\u00e9s com\u00fan para los asociados de las entidades.<\/p>\n<p>El presidente de Foment del Treball, Joaquim Gay de Montell\u00e0, el Decano del Col\u00b7legi d&#8217;Enginyers Industrials de Catalunya, Jordi Guix, y el presidente de la Associaci\u00f3 d&#8217;Enginyers Industrials de Catalunya, Jordi Renom, se han comprometido, mediante este convenio a la:<\/p>\n<ul>\n<li>Promoci\u00f3n de iniciativas emprendedoras como Enginova o proyectos europeos.<\/li>\n<li>Promoci\u00f3n para la Fundaci\u00f3n Agencia de Calificaci\u00f3n de Profesionales de la Ingenier\u00eda como sistema de acreditaci\u00f3n de los profesionales.<\/li>\n<li>Promoci\u00f3n del Tribunal Arbitral T\u00e9cnico de Catalu\u00f1a de la Fundaci\u00f3n Privada Catalana para el Arbitraje T\u00e9cnico como sistema de resoluci\u00f3n de los conflictos.<\/li>\n<li>Promoci\u00f3n entre los respectivos col\u00b7lectivos de la firma electr\u00f3nica de Firmaprofesional, que otorga atributo profesional.<\/li>\n<\/ul>\n<p>[\/vc_column_text][\/vc_column][\/vc_row][vc_row][vc_column width=\u00bb1\/1&#8243;]<div class=\"spacer\" style=\"height: 20px;\"><\/div><div class=\"single_image wpb_content_element align-center    \" data-animation=\"none\" data-delay=\"0\"><img width=\"600\" height=\"400\" src=\"https:\/\/www.foment.com\/wp-content\/uploads\/2016\/02\/conveni-enginyers-2-600.jpg\" class=\"attachment-full\" alt=\"\" loading=\"lazy\" title=\"\u00a9 Foment del Treball\" srcset=\"https:\/\/www.foment.com\/wp-content\/uploads\/2016\/02\/conveni-enginyers-2-600.jpg 600w, https:\/\/www.foment.com\/wp-content\/uploads\/2016\/02\/conveni-enginyers-2-600-300x200.jpg 300w\" sizes=\"(max-width: 600px) 100vw, 600px\" \/><span class=\"single_image_caption\"> \u00a9 Foment del Treball<\/span><\/div>[\/vc_column][\/vc_row]<\/p>\n<\/section>","protected":false},"excerpt":{"rendered":"<p>[vc_row][vc_column width=\u00bb1\/1&#8243;][vc_column_text] El acuerdo incluye tambi\u00e9n la promoci\u00f3n de iniciativas emprendedoras como Enginova o proyectos europeos El convenio suscrito entre Foment, el Col\u00b7legi d&#8217;Enginyers Industrials de Catalunya y la Associaci\u00f3 d&#8217;Enginyers Industrials de Catalunya tiene tambi\u00e9n el prop\u00f3sito de promover la Fundaci\u00f3 Ag\u00e8ncia de Qualificaci\u00f3 de Professionals de l\u2019Enginyeria y del Tribunal Arbitral T\u00e8cnic de Catalunya. Foment del Treball, el Col\u00b7legi d&#8217;Enginyers Industrials de Catalunya y la Associaci\u00f3 d&#8217;Enginyers Industrials de Catalunya inician un acuerdo de colaboraci\u00f3n con el objetivo de llevar a cabo actuaciones coordinadas para fomentar la formaci\u00f3n y la internacionalizaci\u00f3n de las empresas y los profesionales de la ingenier\u00eda. El convenio de colaboraci\u00f3n, que se ha firmado hoy en la sede de Foment del Treball en Barcelona, servir\u00e1 tambi\u00e9n para intercambiar informaci\u00f3n de las actividades de las tres organizaciones relacionadas con el emprendimiento, la internacionalizaci\u00f3n y, en general, las jornadas t\u00e9cnicas que sean de inter\u00e9s com\u00fan para los asociados de las entidades. El presidente de Foment del Treball, Joaquim Gay de Montell\u00e0, el Decano del Col\u00b7legi d&#8217;Enginyers Industrials de Catalunya, Jordi Guix, y el presidente de la Associaci\u00f3 d&#8217;Enginyers Industrials de Catalunya, Jordi Renom, se han comprometido, mediante este convenio a la: Promoci\u00f3n de iniciativas emprendedoras como [&hellip;]<\/p>\n","protected":false},"author":24,"featured_media":18947,"comment_status":"closed","ping_status":"closed","sticky":false,"template":"","format":"standard","meta":{"_links_to":"","_links_to_target":""},"categories":[113,72],"tags":[],"acf":[],"wps_subtitle":"Convenio de colaboraci\u00f3n de las organizaciones de los ingenieros industriales (Colegio y Asociaci\u00f3n) con Foment del Treball","_links":{"self":[{"href":"https:\/\/www.foment.com\/es\/wp-json\/wp\/v2\/posts\/18853"}],"collection":[{"href":"https:\/\/www.foment.com\/es\/wp-json\/wp\/v2\/posts"}],"about":[{"href":"https:\/\/www.foment.com\/es\/wp-json\/wp\/v2\/types\/post"}],"author":[{"embeddable":true,"href":"https:\/\/www.foment.com\/es\/wp-json\/wp\/v2\/users\/24"}],"replies":[{"embeddable":true,"href":"https:\/\/www.foment.com\/es\/wp-json\/wp\/v2\/comments?post=18853"}],"version-history":[{"count":0,"href":"https:\/\/www.foment.com\/es\/wp-json\/wp\/v2\/posts\/18853\/revisions"}],"wp:featuredmedia":[{"embeddable":true,"href":"https:\/\/www.foment.com\/es\/wp-json\/wp\/v2\/media\/18947"}],"wp:attachment":[{"href":"https:\/\/www.foment.com\/es\/wp-json\/wp\/v2\/media?parent=18853"}],"wp:term":[{"taxonomy":"category","embeddable":true,"href":"https:\/\/www.foment.com\/es\/wp-json\/wp\/v2\/categories?post=18853"},{"taxonomy":"post_tag","embeddable":true,"href":"https:\/\/www.foment.com\/es\/wp-json\/wp\/v2\/tags?post=18853"}],"curies":[{"name":"wp","href":"https:\/\/api.w.org\/{rel}","templated":true}]}}