{"id":18904,"date":"2016-03-14T09:00:50","date_gmt":"2016-03-14T08:00:50","guid":{"rendered":"http:\/\/foment.itartech.com\/?p=18904"},"modified":"2016-09-05T11:43:59","modified_gmt":"2016-09-05T09:43:59","slug":"foment-colabora-la-asociacion-barcelona-salud-favor-una-ciudadania-cardioprotegida","status":"publish","type":"post","link":"https:\/\/www.foment.com\/es\/foment-colabora-la-asociacion-barcelona-salud-favor-una-ciudadania-cardioprotegida\/","title":{"rendered":"Foment colabora con la Asociaci\u00f3n Barcelona Salud a favor de una ciudadan\u00eda cardioprotegida"},"content":{"rendered":"<section class=\"wpb-content-wrapper\"><p>[vc_row][vc_column width=\u00bb1\/1&#8243;][vc_column_text]<\/p>\n<blockquote>\n<ul>\n<li><em>El presidente de Foment, Joaquim Gay de Montell\u00e0; y el presidente de la Asociaci\u00f3n Barcelona Salud, Josep Brugada, han rubricado el acuerdo\u00a0<\/em><\/li>\n<li><em>Foment integrar\u00e1 en el Consejo Econ\u00f3mico de ABS<\/em><\/li>\n<\/ul>\n<\/blockquote>\n<p>Foment del Treball y la Asociaci\u00f3n Barcelona Salud (ABS) inician un marco de colaboraci\u00f3n para promover los h\u00e1bitos de vida saludable y divulgar el mejor conocimiento sobre la salud, tambi\u00e9n en el entorno laboral, a favor de una ciudadan\u00eda cardiprotegida. El presidente de Foment, Joaquim Gay de Montell\u00e0; y el presidente de la Asociaci\u00f3n Barcelona Salud, Josep Brugada, han rubricado el acuerdo en virtud del cual Foment integrar\u00e1 tambi\u00e9n al Consejo Econ\u00f3mico de ABS.<\/p>\n<p>El presidente de la Asociaci\u00f3n Barcelona Salud y Jefe de la Secci\u00f3n de Arritmias del Hospital Pedi\u00e1trico de Sant Joan de D\u00e9u, Josep Brugada, pidi\u00f3 al mundo empresarial su implicaci\u00f3n para aumentar progresivamente los espacios cardioprotegidos el conjunto de Catalu\u00f1a.<\/p>\n<h3><strong>Asociaci\u00f3n Barcelona Salud<\/strong><\/h3>\n<p>La Asociaci\u00f3n Barcelona Salud es una instituci\u00f3n privada sin \u00e1nimo de lucro que tiene el objetivo de mejorar la educaci\u00f3n y la prevenci\u00f3n sanitaria. La promoci\u00f3n de los h\u00e1bitos saludables, el conocimiento de las Ciencias de la Salud y la investigaci\u00f3n son los tres pilares de esta entidad, que tiene el reto final de contribuir a la disminuci\u00f3n de la incidencia de las enfermedades m\u00e1s frecuentes la sociedad actual. De la mano de un grupo de profesionales m\u00e9dicos e investigadores de reconocido prestigio internacional, Barcelona Salud promociona y desarrolla proyectos innovadores encaminados a difundir el conocimiento de las Ciencias de la Salud, formar a la poblaci\u00f3n general y optimizar la utilizaci\u00f3n de los recursos disponibles.<\/p>\n<h3><strong>Foment del Treball<\/strong><\/h3>\n<p>Foment del Treball Nacional es la confederaci\u00f3n que representa desde 1771 a los empresarios y la potente industria catalana. Defender los intereses empresariales, promoviendo un entorno favorable para la actividad productiva en di\u00e1logo con los poderes p\u00fablicos y los representantes de la sociedad civil. La difusi\u00f3n de conocimiento y el intercambio de ideas consolidan a Foment como punto de referencia entre los profesionales de las principales empresas catalanas y, al mismo tiempo, le permite profundizar en el conocimiento de las necesidades y las din\u00e1micas del tejido empresarial catal\u00e1n. Foment cuenta con ciclos de seminarios tem\u00e1ticos, foros profesionales y jornadas y conferencias para promover el debate y el conocimiento en los c\u00edrculos empresariales.[\/vc_column_text][\/vc_column][\/vc_row]<\/p>\n<\/section>","protected":false},"excerpt":{"rendered":"<p>[vc_row][vc_column width=\u00bb1\/1&#8243;][vc_column_text] El presidente de Foment, Joaquim Gay de Montell\u00e0; y el presidente de la Asociaci\u00f3n Barcelona Salud, Josep Brugada, han rubricado el acuerdo\u00a0 Foment integrar\u00e1 en el Consejo Econ\u00f3mico de ABS Foment del Treball y la Asociaci\u00f3n Barcelona Salud (ABS) inician un marco de colaboraci\u00f3n para promover los h\u00e1bitos de vida saludable y divulgar el mejor conocimiento sobre la salud, tambi\u00e9n en el entorno laboral, a favor de una ciudadan\u00eda cardiprotegida. El presidente de Foment, Joaquim Gay de Montell\u00e0; y el presidente de la Asociaci\u00f3n Barcelona Salud, Josep Brugada, han rubricado el acuerdo en virtud del cual Foment integrar\u00e1 tambi\u00e9n al Consejo Econ\u00f3mico de ABS. El presidente de la Asociaci\u00f3n Barcelona Salud y Jefe de la Secci\u00f3n de Arritmias del Hospital Pedi\u00e1trico de Sant Joan de D\u00e9u, Josep Brugada, pidi\u00f3 al mundo empresarial su implicaci\u00f3n para aumentar progresivamente los espacios cardioprotegidos el conjunto de Catalu\u00f1a. Asociaci\u00f3n Barcelona Salud La Asociaci\u00f3n Barcelona Salud es una instituci\u00f3n privada sin \u00e1nimo de lucro que tiene el objetivo de mejorar la educaci\u00f3n y la prevenci\u00f3n sanitaria. La promoci\u00f3n de los h\u00e1bitos saludables, el conocimiento de las Ciencias de la Salud y la investigaci\u00f3n son los tres pilares de esta entidad, que tiene el [&hellip;]<\/p>\n","protected":false},"author":24,"featured_media":19006,"comment_status":"closed","ping_status":"closed","sticky":false,"template":"","format":"standard","meta":{"_links_to":"","_links_to_target":""},"categories":[68],"tags":[],"acf":[],"wps_subtitle":"\u200bLa Asociaci\u00f3n Barcelona Salud es una instituci\u00f3n privada sin \u00e1nimo de lucro que tiene el objetivo de mejorar la educaci\u00f3n y la prevenci\u00f3n sanitaria","_links":{"self":[{"href":"https:\/\/www.foment.com\/es\/wp-json\/wp\/v2\/posts\/18904"}],"collection":[{"href":"https:\/\/www.foment.com\/es\/wp-json\/wp\/v2\/posts"}],"about":[{"href":"https:\/\/www.foment.com\/es\/wp-json\/wp\/v2\/types\/post"}],"author":[{"embeddable":true,"href":"https:\/\/www.foment.com\/es\/wp-json\/wp\/v2\/users\/24"}],"replies":[{"embeddable":true,"href":"https:\/\/www.foment.com\/es\/wp-json\/wp\/v2\/comments?post=18904"}],"version-history":[{"count":0,"href":"https:\/\/www.foment.com\/es\/wp-json\/wp\/v2\/posts\/18904\/revisions"}],"wp:featuredmedia":[{"embeddable":true,"href":"https:\/\/www.foment.com\/es\/wp-json\/wp\/v2\/media\/19006"}],"wp:attachment":[{"href":"https:\/\/www.foment.com\/es\/wp-json\/wp\/v2\/media?parent=18904"}],"wp:term":[{"taxonomy":"category","embeddable":true,"href":"https:\/\/www.foment.com\/es\/wp-json\/wp\/v2\/categories?post=18904"},{"taxonomy":"post_tag","embeddable":true,"href":"https:\/\/www.foment.com\/es\/wp-json\/wp\/v2\/tags?post=18904"}],"curies":[{"name":"wp","href":"https:\/\/api.w.org\/{rel}","templated":true}]}}