{"id":189127,"date":"2024-09-03T09:00:20","date_gmt":"2024-09-03T07:00:20","guid":{"rendered":"https:\/\/www.foment.com\/?p=189127"},"modified":"2024-09-03T15:09:59","modified_gmt":"2024-09-03T13:09:59","slug":"la-desaceleracion-del-crecimiento-interanual-del-paro-es-preocupante-y-es-necesario-estar-atentos-a-proximas-reformas-normativas","status":"publish","type":"post","link":"https:\/\/www.foment.com\/es\/la-desaceleracion-del-crecimiento-interanual-del-paro-es-preocupante-y-es-necesario-estar-atentos-a-proximas-reformas-normativas\/","title":{"rendered":"La desaceleraci\u00f3n del crecimiento interanual del paro es preocupante y es necesario estar atentos a pr\u00f3ximas reformas normativas"},"content":{"rendered":"<ul>\n<li>Este mes de agosto de 2024, el paro ha registrado un incremento de 8.707 personas desempleadas respecto al mes anterior.<\/li>\n<\/ul>\n<p><strong>El n\u00famero de desempleados en Catalu\u00f1a ha aumentado en el mes de agosto en 8.707 personas<\/strong> (2,66%). En t\u00e9rminos interanuales, el paro registrado ha descendido en 2.882 personas (-0,85%). El n\u00famero de desempleados se sit\u00faa en 335.990.<\/p>\n<p>En cuanto a la contrataci\u00f3n, <strong>se han realizado menos contratos que el mes anterior<\/strong> (95.517 contratos menos), de los cuales el 40,80% (65.203 contratos) han sido de car\u00e1cter indefinido, y el resto (59,20%, es decir, 94.592 contratos) han sido temporales.<\/p>\n<p>Foment considera que, a pesar de que es cierto que se trata de un mes caracterizado por una p\u00e9rdida sustancial de empleo, <strong>los datos correspondientes al mes de agosto deben valorarse de forma negativa<\/strong>, dado que los datos de contrataci\u00f3n y afiliaci\u00f3n son especialmente negativos, y que, aunque el ritmo de crecimiento del empleo sigue siendo razonable, la desaceleraci\u00f3n del crecimiento interanual del empleo es relevante.<\/p>\n<p>En definitiva, los datos globales del mercado laboral son negativos y debemos estar atentos a la evoluci\u00f3n de los pr\u00f3ximos meses. La estabilidad institucional y las futuras reformas normativas tendr\u00e1n una incidencia clave en la toma de decisiones de las empresas en cuanto a inversiones y contrataciones.<\/p>\n<p><a href=\"https:\/\/www.foment.com\/wp-content\/uploads\/2024\/09\/aturus-1.png\"><img loading=\"lazy\" class=\"alignnone wp-image-189129 size-full\" src=\"https:\/\/www.foment.com\/wp-content\/uploads\/2024\/09\/aturus-1.png\" alt=\"\" width=\"2007\" height=\"885\" srcset=\"https:\/\/www.foment.com\/wp-content\/uploads\/2024\/09\/aturus-1.png 2007w, https:\/\/www.foment.com\/wp-content\/uploads\/2024\/09\/aturus-1-300x132.png 300w, https:\/\/www.foment.com\/wp-content\/uploads\/2024\/09\/aturus-1-1024x452.png 1024w, https:\/\/www.foment.com\/wp-content\/uploads\/2024\/09\/aturus-1-768x339.png 768w, https:\/\/www.foment.com\/wp-content\/uploads\/2024\/09\/aturus-1-1536x677.png 1536w\" sizes=\"(max-width: 2007px) 100vw, 2007px\" \/><\/a><\/p>\n<p style=\"text-align: center;\">Fuente: Elaboraci\u00f3n propia a partir de los datos del Ministerio de Trabajo y Econom\u00eda Social.<\/p>\n<p>&nbsp;<\/p>\n<p>La cifra de paro registrado en Catalu\u00f1a se sit\u00faa en 335.990 personas desempleadas.<\/p>\n<p>El descenso, <u>en t\u00e9rminos interanuales<\/u>, del paro registrado del -0,85% supone 2.882 personas menos desempleadas en relaci\u00f3n con el mismo mes del a\u00f1o anterior.<\/p>\n<p><a href=\"https:\/\/www.foment.com\/wp-content\/uploads\/2024\/09\/aturus-2.png\"><img loading=\"lazy\" class=\"alignnone wp-image-189132 size-full\" src=\"https:\/\/www.foment.com\/wp-content\/uploads\/2024\/09\/aturus-2.png\" alt=\"\" width=\"919\" height=\"442\" srcset=\"https:\/\/www.foment.com\/wp-content\/uploads\/2024\/09\/aturus-2.png 919w, https:\/\/www.foment.com\/wp-content\/uploads\/2024\/09\/aturus-2-300x144.png 300w, https:\/\/www.foment.com\/wp-content\/uploads\/2024\/09\/aturus-2-768x369.png 768w\" sizes=\"(max-width: 919px) 100vw, 919px\" \/><\/a><\/p>\n<p style=\"text-align: center;\">Fuente: Elaboraci\u00f3n propia a partir de los datos del Ministerio de Trabajo y Econom\u00eda Social.<\/p>\n<p>&nbsp;<\/p>\n<p>En cuanto a la <u>variaci\u00f3n mensual<\/u>, en Catalu\u00f1a, este mes de agosto de 2024 el paro ha registrado un incremento de 8.707 personas desempleadas respecto al mes anterior (un 2,66% en t\u00e9rminos relativos).<\/p>\n<p><a href=\"https:\/\/www.foment.com\/wp-content\/uploads\/2024\/09\/aturus-3.png\"><img loading=\"lazy\" class=\"alignnone wp-image-189135 size-full\" src=\"https:\/\/www.foment.com\/wp-content\/uploads\/2024\/09\/aturus-3.png\" alt=\"\" width=\"988\" height=\"447\" srcset=\"https:\/\/www.foment.com\/wp-content\/uploads\/2024\/09\/aturus-3.png 988w, https:\/\/www.foment.com\/wp-content\/uploads\/2024\/09\/aturus-3-300x136.png 300w, https:\/\/www.foment.com\/wp-content\/uploads\/2024\/09\/aturus-3-768x347.png 768w\" sizes=\"(max-width: 988px) 100vw, 988px\" \/><\/a><\/p>\n<p style=\"text-align: center;\">Fuente: Elaboraci\u00f3n propia a partir de los datos del Ministerio de Trabajo y Econom\u00eda Social.<\/p>\n<p>&nbsp;<\/p>\n<p>Por sectores, el paro aumenta en todos los sectores, excepto en personas sin ocupaci\u00f3n anterior que disminuye en 566 personas. En este sentido, en el sector de la agricultura el paro registrado aumenta en 5 personas, en la industria el paro se incrementa en 637 personas, en la construcci\u00f3n en 687 personas y en el sector servicios el n\u00famero de personas desempleadas se incrementa en 7.944 personas.<\/p>\n<p>Por provincias, el paro registrado mensualmente ha aumentado en todas las provincias. En este sentido, en Barcelona ha aumentado en 6.181 personas, en Girona en 910, en Lleida en 601 personas y en Tarragona ha subido en 1.015 personas. En t\u00e9rminos interanuales, el paro disminuye en un 0,77% en Barcelona, en un 1,50% en Girona, en un 1,90% en Lleida y en un 0,45% en Tarragona.<\/p>\n<p>El paro registrado en cada provincia se sit\u00faa este mes de agosto en 251.088 en Barcelona, 29.384 en Girona, 16.407 en Lleida y 39.111 en Tarragona.<\/p>\n<p><u>Contrataci\u00f3n<\/u>. En cuanto al n\u00famero de contratos registrados este mes, se sit\u00faan en 159.795 contratos, de los cuales el 40,80% (65.203 contratos) han sido de car\u00e1cter indefinido, y el resto (59,20%, es decir, 94.592 contratos) han sido temporales. El n\u00famero de contratos registrados en Catalu\u00f1a se reduce en un 37,41% respecto al mes anterior (95.517 contratos menos) y en un 4,66% respecto al mes de agosto de 2023 (7.805 contratos menos).<\/p>\n<p><u>A nivel estatal<\/u> el paro registrado ha aumentado en 21.884 personas en relaci\u00f3n al mes anterior (0,86%). La cifra de paro a nivel estatal se sit\u00faa en el mes de agosto de 2024 en 2.572.121 personas (-4,83% en t\u00e9rminos anuales).<\/p>\n<p><u>Afiliaci\u00f3n.<\/u> En Catalu\u00f1a, el n\u00famero de afiliados a la Seguridad Social se ha situado el mes de agosto de 2024 en 3.771.723 ocupados, lo que supone 64.353 ocupados menos respecto al mes de julio (-1,68%) y 78.327 ocupados m\u00e1s respecto al mismo mes del a\u00f1o anterior (2,12%).<\/p>\n<p><a href=\"https:\/\/www.foment.com\/wp-content\/uploads\/2024\/09\/aturus-4.png\"><img loading=\"lazy\" class=\"alignnone wp-image-189138 size-full\" src=\"https:\/\/www.foment.com\/wp-content\/uploads\/2024\/09\/aturus-4.png\" alt=\"\" width=\"1677\" height=\"929\" srcset=\"https:\/\/www.foment.com\/wp-content\/uploads\/2024\/09\/aturus-4.png 1677w, https:\/\/www.foment.com\/wp-content\/uploads\/2024\/09\/aturus-4-300x166.png 300w, https:\/\/www.foment.com\/wp-content\/uploads\/2024\/09\/aturus-4-1024x567.png 1024w, https:\/\/www.foment.com\/wp-content\/uploads\/2024\/09\/aturus-4-768x425.png 768w, https:\/\/www.foment.com\/wp-content\/uploads\/2024\/09\/aturus-4-1536x851.png 1536w\" sizes=\"(max-width: 1677px) 100vw, 1677px\" \/><\/a><\/p>\n<p style=\"text-align: center;\">Fuente: Elaboraci\u00f3n propia a partir de los datos del Ministerio de Trabajo y Econom\u00eda Social.<\/p>\n<p>&nbsp;<\/p>\n<p><u>A nivel estatal<\/u> el n\u00famero de afiliados a la Seguridad Social se ha situado en el mes de agosto en 21.189.402, lo que supone un descenso de 193.704 ocupados (-0,91%) respecto al mes de julio y 482.902 ocupados m\u00e1s respecto al mismo mes del a\u00f1o anterior (2,33%).<\/p>\n","protected":false},"excerpt":{"rendered":"<p>Este mes de agosto de 2024, el paro ha registrado un incremento de 8.707 personas desempleadas respecto al mes anterior. El n\u00famero de desempleados en Catalu\u00f1a ha aumentado en el mes de agosto en 8.707 personas (2,66%). En t\u00e9rminos interanuales, el paro registrado ha descendido en 2.882 personas (-0,85%). El n\u00famero de desempleados se sit\u00faa en 335.990. En cuanto a la contrataci\u00f3n, se han realizado menos contratos que el mes anterior (95.517 contratos menos), de los cuales el 40,80% (65.203 contratos) han sido de car\u00e1cter indefinido, y el resto (59,20%, es decir, 94.592 contratos) han sido temporales. Foment considera que, a pesar de que es cierto que se trata de un mes caracterizado por una p\u00e9rdida sustancial de empleo, los datos correspondientes al mes de agosto deben valorarse de forma negativa, dado que los datos de contrataci\u00f3n y afiliaci\u00f3n son especialmente negativos, y que, aunque el ritmo de crecimiento del empleo sigue siendo razonable, la desaceleraci\u00f3n del crecimiento interanual del empleo es relevante. En definitiva, los datos globales del mercado laboral son negativos y debemos estar atentos a la evoluci\u00f3n de los pr\u00f3ximos meses. La estabilidad institucional y las futuras reformas normativas tendr\u00e1n una incidencia clave en la toma de [&hellip;]<\/p>\n","protected":false},"author":281,"featured_media":189123,"comment_status":"closed","ping_status":"closed","sticky":false,"template":"","format":"standard","meta":{"_links_to":"","_links_to_target":""},"categories":[114,69,5714],"tags":[303],"acf":[],"wps_subtitle":"","_links":{"self":[{"href":"https:\/\/www.foment.com\/es\/wp-json\/wp\/v2\/posts\/189127"}],"collection":[{"href":"https:\/\/www.foment.com\/es\/wp-json\/wp\/v2\/posts"}],"about":[{"href":"https:\/\/www.foment.com\/es\/wp-json\/wp\/v2\/types\/post"}],"author":[{"embeddable":true,"href":"https:\/\/www.foment.com\/es\/wp-json\/wp\/v2\/users\/281"}],"replies":[{"embeddable":true,"href":"https:\/\/www.foment.com\/es\/wp-json\/wp\/v2\/comments?post=189127"}],"version-history":[{"count":2,"href":"https:\/\/www.foment.com\/es\/wp-json\/wp\/v2\/posts\/189127\/revisions"}],"predecessor-version":[{"id":189141,"href":"https:\/\/www.foment.com\/es\/wp-json\/wp\/v2\/posts\/189127\/revisions\/189141"}],"wp:featuredmedia":[{"embeddable":true,"href":"https:\/\/www.foment.com\/es\/wp-json\/wp\/v2\/media\/189123"}],"wp:attachment":[{"href":"https:\/\/www.foment.com\/es\/wp-json\/wp\/v2\/media?parent=189127"}],"wp:term":[{"taxonomy":"category","embeddable":true,"href":"https:\/\/www.foment.com\/es\/wp-json\/wp\/v2\/categories?post=189127"},{"taxonomy":"post_tag","embeddable":true,"href":"https:\/\/www.foment.com\/es\/wp-json\/wp\/v2\/tags?post=189127"}],"curies":[{"name":"wp","href":"https:\/\/api.w.org\/{rel}","templated":true}]}}