{"id":189353,"date":"2024-09-17T13:56:01","date_gmt":"2024-09-17T11:56:01","guid":{"rendered":"https:\/\/www.foment.com\/?p=189353"},"modified":"2024-09-19T13:56:37","modified_gmt":"2024-09-19T11:56:37","slug":"jornada-de-prl-los-planes-de-igualdad-y-la-diversidad-generacional-desde-la-perspectiva-de-la-seguridad-y-salud-y-el-bienestar","status":"publish","type":"post","link":"https:\/\/www.foment.com\/es\/jornada-de-prl-los-planes-de-igualdad-y-la-diversidad-generacional-desde-la-perspectiva-de-la-seguridad-y-salud-y-el-bienestar\/","title":{"rendered":"Jornada de PRL. Los planes de igualdad y la diversidad generacional desde la perspectiva de la seguridad y salud y el bienestar"},"content":{"rendered":"<section class=\"wpb-content-wrapper\"><p>[vc_row][vc_column][vc_single_image image=\u00bb180397&#8243; img_size=\u00bblarge\u00bb alignment=\u00bbcenter\u00bb][vc_column_text]<\/p>\n<p style=\"text-align: justify;\">La gesti\u00f3n de la diversidad implica un conjunto de medidas destinadas a garantizar la inclusi\u00f3n y la igualdad de oportunidades de las personas en las empresas. Se trata de un proceso complejo tanto en el plano legal como en su aplicaci\u00f3n dado su alcance (diversidad funcional, de g\u00e9nero, sexual, cultural, \u00e9tnica, religiosa, generacional\u2026).<\/p>\n<p style=\"text-align: justify;\">Esta jornada, se centr\u00f3 en el abordaje de la diversidad de g\u00e9nero (planes de igualdad) y la diversidad generacional desde la perspectiva de la seguridad y salud y el bienestar, abordando entre otros aspectos: \u00bfCu\u00e1l es la situaci\u00f3n actual de los planes de igualdad? \u00bfQu\u00e9 barreras podemos encontrar en su implementaci\u00f3n? \u00bfC\u00f3mo pueden las empresas afrontar el envejecimiento de sus trabajadores? \u00bfC\u00f3mo implementar un programa de empresa saludable?.<\/p>\n<p>[\/vc_column_text][\/vc_column][\/vc_row][vc_row top_padding=\u00bb20&#8243;][vc_column width=\u00bb1\/1&#8243;][vc_column_text]<\/p>\n<h1><span style=\"color: #d2112d;\">V\u00eddeo de la jornada<\/span><\/h1>\n<p>[\/vc_column_text][vc_video link=\u00bbhttps:\/\/youtu.be\/0AGkHsiAaE4&#8243; align=\u00bbcenter\u00bb][\/vc_column][\/vc_row][vc_row top_padding=\u00bb40&#8243;][vc_column width=\u00bb1\/1&#8243;][vc_column_text]<\/p>\n<h1><span style=\"color: #d2112d;\">Documentaci\u00f3n de la jornada<\/span><\/h1>\n<p>[\/vc_column_text][\/vc_column][\/vc_row][vc_row top_padding=\u00bb20&#8243;][vc_column width=\u00bb1\/3&#8243;][vc_column_text]<\/p>\n<h3>Programa<\/h3>\n<p>Los planes de igualdad y la diversidad generacional desde la perspectiva de la SSL y el bienestar[\/vc_column_text]<a href=\"https:\/\/fomentdeltreball.sharepoint.com\/:b:\/g\/EfuXrMQ8EQ9Pib4JhAxKVDkBKVd6FgF-DPt_mwgYJReU7g?e=xrMmtR\" target=\"_self\" class=\"button color-2 medium \" style=\"border-radius: 2px;\">Descargar<\/a>[\/vc_column][vc_column width=\u00bb1\/3&#8243;][vc_column_text]<\/p>\n<h3>Ponencia<\/h3>\n<p>Sr. Fernando Minaya<br \/>\nAsesor\u00eda jur\u00eddica y prevenci\u00f3n (AJP)<br \/>\n[\/vc_column_text]<a href=\"https:\/\/www.foment.com\/wp-content\/uploads\/2024\/09\/PonenciaPRL_igualdad1.pdf\" target=\"_self\" class=\"button color-2 medium \" style=\"border-radius: 2px;\">Descargar<\/a>[\/vc_column][vc_column width=\u00bb1\/3&#8243;][vc_column_text]<\/p>\n<h3>Ponencia<\/h3>\n<p>Sra. Laura Montserrat<br \/>\nInspectora de Trabajo en Barcelona[\/vc_column_text]<a href=\"https:\/\/www.foment.com\/wp-content\/uploads\/2024\/09\/PonenciaPRL_igualdad2.pdf\" target=\"_self\" class=\"button color-2 medium \" style=\"border-radius: 2px;\">Descargar<\/a>[\/vc_column][\/vc_row][vc_row top_padding=\u00bb20&#8243;][vc_column width=\u00bb1\/3&#8243;][vc_column_text]<\/p>\n<h3>Ponencia<\/h3>\n<p>Sra. Maribel Valenzuela<br \/>\nInstitut Catal\u00e0 de Seguretat i Salut Laboral[\/vc_column_text]<a href=\"https:\/\/www.foment.com\/wp-content\/uploads\/2024\/09\/PonenciaPRL_igualdad3.pdf\" target=\"_self\" class=\"button color-2 medium \" style=\"border-radius: 2px;\">Descargar<\/a>[\/vc_column][vc_column width=\u00bb1\/3&#8243;][vc_column_text]<\/p>\n<h3>Ponencia<\/h3>\n<p>Sr. Daniel Orta<br \/>\nKnauf Ib\u00e9rica[\/vc_column_text]<a href=\"https:\/\/www.foment.com\/wp-content\/uploads\/2024\/09\/PonenciaPRL_igualdad4.pdf\" target=\"_self\" class=\"button color-2 medium \" style=\"border-radius: 2px;\">Descargar<\/a>[\/vc_column][vc_column width=\u00bb1\/3&#8243;][vc_column_text]<\/p>\n<h3>Ponencia<\/h3>\n<p>Sr. Francisco Guti\u00e9rrez<br \/>\nESEPE SL<br \/>\n[\/vc_column_text]<a href=\"https:\/\/www.foment.com\/wp-content\/uploads\/2024\/09\/PonenciaPRL_igualdad5.pdf\" target=\"_self\" class=\"button color-2 medium \" style=\"border-radius: 2px;\">Descargar<\/a>[\/vc_column][\/vc_row][vc_row top_padding=\u00bb20&#8243;][vc_column width=\u00bb1\/3&#8243;][vc_column_text]<\/p>\n<h3>Ponencia<\/h3>\n<p>Sra. Silvia Hern\u00e1ndez<br \/>\nEY[\/vc_column_text]<a href=\"https:\/\/www.foment.com\/wp-content\/uploads\/2024\/09\/PonenciaPRL_igualdad6.pdf\" target=\"_self\" class=\"button color-2 medium \" style=\"border-radius: 2px;\">Descargar<\/a>[\/vc_column][vc_column width=\u00bb1\/3&#8243;][vc_column_text]<\/p>\n<h3>Ponencia<\/h3>\n<p>Sra. Patricia Elgoibar<br \/>\nUniversidad de Barcelona[\/vc_column_text]<a href=\"https:\/\/www.foment.com\/wp-content\/uploads\/2024\/09\/PonenciaPRL_igualdad7.pdf\" target=\"_self\" class=\"button color-2 medium \" style=\"border-radius: 2px;\">Descargar<\/a>[\/vc_column][vc_column width=\u00bb1\/3&#8243;][vc_column_text]<\/p>\n<h3>Ponencia<\/h3>\n<p>Sr. Javier D\u00edaz<br \/>\nQuironprevenci\u00f3n<br \/>\n[\/vc_column_text]<a href=\"https:\/\/www.foment.com\/wp-content\/uploads\/2024\/09\/PonenciaPRL_igualdad8.pdf\" target=\"_self\" class=\"button color-2 medium \" style=\"border-radius: 2px;\">Descargar<\/a>[\/vc_column][\/vc_row][vc_row top_padding=\u00bb40&#8243;][vc_column width=\u00bb1\/1&#8243;][vc_column_text]<\/p>\n<h1><span style=\"color: #d2112d;\">Documentaci\u00f3n relacionada<\/span><\/h1>\n<p>[\/vc_column_text][\/vc_column][\/vc_row][vc_row top_padding=\u00bb20&#8243;][vc_column width=\u00bb2\/3&#8243;][vc_column_text]<\/p>\n<h3>Pictogramas en seguridad y salud laboral<\/h3>\n<p style=\"text-align: justify;\">El Departamento de Empresa y Trabajo y el Departamento de Igualdad y Feminismos han elaborado una nueva propuesta de se\u00f1alizaci\u00f3n de seguridad y salud en el trabajo para hacerla m\u00e1s inclusiva. Concretamente, se han revisado y redise\u00f1ado 21 pictogramas para evitar cualquier forma de discriminaci\u00f3n, especialmente por motivos de sexo o g\u00e9nero, orientaci\u00f3n o identidad sexual y aspecto f\u00edsico.<\/p>\n<p>[\/vc_column_text][\/vc_column][vc_column text_align=\u00bbcenter\u00bb width=\u00bb1\/3&#8243;][vc_single_image image=\u00bb189358&#8243; alignment=\u00bbcenter\u00bb]<a href=\"https:\/\/treball.gencat.cat\/ca\/ambits\/seguretat_i_salut_laboral\/promocio_i_campanyes\/sensibilitzacio\/senyalitzacio-inclusiva\/\" target=\"_self\" class=\"button color-2 medium \" style=\"border-radius: 2px;\">Descargar<\/a>[\/vc_column][\/vc_row][vc_row top_padding=\u00bb60&#8243;][vc_column width=\u00bb2\/3&#8243;][vc_column_text]<\/p>\n<h3>Ideas Clave<\/h3>\n<p style=\"text-align: justify;\">Esta infograf\u00eda es una representaci\u00f3n visual que resume las principales ideas y conceptos expuestos durante el transcurso de la jornada. El contenido del documento ofrece una s\u00edntesis del contenido presentado, destacando las 10 ideas m\u00e1s relevantes y destilando la informaci\u00f3n clave para conseguir una comprensi\u00f3n r\u00e1pida y efectiva de los temas tratados durante el acto.<\/p>\n<p>[\/vc_column_text][\/vc_column][vc_column text_align=\u00bbcenter\u00bb width=\u00bb1\/3&#8243;][vc_single_image image=\u00bb189834&#8243; alignment=\u00bbcenter\u00bb]<a href=\"https:\/\/www.foment.com\/wp-content\/uploads\/2024\/09\/Ideasclave_17_09_24_ESP.pdf\" target=\"_self\" class=\"button color-2 medium \" style=\"border-radius: 2px;\">Descargar<\/a>[\/vc_column][\/vc_row]<\/p>\n<\/section>","protected":false},"excerpt":{"rendered":"<p>[vc_row][vc_column][vc_single_image image=\u00bb180397&#8243; img_size=\u00bblarge\u00bb alignment=\u00bbcenter\u00bb][vc_column_text] La gesti\u00f3n de la diversidad implica un conjunto de medidas destinadas a garantizar la inclusi\u00f3n y la igualdad de oportunidades de las personas en las empresas. Se trata de un proceso complejo tanto en el plano legal como en su aplicaci\u00f3n dado su alcance (diversidad funcional, de g\u00e9nero, sexual, cultural, \u00e9tnica, religiosa, generacional\u2026). Esta jornada, se centr\u00f3 en el abordaje de la diversidad de g\u00e9nero (planes de igualdad) y la diversidad generacional desde la perspectiva de la seguridad y salud y el bienestar, abordando entre otros aspectos: \u00bfCu\u00e1l es la situaci\u00f3n actual de los planes de igualdad? \u00bfQu\u00e9 barreras podemos encontrar en su implementaci\u00f3n? \u00bfC\u00f3mo pueden las empresas afrontar el envejecimiento de sus trabajadores? \u00bfC\u00f3mo implementar un programa de empresa saludable?. [\/vc_column_text][\/vc_column][\/vc_row][vc_row top_padding=\u00bb20&#8243;][vc_column width=\u00bb1\/1&#8243;][vc_column_text] V\u00eddeo de la jornada [\/vc_column_text][vc_video link=\u00bbhttps:\/\/youtu.be\/0AGkHsiAaE4&#8243; align=\u00bbcenter\u00bb][\/vc_column][\/vc_row][vc_row top_padding=\u00bb40&#8243;][vc_column width=\u00bb1\/1&#8243;][vc_column_text] Documentaci\u00f3n de la jornada [\/vc_column_text][\/vc_column][\/vc_row][vc_row top_padding=\u00bb20&#8243;][vc_column width=\u00bb1\/3&#8243;][vc_column_text] Programa Los planes de igualdad y la diversidad generacional desde la perspectiva de la SSL y el bienestar[\/vc_column_text][\/vc_column][vc_column width=\u00bb1\/3&#8243;][vc_column_text] Ponencia Sr. Fernando Minaya Asesor\u00eda jur\u00eddica y prevenci\u00f3n (AJP) [\/vc_column_text][\/vc_column][vc_column width=\u00bb1\/3&#8243;][vc_column_text] Ponencia Sra. Laura Montserrat Inspectora de Trabajo en Barcelona[\/vc_column_text][\/vc_column][\/vc_row][vc_row top_padding=\u00bb20&#8243;][vc_column width=\u00bb1\/3&#8243;][vc_column_text] Ponencia Sra. Maribel Valenzuela Institut Catal\u00e0 de Seguretat i Salut Laboral[\/vc_column_text][\/vc_column][vc_column width=\u00bb1\/3&#8243;][vc_column_text] Ponencia Sr. Daniel [&hellip;]<\/p>\n","protected":false},"author":15,"featured_media":187052,"comment_status":"closed","ping_status":"closed","sticky":false,"template":"","format":"standard","meta":{"_links_to":"","_links_to_target":""},"categories":[6578,216],"tags":[985,417,1497],"acf":[],"wps_subtitle":"<strong>Actividad realizada en el marco del proyecto acciones de promoci\u00f3n de la mejora de las condiciones de seguridad y salud laboral del tejido empresarial catal\u00e1n, especialmente en las peque\u00f1as y medianas empresas<\/strong>","_links":{"self":[{"href":"https:\/\/www.foment.com\/es\/wp-json\/wp\/v2\/posts\/189353"}],"collection":[{"href":"https:\/\/www.foment.com\/es\/wp-json\/wp\/v2\/posts"}],"about":[{"href":"https:\/\/www.foment.com\/es\/wp-json\/wp\/v2\/types\/post"}],"author":[{"embeddable":true,"href":"https:\/\/www.foment.com\/es\/wp-json\/wp\/v2\/users\/15"}],"replies":[{"embeddable":true,"href":"https:\/\/www.foment.com\/es\/wp-json\/wp\/v2\/comments?post=189353"}],"version-history":[{"count":10,"href":"https:\/\/www.foment.com\/es\/wp-json\/wp\/v2\/posts\/189353\/revisions"}],"predecessor-version":[{"id":189848,"href":"https:\/\/www.foment.com\/es\/wp-json\/wp\/v2\/posts\/189353\/revisions\/189848"}],"wp:featuredmedia":[{"embeddable":true,"href":"https:\/\/www.foment.com\/es\/wp-json\/wp\/v2\/media\/187052"}],"wp:attachment":[{"href":"https:\/\/www.foment.com\/es\/wp-json\/wp\/v2\/media?parent=189353"}],"wp:term":[{"taxonomy":"category","embeddable":true,"href":"https:\/\/www.foment.com\/es\/wp-json\/wp\/v2\/categories?post=189353"},{"taxonomy":"post_tag","embeddable":true,"href":"https:\/\/www.foment.com\/es\/wp-json\/wp\/v2\/tags?post=189353"}],"curies":[{"name":"wp","href":"https:\/\/api.w.org\/{rel}","templated":true}]}}