{"id":189421,"date":"2024-09-11T20:41:26","date_gmt":"2024-09-11T18:41:26","guid":{"rendered":"https:\/\/www.foment.com\/?p=189421"},"modified":"2024-09-11T20:41:26","modified_gmt":"2024-09-11T18:41:26","slug":"una-quarantena-de-docents-de-secundaria-i-formacio-professional-participen-del-escola-dempresa-de-la-fundacio-uea","status":"publish","type":"post","link":"https:\/\/www.foment.com\/es\/una-quarantena-de-docents-de-secundaria-i-formacio-professional-participen-del-escola-dempresa-de-la-fundacio-uea\/","title":{"rendered":"Una quarantena de docents de secund\u00e0ria i formaci\u00f3 professional participen del \u201cEscola d\u2019Empresa\u201d de la Fundaci\u00f3 UEA"},"content":{"rendered":"<p><span data-contrast=\"auto\">Con\u00e8ixer la realitat empresarial, el context industrial, les empreses, les sortides professionals, les necessitats de personal i entaular un debat enriquidor entre docents i empreses va ser l\u2019objectiu de la 1a edici\u00f3 de \u201cEscola d\u2019Empresa\u201d de la Fundaci\u00f3 UEA.<\/span><span data-ccp-props=\"{&quot;201341983&quot;:0,&quot;335551550&quot;:6,&quot;335551620&quot;:6,&quot;335559739&quot;:160,&quot;335559740&quot;:259}\">\u00a0<\/span><\/p>\n<p><span data-contrast=\"auto\">Aquest 5 de setembre l\u2019entitat acollia una quarantena de professors i professores de secund\u00e0ria i formaci\u00f3 professional d\u2019Igualada i comarca en el que va ser la primera jornada de formaci\u00f3 de formadors.<\/span><span data-ccp-props=\"{&quot;201341983&quot;:0,&quot;335551550&quot;:6,&quot;335551620&quot;:6,&quot;335559739&quot;:160,&quot;335559740&quot;:259}\">\u00a0<\/span><\/p>\n<p><span data-contrast=\"auto\">La jornada va comptar amb una primera intervenci\u00f3 per part de la coordinadora de la Fundaci\u00f3, Anna Marsal, qui va traslladar als assistents una radiografia del context empresarial i industrial del territori, amb dades i necessitats concretes. Va seguir una taula rodona que va comptar amb la participaci\u00f3 de M\u00edriam Pujol, consellera delegada de Calaf Grup, N\u00e9stor Ram\u00edrez, gerent de ABC Global Solutions i Blai Paco, Director Desenvolupament de Negoci d\u2019Oreka IT. Van compartir la seva experi\u00e8ncia i opini\u00f3 al voltant del dia a dia de l\u2019empresa, les oportunitats laborals, les pr\u00e0ctiques i l\u2019inter\u00e8s en els joves de la comarca, i es va completar amb un interessant debat amb la participaci\u00f3 dels i les docents assistents.<\/span><span data-ccp-props=\"{&quot;201341983&quot;:0,&quot;335551550&quot;:6,&quot;335551620&quot;:6,&quot;335559739&quot;:160,&quot;335559740&quot;:259}\">\u00a0<\/span><\/p>\n<p><span data-contrast=\"auto\">La darrera part de la jornada va consistir en una visita a empresa. Es van fer quatre grups entre el professorat i es van visitar les empreses Stikets, Punto Blanco, Transports Bernadet i ABC Global Solutions, una manera pr\u00e0ctica, propera i din\u00e0mica de con\u00e8ixer realment el dia a dia empresarial, els seus processos, productes i serveis, i la diversitat de perfils professionals que hi treballen.<\/span><span data-ccp-props=\"{&quot;201341983&quot;:0,&quot;335551550&quot;:6,&quot;335551620&quot;:6,&quot;335559739&quot;:160,&quot;335559740&quot;:259}\">\u00a0<\/span><\/p>\n<p><span data-contrast=\"auto\">Amb aquesta iniciativa la Fundaci\u00f3 UEA obre una altra porta de col\u00b7laboraci\u00f3 i implicaci\u00f3 amb els centres formatius de la comarca en aquesta voluntat d\u2019apropar escola i empresa i facilitar el coneixement de la realitat de la comarca per tal que els joves, i en aquest cas els seus orientadors, puguin tenir major coneixement a l\u2019hora de valorar i decidir \u201cqu\u00e8 estudiar\u201d o \u201cen quines feines podria imaginar-me en un futur\u201d.<\/span><span data-ccp-props=\"{&quot;201341983&quot;:0,&quot;335551550&quot;:6,&quot;335551620&quot;:6,&quot;335559739&quot;:160,&quot;335559740&quot;:259}\">\u00a0<\/span><\/p>\n<p><span data-contrast=\"auto\">Els i les docents participants a la sessi\u00f3 van celebrar la iniciativa valorant molt positivament aquesta obertura del teixit empresarial, la proximitat i la bona voluntat aix\u00ed com els coneixements compartits i les inquietuds i dubtes que els mateixos empresaris els van traslladar. Van trobar-lo un un intercanvi de parers molt positiu que fa molt m\u00e9s planer, proper i senzill el contacte per futures pr\u00e0ctiques i possibles vinculacions dels alumnes amb les empreses.\u00a0<\/span><span data-ccp-props=\"{&quot;201341983&quot;:0,&quot;335551550&quot;:6,&quot;335551620&quot;:6,&quot;335559739&quot;:160,&quot;335559740&quot;:259}\">\u00a0<\/span><\/p>\n<p><span data-contrast=\"auto\">La primera edici\u00f3 de \u201cEscola d\u2019Empresa\u201d donava el tret de sortida a un nou curs escolar en qu\u00e8 la Fundaci\u00f3 UEA t\u00e9 a punt d\u2019arrencar el Professions de Futur amb moltes accions i propostes per a les escoles, i el RMOU, per a aprofitament de material d\u2019empresa per als centres educatius. Totes les accions estan obertes a la participaci\u00f3 de centres educatius i empreses.<\/span><span data-ccp-props=\"{&quot;201341983&quot;:0,&quot;335551550&quot;:6,&quot;335551620&quot;:6,&quot;335559739&quot;:160,&quot;335559740&quot;:259}\">\u00a0<\/span><\/p>\n<p><span data-contrast=\"auto\">La Fundaci\u00f3 UEA vol agrair la participaci\u00f3 de les diferents empreses en aquesta acci\u00f3 aix\u00ed com als centres formatius, amb qui comparteixen aquesta voluntat de sumar pel futur de la comarca, els seus joves i les seves empreses.<\/span><\/p>\n","protected":false},"excerpt":{"rendered":"<p>Con\u00e8ixer la realitat empresarial, el context industrial, les empreses, les sortides professionals, les necessitats de personal i entaular un debat enriquidor entre docents i empreses va ser l\u2019objectiu de la 1a edici\u00f3 de \u201cEscola d\u2019Empresa\u201d de la Fundaci\u00f3 UEA.\u00a0 Aquest 5 de setembre l\u2019entitat acollia una quarantena de professors i professores de secund\u00e0ria i formaci\u00f3 professional d\u2019Igualada i comarca en el que va ser la primera jornada de formaci\u00f3 de formadors.\u00a0 La jornada va comptar amb una primera intervenci\u00f3 per part de la coordinadora de la Fundaci\u00f3, Anna Marsal, qui va traslladar als assistents una radiografia del context empresarial i industrial del territori, amb dades i necessitats concretes. Va seguir una taula rodona que va comptar amb la participaci\u00f3 de M\u00edriam Pujol, consellera delegada de Calaf Grup, N\u00e9stor Ram\u00edrez, gerent de ABC Global Solutions i Blai Paco, Director Desenvolupament de Negoci d\u2019Oreka IT. Van compartir la seva experi\u00e8ncia i opini\u00f3 al voltant del dia a dia de l\u2019empresa, les oportunitats laborals, les pr\u00e0ctiques i l\u2019inter\u00e8s en els joves de la comarca, i es va completar amb un interessant debat amb la participaci\u00f3 dels i les docents assistents.\u00a0 La darrera part de la jornada va consistir en una visita a empresa. [&hellip;]<\/p>\n","protected":false},"author":281,"featured_media":189419,"comment_status":"closed","ping_status":"closed","sticky":false,"template":"","format":"standard","meta":{"_links_to":"","_links_to_target":""},"categories":[8407],"tags":[],"acf":[],"wps_subtitle":"","_links":{"self":[{"href":"https:\/\/www.foment.com\/es\/wp-json\/wp\/v2\/posts\/189421"}],"collection":[{"href":"https:\/\/www.foment.com\/es\/wp-json\/wp\/v2\/posts"}],"about":[{"href":"https:\/\/www.foment.com\/es\/wp-json\/wp\/v2\/types\/post"}],"author":[{"embeddable":true,"href":"https:\/\/www.foment.com\/es\/wp-json\/wp\/v2\/users\/281"}],"replies":[{"embeddable":true,"href":"https:\/\/www.foment.com\/es\/wp-json\/wp\/v2\/comments?post=189421"}],"version-history":[{"count":1,"href":"https:\/\/www.foment.com\/es\/wp-json\/wp\/v2\/posts\/189421\/revisions"}],"predecessor-version":[{"id":189422,"href":"https:\/\/www.foment.com\/es\/wp-json\/wp\/v2\/posts\/189421\/revisions\/189422"}],"wp:featuredmedia":[{"embeddable":true,"href":"https:\/\/www.foment.com\/es\/wp-json\/wp\/v2\/media\/189419"}],"wp:attachment":[{"href":"https:\/\/www.foment.com\/es\/wp-json\/wp\/v2\/media?parent=189421"}],"wp:term":[{"taxonomy":"category","embeddable":true,"href":"https:\/\/www.foment.com\/es\/wp-json\/wp\/v2\/categories?post=189421"},{"taxonomy":"post_tag","embeddable":true,"href":"https:\/\/www.foment.com\/es\/wp-json\/wp\/v2\/tags?post=189421"}],"curies":[{"name":"wp","href":"https:\/\/api.w.org\/{rel}","templated":true}]}}