{"id":189936,"date":"2024-09-27T13:00:21","date_gmt":"2024-09-27T11:00:21","guid":{"rendered":"https:\/\/www.foment.com\/?p=189936"},"modified":"2024-10-17T10:09:49","modified_gmt":"2024-10-17T08:09:49","slug":"prevencion-de-la-exposicion-a-humos-de-motores-diesel-y-a-aceites-de-motor-usados","status":"publish","type":"post","link":"https:\/\/www.foment.com\/es\/prevencion-de-la-exposicion-a-humos-de-motores-diesel-y-a-aceites-de-motor-usados\/","title":{"rendered":"Prevenci\u00f3n de la exposici\u00f3n a humos de motores di\u00e9sel y a aceites de motor usados"},"content":{"rendered":"<section class=\"wpb-content-wrapper\"><p>[vc_row][vc_column][vc_single_image image=\u00bb190188&#8243; img_size=\u00bbfull\u00bb alignment=\u00bbcenter\u00bb][vc_column_text]<\/p>\n<p style=\"text-align: justify;\">La modificaci\u00f3n del Real Decreto 665\/1997, de 12 de mayo, sobre la protecci\u00f3n de los trabajadores contra los riesgos relacionados con la exposici\u00f3n a agentes cancer\u00edgenos durante el trabajo, ha tenido y tendr\u00e1 un impacto significativo en los talleres de reparaci\u00f3n de veh\u00edculos.<\/p>\n<p style=\"text-align: justify;\">Este impacto se debe principalmente al riesgo potencial de contacto con aceites minerales utilizados en los motores de combusti\u00f3n interna, especialmente durante operaciones mec\u00e1nicas como el cambio de filtros, el reemplazo de aceite y las reparaciones en motores. Adem\u00e1s de la presencia, en determinadas \u00e1reas del taller, de emisiones de motores di\u00e9sel, dado el establecimiento de un valor l\u00edmite de exposici\u00f3n a humos di\u00e9sel.<\/p>\n<p style=\"text-align: justify;\">Ante tales circunstancias, Foment del Treball en colaboraci\u00f3n con la Federaci\u00f3 Catalana de Tallers de Reparaci\u00f3 d\u2019Autom\u00f2bils (FECATRA), han editado una gu\u00eda de medidas pr\u00e1cticas para la prevenci\u00f3n de la exposici\u00f3n a humos de motores di\u00e9sel y aceites de motor usados en los talleres de reparaci\u00f3n de autom\u00f3viles.<\/p>\n<p style=\"text-align: justify;\">Estamos convencidos que el enfoque profesional y riguroso de esta publicaci\u00f3n, junto con una lectura detallada de sus contenidos, no solo permitir\u00e1 ampliar el conocimiento acerca de los riesgos derivados de la exposici\u00f3n cut\u00e1nea a aceites minerales y emisiones de motores di\u00e9sel, sino tambi\u00e9n obtener criterios para la implementaci\u00f3n de las medidas de prevenci\u00f3n y de protecci\u00f3n que deben aplicarse para cumplir con los requisitos del Real Decreto 665\/1997 en los talleres de reparaci\u00f3n de autom\u00f3vil frente a la exposici\u00f3n a agentes cancer\u00edgenos y mutag\u00e9nicos.<\/p>\n<p>[\/vc_column_text][\/vc_column][\/vc_row][vc_row top_padding=\u00bb40&#8243; bottom_padding=\u00bb40&#8243;][vc_column width=\u00bb1\/2&#8243;][vc_single_image image=\u00bb189939&#8243; alignment=\u00bbcenter\u00bb][vc_column_text]<\/p>\n<p style=\"text-align: center;\"><a class=\"button color-2 large \" style=\"border-radius: 6px;\" href=\"https:\/\/www.foment.com\/wp-content\/uploads\/2024\/09\/TalleresESP_GUIA_OK.pdf\" target=\"_self\" rel=\"noopener\">DESCARGAR GU\u00cdA (ESP)<\/a><\/p>\n<p style=\"text-align: center;\"><a class=\"button color-2 large \" style=\"border-radius: 6px;\" href=\"https:\/\/www.foment.com\/wp-content\/uploads\/2024\/09\/TalleresCAT_GUIA_OK.pdf\" target=\"_self\" rel=\"noopener\">DESCARREGAR GUIA (CAT)<\/a><\/p>\n<p>[\/vc_column_text][\/vc_column][vc_column width=\u00bb1\/2&#8243;][vc_single_image image=\u00bb189942&#8243; alignment=\u00bbcenter\u00bb][vc_column_text]<\/p>\n<p style=\"text-align: center;\"><a class=\"button color-2 large \" style=\"border-radius: 6px;\" href=\"https:\/\/www.foment.com\/wp-content\/uploads\/2024\/09\/TalleresESP_FICHAS_OK.pdf\" target=\"_self\" rel=\"noopener\">DESCARGAR FICHAS (ESP)<\/a><\/p>\n<p style=\"text-align: center;\"><a class=\"button color-2 large \" style=\"border-radius: 6px;\" href=\"https:\/\/www.foment.com\/wp-content\/uploads\/2024\/09\/TalleresCAT_FICHAS_OK.pdf\" target=\"_self\" rel=\"noopener\">DESCARREGAR FITXES (CAT)<\/a><\/p>\n<p>[\/vc_column_text][\/vc_column][\/vc_row]<\/p>\n<\/section>","protected":false},"excerpt":{"rendered":"<p>[vc_row][vc_column][vc_single_image image=\u00bb190188&#8243; img_size=\u00bbfull\u00bb alignment=\u00bbcenter\u00bb][vc_column_text] La modificaci\u00f3n del Real Decreto 665\/1997, de 12 de mayo, sobre la protecci\u00f3n de los trabajadores contra los riesgos relacionados con la exposici\u00f3n a agentes cancer\u00edgenos durante el trabajo, ha tenido y tendr\u00e1 un impacto significativo en los talleres de reparaci\u00f3n de veh\u00edculos. Este impacto se debe principalmente al riesgo potencial de contacto con aceites minerales utilizados en los motores de combusti\u00f3n interna, especialmente durante operaciones mec\u00e1nicas como el cambio de filtros, el reemplazo de aceite y las reparaciones en motores. Adem\u00e1s de la presencia, en determinadas \u00e1reas del taller, de emisiones de motores di\u00e9sel, dado el establecimiento de un valor l\u00edmite de exposici\u00f3n a humos di\u00e9sel. Ante tales circunstancias, Foment del Treball en colaboraci\u00f3n con la Federaci\u00f3 Catalana de Tallers de Reparaci\u00f3 d\u2019Autom\u00f2bils (FECATRA), han editado una gu\u00eda de medidas pr\u00e1cticas para la prevenci\u00f3n de la exposici\u00f3n a humos de motores di\u00e9sel y aceites de motor usados en los talleres de reparaci\u00f3n de autom\u00f3viles. Estamos convencidos que el enfoque profesional y riguroso de esta publicaci\u00f3n, junto con una lectura detallada de sus contenidos, no solo permitir\u00e1 ampliar el conocimiento acerca de los riesgos derivados de la exposici\u00f3n cut\u00e1nea a aceites minerales y emisiones de motores [&hellip;]<\/p>\n","protected":false},"author":15,"featured_media":189947,"comment_status":"closed","ping_status":"closed","sticky":false,"template":"","format":"standard","meta":{"_links_to":"","_links_to_target":""},"categories":[216,6189],"tags":[985,417,1497],"acf":[],"wps_subtitle":"<strong>Publicaci\u00f3n editada en el marco del proyecto de incentivo y promoci\u00f3n de la seguridad y salud laboral como estrategia de competitividad de las empresas catalanas<\/strong>","_links":{"self":[{"href":"https:\/\/www.foment.com\/es\/wp-json\/wp\/v2\/posts\/189936"}],"collection":[{"href":"https:\/\/www.foment.com\/es\/wp-json\/wp\/v2\/posts"}],"about":[{"href":"https:\/\/www.foment.com\/es\/wp-json\/wp\/v2\/types\/post"}],"author":[{"embeddable":true,"href":"https:\/\/www.foment.com\/es\/wp-json\/wp\/v2\/users\/15"}],"replies":[{"embeddable":true,"href":"https:\/\/www.foment.com\/es\/wp-json\/wp\/v2\/comments?post=189936"}],"version-history":[{"count":5,"href":"https:\/\/www.foment.com\/es\/wp-json\/wp\/v2\/posts\/189936\/revisions"}],"predecessor-version":[{"id":190192,"href":"https:\/\/www.foment.com\/es\/wp-json\/wp\/v2\/posts\/189936\/revisions\/190192"}],"wp:featuredmedia":[{"embeddable":true,"href":"https:\/\/www.foment.com\/es\/wp-json\/wp\/v2\/media\/189947"}],"wp:attachment":[{"href":"https:\/\/www.foment.com\/es\/wp-json\/wp\/v2\/media?parent=189936"}],"wp:term":[{"taxonomy":"category","embeddable":true,"href":"https:\/\/www.foment.com\/es\/wp-json\/wp\/v2\/categories?post=189936"},{"taxonomy":"post_tag","embeddable":true,"href":"https:\/\/www.foment.com\/es\/wp-json\/wp\/v2\/tags?post=189936"}],"curies":[{"name":"wp","href":"https:\/\/api.w.org\/{rel}","templated":true}]}}