{"id":19010,"date":"2016-04-13T09:00:48","date_gmt":"2016-04-13T07:00:48","guid":{"rendered":"http:\/\/foment.itartech.com\/?p=19010"},"modified":"2016-09-05T11:43:07","modified_gmt":"2016-09-05T09:43:07","slug":"carburantes-lubricantes-mantienen-la-inflacion-tasas-negativas","status":"publish","type":"post","link":"https:\/\/www.foment.com\/es\/carburantes-lubricantes-mantienen-la-inflacion-tasas-negativas\/","title":{"rendered":"Carburantes y lubricantes mantienen la inflaci\u00f3n en tasas negativas"},"content":{"rendered":"<section class=\"wpb-content-wrapper\"><p>[vc_row][vc_column width=\u00bb1\/1&#8243;][vc_column_text]El \u00cdndice general de precios se antuvo en el mes de marzo en tasas negativas sobretodo por la influencia del grupo transporte, ya que los precios de carburantes y lubricantes subieron menos respecto al mes de marzo de 2015. EL IPC, en t\u00e9rminos interanuales, cerr\u00f3 el mes de marzo con una variaci\u00f3n en Espa\u00f1a de -0,8%, mientras que\u00a0 en Catalu\u00f1a fue de -0,6%.<\/p>\n<p>Por otra parte, los grupos que han tenido una mayor influencia al alza (en el \u00edndice para Espa\u00f1a) han sido: alimentos y bebidas no alcoh\u00f3licas, por la subida del precio de las legumbres y hortalizas frescas; y hoteles, caf\u00e9s y restaurantes, debido al aumento de los precios de los hoteles y otros alojamientos.<\/p>\n<p>Cabe destacar, que la inflaci\u00f3n subyacente \u2013\u00edndice general sin alimentos no elaborados ni productos energ\u00e9ticos\u2013 ha aumentado ligeramente su ritmo de crecimiento, con lo cual el precio de los componentes m\u00e1s estables de la cesta de la compra se ha incrementado un 1,1% en t\u00e9rminos anuales. De esta forma, el diferencial entre la inflaci\u00f3n general y la subyacente, se ampl\u00eda hasta los 1,9 puntos.<\/p>\n<p>Finalmente, al considerar el indicador de inflaci\u00f3n armonizado (IPCA) \u2013que permite realizar una comparaci\u00f3n con la evoluci\u00f3n de los precios en la Eurozona\u2013 se aprecia que el diferencial de inflaci\u00f3n con la Uni\u00f3n Monetaria ha aumentado (0,9 p.p.), ya que el IPCA en Europa ha bajado un 0,1%, mientras que en Espa\u00f1a ha descendido un 1,0%, en t\u00e9rminos anuales.[\/vc_column_text][\/vc_column][\/vc_row]<\/p>\n<\/section>","protected":false},"excerpt":{"rendered":"<p>[vc_row][vc_column width=\u00bb1\/1&#8243;][vc_column_text]El \u00cdndice general de precios se antuvo en el mes de marzo en tasas negativas sobretodo por la influencia del grupo transporte, ya que los precios de carburantes y lubricantes subieron menos respecto al mes de marzo de 2015. EL IPC, en t\u00e9rminos interanuales, cerr\u00f3 el mes de marzo con una variaci\u00f3n en Espa\u00f1a de -0,8%, mientras que\u00a0 en Catalu\u00f1a fue de -0,6%. Por otra parte, los grupos que han tenido una mayor influencia al alza (en el \u00edndice para Espa\u00f1a) han sido: alimentos y bebidas no alcoh\u00f3licas, por la subida del precio de las legumbres y hortalizas frescas; y hoteles, caf\u00e9s y restaurantes, debido al aumento de los precios de los hoteles y otros alojamientos. Cabe destacar, que la inflaci\u00f3n subyacente \u2013\u00edndice general sin alimentos no elaborados ni productos energ\u00e9ticos\u2013 ha aumentado ligeramente su ritmo de crecimiento, con lo cual el precio de los componentes m\u00e1s estables de la cesta de la compra se ha incrementado un 1,1% en t\u00e9rminos anuales. De esta forma, el diferencial entre la inflaci\u00f3n general y la subyacente, se ampl\u00eda hasta los 1,9 puntos. Finalmente, al considerar el indicador de inflaci\u00f3n armonizado (IPCA) \u2013que permite realizar una comparaci\u00f3n con la evoluci\u00f3n de los [&hellip;]<\/p>\n","protected":false},"author":24,"featured_media":19065,"comment_status":"closed","ping_status":"closed","sticky":false,"template":"","format":"standard","meta":{"_links_to":"","_links_to_target":""},"categories":[69],"tags":[],"acf":[],"wps_subtitle":"\u200bLa evoluci\u00f3n del \u00edndice general de precios, en t\u00e9rminos interanuales, cerr\u00f3 el mes de marzo con una variaci\u00f3n en Espa\u00f1a de -0,8%, mientras que  en Catalu\u00f1a fue de -0,6%.","_links":{"self":[{"href":"https:\/\/www.foment.com\/es\/wp-json\/wp\/v2\/posts\/19010"}],"collection":[{"href":"https:\/\/www.foment.com\/es\/wp-json\/wp\/v2\/posts"}],"about":[{"href":"https:\/\/www.foment.com\/es\/wp-json\/wp\/v2\/types\/post"}],"author":[{"embeddable":true,"href":"https:\/\/www.foment.com\/es\/wp-json\/wp\/v2\/users\/24"}],"replies":[{"embeddable":true,"href":"https:\/\/www.foment.com\/es\/wp-json\/wp\/v2\/comments?post=19010"}],"version-history":[{"count":0,"href":"https:\/\/www.foment.com\/es\/wp-json\/wp\/v2\/posts\/19010\/revisions"}],"wp:featuredmedia":[{"embeddable":true,"href":"https:\/\/www.foment.com\/es\/wp-json\/wp\/v2\/media\/19065"}],"wp:attachment":[{"href":"https:\/\/www.foment.com\/es\/wp-json\/wp\/v2\/media?parent=19010"}],"wp:term":[{"taxonomy":"category","embeddable":true,"href":"https:\/\/www.foment.com\/es\/wp-json\/wp\/v2\/categories?post=19010"},{"taxonomy":"post_tag","embeddable":true,"href":"https:\/\/www.foment.com\/es\/wp-json\/wp\/v2\/tags?post=19010"}],"curies":[{"name":"wp","href":"https:\/\/api.w.org\/{rel}","templated":true}]}}