{"id":19012,"date":"2016-04-21T09:00:40","date_gmt":"2016-04-21T07:00:40","guid":{"rendered":"http:\/\/foment.itartech.com\/?p=19012"},"modified":"2016-09-05T11:42:57","modified_gmt":"2016-09-05T09:42:57","slug":"banco-santander-foment-del-treball-ratifican-compromiso-impulsar-la-actividad-las-empresas-catalanas","status":"publish","type":"post","link":"https:\/\/www.foment.com\/es\/banco-santander-foment-del-treball-ratifican-compromiso-impulsar-la-actividad-las-empresas-catalanas\/","title":{"rendered":"Banco Santander y Foment del Treball ratifican su compromiso para impulsar la actividad de las empresas catalanas"},"content":{"rendered":"<section class=\"wpb-content-wrapper\"><p>[vc_row][vc_column width=\u00bb1\/1&#8243;][vc_column_text]Banco Santander y Foment del Treball han ratificado su convenio de colaboraci\u00f3n que firmaron hace un a\u00f1o, para impulsar la oferta financiera y de servicios a las empresas asociadas a la patronal catalana. En virtud del vigente acuerdo, la entidad tiene abierta una l\u00ednea espec\u00edfica de financiaci\u00f3n con una dotaci\u00f3n de 350 millones de euros para favorecer el tejido productivo de Catalunya, motor de crecimiento.<\/p>\n<p>El presidente de Foment del Treball Nacional, Joaquim Gay de Montell\u00e0; y el Country Head de Santander Espa\u00f1a, Rami Aboukhair, se han reunido hoy en Barcelona para ratificar esta colaboraci\u00f3n que facilita a las empresas asociadas a esta patronal el acceso a la oferta financiera de Banco Santander con condiciones preferentes, respondiendo a las necesidades espec\u00edficas de estas compa\u00f1\u00edas.<\/p>\n<p>De esta manera, se potencia el canal exclusivo de comunicaci\u00f3n entre Foment y Banco Santander para poder adaptar la l\u00ednea de cr\u00e9dito y servicios a las necesidades de cada colectivo que forma parte de la asociaci\u00f3n empresarial, con lo que ser\u00e1 posible llegar a acuerdos puntuales en cada caso.<\/p>\n<p>El banco reafirma as\u00ed su apuesta por la recuperaci\u00f3n de las peque\u00f1as y medianas empresas en un mercado estrat\u00e9gico para la entidad y pone al alcance de estas compa\u00f1\u00edas las herramientas y los servicios necesarios para contribuir al impulso de su actividad.<\/p>\n<h3><strong>Sobre Foment del Treball<\/strong><\/h3>\n<p>Foment del Treball Nacional es la confederaci\u00f3n que representa desde 1771 a los empresarios y la potente industria catalana. Como organizaci\u00f3n independiente, privada, sin \u00e1nimo de lucro, acogida al derecho constitucional y legal de asociaci\u00f3n de los empresarios, se rige con criterios democr\u00e1ticos por representantes libremente elegidos. Su misi\u00f3n es defender los intereses empresariales, promoviendo un entorno favorable para la actividad productiva a trav\u00e9s del di\u00e1logo con los representantes de la administraci\u00f3n p\u00fablica y los representantes de la sociedad civil. Al mismo tiempo, Foment del Treball trabaja a favor de la internacionalizaci\u00f3n de la econom\u00eda y las empresas catalanas, y contribuye a la b\u00fasqueda de nuevos destinos para las empresas.<\/p>\n<h3><strong>Sobre Banco Santander<\/strong><\/h3>\n<p>Banco Santander (SAN.MC, STD.N, BNC.LN) es un banco comercial con sede en Espa\u00f1a y cuotas de mercado relevantes en 10 mercados clave de Europa y Am\u00e9rica. Santander es el primer banco de la zona euro por capitalizaci\u00f3n burs\u00e1til y est\u00e1 entre los mayores bancos del mundo. Fundado en 1857, tiene 1,51 billones de euros en fondos gestionados, 13.000 oficinas y 194.000 empleados al final de 2015. Santander obtuvo un beneficio atribuido de 5.966 millones de euros en 2015, un 3% m\u00e1s que el a\u00f1o anterior.[\/vc_column_text][\/vc_column][\/vc_row]<\/p>\n<\/section>","protected":false},"excerpt":{"rendered":"<p>[vc_row][vc_column width=\u00bb1\/1&#8243;][vc_column_text]Banco Santander y Foment del Treball han ratificado su convenio de colaboraci\u00f3n que firmaron hace un a\u00f1o, para impulsar la oferta financiera y de servicios a las empresas asociadas a la patronal catalana. En virtud del vigente acuerdo, la entidad tiene abierta una l\u00ednea espec\u00edfica de financiaci\u00f3n con una dotaci\u00f3n de 350 millones de euros para favorecer el tejido productivo de Catalunya, motor de crecimiento. El presidente de Foment del Treball Nacional, Joaquim Gay de Montell\u00e0; y el Country Head de Santander Espa\u00f1a, Rami Aboukhair, se han reunido hoy en Barcelona para ratificar esta colaboraci\u00f3n que facilita a las empresas asociadas a esta patronal el acceso a la oferta financiera de Banco Santander con condiciones preferentes, respondiendo a las necesidades espec\u00edficas de estas compa\u00f1\u00edas. De esta manera, se potencia el canal exclusivo de comunicaci\u00f3n entre Foment y Banco Santander para poder adaptar la l\u00ednea de cr\u00e9dito y servicios a las necesidades de cada colectivo que forma parte de la asociaci\u00f3n empresarial, con lo que ser\u00e1 posible llegar a acuerdos puntuales en cada caso. El banco reafirma as\u00ed su apuesta por la recuperaci\u00f3n de las peque\u00f1as y medianas empresas en un mercado estrat\u00e9gico para la entidad y pone al alcance [&hellip;]<\/p>\n","protected":false},"author":24,"featured_media":19070,"comment_status":"closed","ping_status":"closed","sticky":false,"template":"","format":"standard","meta":{"_links_to":"","_links_to_target":""},"categories":[69],"tags":[],"acf":[],"wps_subtitle":"El convenio de colaboraci\u00f3n incluye una l\u00ednea de cr\u00e9dito de 350 millones de euros para contribuir a la financiaci\u00f3n de las empresas afiliadas a Foment","_links":{"self":[{"href":"https:\/\/www.foment.com\/es\/wp-json\/wp\/v2\/posts\/19012"}],"collection":[{"href":"https:\/\/www.foment.com\/es\/wp-json\/wp\/v2\/posts"}],"about":[{"href":"https:\/\/www.foment.com\/es\/wp-json\/wp\/v2\/types\/post"}],"author":[{"embeddable":true,"href":"https:\/\/www.foment.com\/es\/wp-json\/wp\/v2\/users\/24"}],"replies":[{"embeddable":true,"href":"https:\/\/www.foment.com\/es\/wp-json\/wp\/v2\/comments?post=19012"}],"version-history":[{"count":0,"href":"https:\/\/www.foment.com\/es\/wp-json\/wp\/v2\/posts\/19012\/revisions"}],"wp:featuredmedia":[{"embeddable":true,"href":"https:\/\/www.foment.com\/es\/wp-json\/wp\/v2\/media\/19070"}],"wp:attachment":[{"href":"https:\/\/www.foment.com\/es\/wp-json\/wp\/v2\/media?parent=19012"}],"wp:term":[{"taxonomy":"category","embeddable":true,"href":"https:\/\/www.foment.com\/es\/wp-json\/wp\/v2\/categories?post=19012"},{"taxonomy":"post_tag","embeddable":true,"href":"https:\/\/www.foment.com\/es\/wp-json\/wp\/v2\/tags?post=19012"}],"curies":[{"name":"wp","href":"https:\/\/api.w.org\/{rel}","templated":true}]}}