{"id":19028,"date":"2016-04-28T09:00:18","date_gmt":"2016-04-28T07:00:18","guid":{"rendered":"http:\/\/foment.itartech.com\/?p=19028"},"modified":"2017-04-24T17:31:52","modified_gmt":"2017-04-24T15:31:52","slug":"neurociencia-del-liderazgo-la-fiesta-la-primavera-del-foro-recursos-humanos-foment","status":"publish","type":"post","link":"https:\/\/www.foment.com\/es\/neurociencia-del-liderazgo-la-fiesta-la-primavera-del-foro-recursos-humanos-foment\/","title":{"rendered":"Neurociencia del liderazgo para la Fiesta de la Primavera del Foro de Recursos Humanos de Foment"},"content":{"rendered":"<section class=\"wpb-content-wrapper\"><p>[vc_row][vc_column width=\u00bb1\/1&#8243;][vc_column_text]Quien no medita se encuentra anclado en el siglo XX: en el presente, hay que trabajar con el cerebro, a tenor de las palabras que Steven Poelmans, Director del Coaching Competency Center de EADA, ofreci\u00f3 a los participantes de la Fiesta de la Primavera de este a\u00f1o del <a href=\"\/es\/actividades\/foro-recursos-humanos\/\" target=\"_blank\">Foro de Recursos Humanos del Foment<\/a>, que se celebr\u00f3 en el recinto del Cosmocaixa. Una fiesta que el Foro RRHH ofrece para entregar los premios a las mejores sesiones del a\u00f1o anterior y para profundizar y experimentar las nuevas tendencias en la gesti\u00f3n de los equipos personales. En este sentido, Ram\u00f3n Fauria, Mentalista, Infoentertainer, Formador y Coach, tambi\u00e9n aport\u00f3 su conocimiento sobre c\u00f3mo optimizar el poder de influencia y el liderazgo a trav\u00e9s del trabajo con la mente. El Foro RRHH cuenta con el patrocinio de Randstad (<a href=\"https:\/\/twitter.com\/Randstad_es\" target=\"_blank\">@Randstad_es<\/a>) y Grupo UP (<a href=\"https:\/\/twitter.com\/ChequeGourmet\" target=\"_blank\">@ChequeGourmet<\/a>).[\/vc_column_text][\/vc_column][\/vc_row][vc_row][vc_column width=\u00bb1\/1&#8243;]<div class=\"spacer\" style=\"height: 20px;\"><\/div><div class=\"single_image wpb_content_element align-center    \" data-animation=\"none\" data-delay=\"0\"><img width=\"600\" height=\"379\" src=\"https:\/\/www.foment.com\/wp-content\/uploads\/2016\/04\/festa-primavera-ForoRRHH-2-600.jpg\" class=\"attachment-full\" alt=\"\" loading=\"lazy\" title=\"\" srcset=\"https:\/\/www.foment.com\/wp-content\/uploads\/2016\/04\/festa-primavera-ForoRRHH-2-600.jpg 600w, https:\/\/www.foment.com\/wp-content\/uploads\/2016\/04\/festa-primavera-ForoRRHH-2-600-300x190.jpg 300w\" sizes=\"(max-width: 600px) 100vw, 600px\" \/><\/div><div class=\"spacer\" style=\"height: 20px;\"><\/div>[\/vc_column][\/vc_row][vc_row][vc_column width=\u00bb1\/1&#8243;][vc_column_text]<\/p>\n<h3><strong>Renovaci\u00f3n de la oferta del Foro RRHH<\/strong><\/h3>\n<div>Beatriz Vila, directora personas de Chiesi Espa\u00f1a, ha asumido este 2016 la presidencia del Foro de Recursos Humanos de Foment y, con el resto de la Junta Directiva y la presidencia saliente, ha trabajado en la renovaci\u00f3n de la programaci\u00f3n de los actos y encuentros de este foro para profesionales y directios de la gesti\u00f3n de equipos de personas. En este sentido, el Foro RRHH apostar\u00e1 a partir de los pr\u00f3ximos meses para ofrecer actividades diferenciadas para directivos y para profesionales, para atender mejor las necesidades y los intereses de estos diferentes colectivos.<\/div>\n<div><\/div>\n<div>De este modo, en su programaci\u00f3n de actividades para directivos, el Foro RRHH de Foment potenciar\u00e1 los espacios de encuentro que permitan a los directivos descubrir y compartir tendencias de recursos humanos y de negocio a trav\u00e9s de de desayunos con formato reducido y ponentes exclusivos.<\/div>\n<p>&nbsp;<\/p>\n<div><img loading=\"lazy\" class=\"ms-rtePosition-2 alignright\" src=\"\/wp-content\/uploads\/2016\/11\/festa-primavera-ForoRRHH-6-600.jpg\" alt=\"\" width=\"483\" height=\"349\" \/><\/div>\n<p>Por otra parte, tambi\u00e9n potenciar\u00e1 los espacios para profesionales con nuevos formatos y metodolog\u00edas para maximizar el potencial del profesional de los recursos humanos y del gestor de personas. EL Foro RRHH propondr\u00e1, en la l\u00ednea de diversificar su oferta, Cine Forum, Debates y Talleres, Visitas Virtuales, Spedd Dating, Talk Show y Exposiciones.<\/p>\n<div><\/div>\n<div>En definitiva, con la implementaci\u00f3n de estas mejoras en la oferta de actividades, el Foro RRHH pretende consolidar la l\u00ednea que desde el a\u00f1o 2001 la ha convertido en un referente entre las empresas de Catalu\u00f1a en la promoci\u00f3n de las mejores pr\u00e1cticas de personas en el \u00e1rea de los recursos humanos, la inspiraci\u00f3n de pr\u00e1cticas innovadoras y socialmente responsables con la empresa, y la extensi\u00f3n de las mejores pr\u00e1cticas de RRHH en otras \u00e1reas de la empresa.<\/div>\n<p>&nbsp;<\/p>\n<h3><strong>Premios 2015<\/strong><\/h3>\n<div>El Foro de Recursos Humanos de Foment entreg\u00f3 en el marco de la Fiesta de la Primavera sus galardones anuales, que premian la calidad de exposici\u00f3n en una sesi\u00f3n, la aplicabilidad de una sesi\u00f3n y la empresa con m\u00e1s participantes en las actividades del Foro RRHH. Los galardonados este a\u00f1o fueron:<\/div>\n<div><\/div>\n<ul>\n<li>\u00a0\u00a0\u00a0\u00a0Ponencia con la mayor puntuaci\u00f3n:\n<ul>\n<li>\u00bfQu\u00e9 es el entorno VUCA?<br \/>\nponentes:<br \/>\nJos\u00e9 Miguel Bolivar, Consultor Artesano en efectividad personal y organizacional, escritor, investigador, ponente y autor del blog \u00d3ptima Infinit<\/li>\n<\/ul>\n<\/li>\n<\/ul>\n<div>\n<ul>\n<li>Ponencia con la mayor aplicabilidad:\n<ul>\n<li>\u00bfJugar o trabajar? \u00bfY si trabajamos jugando?<br \/>\nponentes:<br \/>\nOriol Ripoll, Creativo de Juegos al Segundo, especialista en juegos y gamificaci\u00f3n. Profesor de Game Designa Enti, (UB)<br \/>\nN\u00faria Dom\u00e8nech. Directora de proyectos. abierta Publishing<\/li>\n<\/ul>\n<\/li>\n<\/ul>\n<\/div>\n<ul>\n<li>Empresa con m\u00e1s participantes en el Foro RRHH:\n<ul>\n<li>sage<\/li>\n<\/ul>\n<\/li>\n<\/ul>\n<h3>\u00a0<strong>Foro de prestigio entre los profesionales del sector<\/strong><\/h3>\n<div>Foro de prestigio entre los profesionales del sector El Foro RRHH de Foment del Treball es una plataforma y punto de encuentro y debate entre directivos y profesionales de recursos humanos. Creado en 2001 por un grupo de prestigiosos directores de recursos humanos, permite un entorno para el intercambio de ideas y experiencias en torno a la gesti\u00f3n de equipos humanos en organizaciones. A d\u00eda de hoy, es ya una de las principales plataformas de debate del pa\u00eds sobre cuestiones relacionadas con la gesti\u00f3n de los recursos humanos, a la vez que es un escaparate de las mejores pr\u00e1cticas en aspectos de la gesti\u00f3n de los equipos humanos. Las sesiones de benchmarking son la l\u00ednea de actividad organizada por el Foro RRHH de Foment del Treball que despierta m\u00e1s expectaci\u00f3n. Las actividades del Foro RRHH son posibles gracias al apoyo de Randstad y Grupo UP, que son los patrocinadores oficiales.<\/div>\n<p>&nbsp;<\/p>\n<div>Esta plataforma que Foment pone a disposici\u00f3n de los profesionales de servicios de recursos humanos, durante el 2015, celebr\u00f3 un total de 9 sesiones con 503 asistentes. En cuanto al perfil de los asistentes a los actos que peri\u00f3dicamente realiza el Foro RRHH, se combina entre Directores de Recursos Humanos (26%), T\u00e9cnicos (31%), Consultores (26%) y otros (15%). El \u00faltimo a\u00f1o completo cerrado, en 2015, refleja que el 77% de los asistentes pertenece al \u00e1mbito de recursos humanos. Adem\u00e1s, alrededor del Foro RRHH, mediante las redes sociales y las relaciones offline, se articula una comunidad de unos 6.000 profesionales.<\/div>\n<p>&nbsp;<\/p>\n<div>La alimentaci\u00f3n de una red social de contactos profesionales es uno de los ejes clave de la actividad del Foro. As\u00ed, por ejemplo, la evoluci\u00f3n de sus sesiones y los temas de debate se siguen a trav\u00e9s de la cuenta <a href=\"https:\/\/twitter.com\/Foro_RRHH\" target=\"_blank\">@Foro_RRHH<\/a> y del hashtag <a href=\"https:\/\/twitter.com\/search?vertical=default&amp;q=%23fororrhh\" target=\"_blank\">#fororrhh<\/a>.<\/div>\n<p>[\/vc_column_text][\/vc_column][\/vc_row]<\/p>\n<\/section>","protected":false},"excerpt":{"rendered":"<p>[vc_row][vc_column width=\u00bb1\/1&#8243;][vc_column_text]Quien no medita se encuentra anclado en el siglo XX: en el presente, hay que trabajar con el cerebro, a tenor de las palabras que Steven Poelmans, Director del Coaching Competency Center de EADA, ofreci\u00f3 a los participantes de la Fiesta de la Primavera de este a\u00f1o del Foro de Recursos Humanos del Foment, que se celebr\u00f3 en el recinto del Cosmocaixa. Una fiesta que el Foro RRHH ofrece para entregar los premios a las mejores sesiones del a\u00f1o anterior y para profundizar y experimentar las nuevas tendencias en la gesti\u00f3n de los equipos personales. En este sentido, Ram\u00f3n Fauria, Mentalista, Infoentertainer, Formador y Coach, tambi\u00e9n aport\u00f3 su conocimiento sobre c\u00f3mo optimizar el poder de influencia y el liderazgo a trav\u00e9s del trabajo con la mente. El Foro RRHH cuenta con el patrocinio de Randstad (@Randstad_es) y Grupo UP (@ChequeGourmet).[\/vc_column_text][\/vc_column][\/vc_row][vc_row][vc_column width=\u00bb1\/1&#8243;][\/vc_column][\/vc_row][vc_row][vc_column width=\u00bb1\/1&#8243;][vc_column_text] Renovaci\u00f3n de la oferta del Foro RRHH Beatriz Vila, directora personas de Chiesi Espa\u00f1a, ha asumido este 2016 la presidencia del Foro de Recursos Humanos de Foment y, con el resto de la Junta Directiva y la presidencia saliente, ha trabajado en la renovaci\u00f3n de la programaci\u00f3n de los actos y encuentros de este foro para profesionales [&hellip;]<\/p>\n","protected":false},"author":24,"featured_media":19085,"comment_status":"closed","ping_status":"closed","sticky":false,"template":"","format":"standard","meta":{"_links_to":"","_links_to_target":""},"categories":[120],"tags":[482],"acf":[],"wps_subtitle":"Reflexiones en torno al entrenamiento de la mente a cargo de Steven Poelmans, Director del Coaching Competency Center de EADA; y Ram\u00f3n Fauria, Mentalista, Infoentertainer, Formador, Coach","_links":{"self":[{"href":"https:\/\/www.foment.com\/es\/wp-json\/wp\/v2\/posts\/19028"}],"collection":[{"href":"https:\/\/www.foment.com\/es\/wp-json\/wp\/v2\/posts"}],"about":[{"href":"https:\/\/www.foment.com\/es\/wp-json\/wp\/v2\/types\/post"}],"author":[{"embeddable":true,"href":"https:\/\/www.foment.com\/es\/wp-json\/wp\/v2\/users\/24"}],"replies":[{"embeddable":true,"href":"https:\/\/www.foment.com\/es\/wp-json\/wp\/v2\/comments?post=19028"}],"version-history":[{"count":0,"href":"https:\/\/www.foment.com\/es\/wp-json\/wp\/v2\/posts\/19028\/revisions"}],"wp:featuredmedia":[{"embeddable":true,"href":"https:\/\/www.foment.com\/es\/wp-json\/wp\/v2\/media\/19085"}],"wp:attachment":[{"href":"https:\/\/www.foment.com\/es\/wp-json\/wp\/v2\/media?parent=19028"}],"wp:term":[{"taxonomy":"category","embeddable":true,"href":"https:\/\/www.foment.com\/es\/wp-json\/wp\/v2\/categories?post=19028"},{"taxonomy":"post_tag","embeddable":true,"href":"https:\/\/www.foment.com\/es\/wp-json\/wp\/v2\/tags?post=19028"}],"curies":[{"name":"wp","href":"https:\/\/api.w.org\/{rel}","templated":true}]}}