{"id":190733,"date":"2024-10-09T16:42:18","date_gmt":"2024-10-09T14:42:18","guid":{"rendered":"https:\/\/www.foment.com\/?p=190733"},"modified":"2024-10-09T17:24:54","modified_gmt":"2024-10-09T15:24:54","slug":"foment-i-pwc-organitzen-un-esmorzar-executiu-amb-el-ceo-de-cellnex-marco-patuano","status":"publish","type":"post","link":"https:\/\/www.foment.com\/es\/foment-i-pwc-organitzen-un-esmorzar-executiu-amb-el-ceo-de-cellnex-marco-patuano\/","title":{"rendered":"Foment i PwC organitzen un Esmorzar Executiu amb el CEO de Cellnex Marco Patuano"},"content":{"rendered":"<p>El proper dimarts 15 d\u2019octubre a les 9:30h Foment del Treball i PwC celebren un Esmorzar Executiu amb el CEO de Cellnex, <strong>Marco Patuano<\/strong>, per tractar la \u2018Relev\u00e0ncia de les Infraestructures de Telecomunicacions: Per una Europa m\u00e9s connectada i competitiva. Uno de los grandes objetivos de la nueva Comisi\u00f3n Europea, con su presidenta von der Leyen a la cabeza, para conseguir recuperar el liderazgo digital de Europa es la aceleraci\u00f3n del despliegue de redes 5G y el aumento de la conectividad en la UE. Muchos de los pa\u00edses en los que Cellnex opera ya est\u00e1n tomando iniciativas nacionales para facilitar la implementaci\u00f3n y la inversi\u00f3n en 5G a la que Cellnex est\u00e1 contribuyendo. A la vez el informe de Mario Draghi pone de relevancia la importancia de la consolidaci\u00f3n entre empresas de Telecomunicaciones para conseguir los Objetivos de la D\u00e9cada 2023.<\/p>\n<p>Amb aquets col\u00b7loqui, Patuano compartir\u00e0 la visi\u00f3 d\u2019una de les compa\u00f1\u00edes d\u2019infraestructures l\u00edder d\u2019Europa sobre la situaci\u00f3n del sector de Telecomunicaci\u00f3n, los Operadores m\u00f3viles y las Towercos (empresas de infraestructura) y la importancia de los despliegues compartidos y sostenibles para mejorarla digitalizaci\u00f3n de la sociedad. Adem\u00e1s se analizar\u00e1n los \u00faltimos despliegues y densificaci\u00f3n de red que se est\u00e1n llevando a cabo en el pa\u00eds y m\u00e1s concreto en la ciudad de Barcelona.<\/p>\n<p>El president de Foment del Treball, <strong>Josep S\u00e1nchez Llibre<\/strong>, i el soci Responsable de PwC a Catalunya, <strong>Juan Ignacio Marull<\/strong>, tamb\u00e9 participaran a l\u2019acte.<\/p>\n<p>INSCRIPCI\u00d3: <a href=\"https:\/\/eur04.safelinks.protection.outlook.com\/?url=https%3A%2F%2Fwww.foment.com%2Fevents%2Fper-una-europa-mes-connectada-i-competitiva-esmorzars-executius-foment-i-pwc%2Fvar%2Fri-0.l-L2%2F&amp;data=05%7C02%7Ckmartin%40foment.com%7Ce0bc92f90678486b249508dce78e0c02%7Cf37c938d38654a89b99bb000c76a74bf%7C1%7C0%7C638639844479962122%7CUnknown%7CTWFpbGZsb3d8eyJWIjoiMC4wLjAwMDAiLCJQIjoiV2luMzIiLCJBTiI6Ik1haWwiLCJXVCI6Mn0%3D%7C0%7C%7C%7C&amp;sdata=vk7oRAbLBd6nMoZw%2BIqsuga5pCWpTe2pikoL9iVH3A8%3D&amp;reserved=0\" target=\"_blank\" rel=\"noopener\">https:\/\/www.foment.com\/events\/per-una-europa-mes-connectada-i-competitiva-esmorzars-executius-foment-i-pwc\/var\/ri-0.l-L2\/<\/a><\/p>\n","protected":false},"excerpt":{"rendered":"<p>El proper dimarts 15 d\u2019octubre a les 9:30h Foment del Treball i PwC celebren un Esmorzar Executiu amb el CEO de Cellnex, Marco Patuano, per tractar la \u2018Relev\u00e0ncia de les Infraestructures de Telecomunicacions: Per una Europa m\u00e9s connectada i competitiva. Uno de los grandes objetivos de la nueva Comisi\u00f3n Europea, con su presidenta von der Leyen a la cabeza, para conseguir recuperar el liderazgo digital de Europa es la aceleraci\u00f3n del despliegue de redes 5G y el aumento de la conectividad en la UE. Muchos de los pa\u00edses en los que Cellnex opera ya est\u00e1n tomando iniciativas nacionales para facilitar la implementaci\u00f3n y la inversi\u00f3n en 5G a la que Cellnex est\u00e1 contribuyendo. A la vez el informe de Mario Draghi pone de relevancia la importancia de la consolidaci\u00f3n entre empresas de Telecomunicaciones para conseguir los Objetivos de la D\u00e9cada 2023. Amb aquets col\u00b7loqui, Patuano compartir\u00e0 la visi\u00f3 d\u2019una de les compa\u00f1\u00edes d\u2019infraestructures l\u00edder d\u2019Europa sobre la situaci\u00f3n del sector de Telecomunicaci\u00f3n, los Operadores m\u00f3viles y las Towercos (empresas de infraestructura) y la importancia de los despliegues compartidos y sostenibles para mejorarla digitalizaci\u00f3n de la sociedad. Adem\u00e1s se analizar\u00e1n los \u00faltimos despliegues y densificaci\u00f3n de red que se est\u00e1n llevando [&hellip;]<\/p>\n","protected":false},"author":281,"featured_media":190731,"comment_status":"closed","ping_status":"closed","sticky":false,"template":"","format":"standard","meta":{"_links_to":"","_links_to_target":""},"categories":[8407],"tags":[],"acf":[],"wps_subtitle":"","_links":{"self":[{"href":"https:\/\/www.foment.com\/es\/wp-json\/wp\/v2\/posts\/190733"}],"collection":[{"href":"https:\/\/www.foment.com\/es\/wp-json\/wp\/v2\/posts"}],"about":[{"href":"https:\/\/www.foment.com\/es\/wp-json\/wp\/v2\/types\/post"}],"author":[{"embeddable":true,"href":"https:\/\/www.foment.com\/es\/wp-json\/wp\/v2\/users\/281"}],"replies":[{"embeddable":true,"href":"https:\/\/www.foment.com\/es\/wp-json\/wp\/v2\/comments?post=190733"}],"version-history":[{"count":2,"href":"https:\/\/www.foment.com\/es\/wp-json\/wp\/v2\/posts\/190733\/revisions"}],"predecessor-version":[{"id":190752,"href":"https:\/\/www.foment.com\/es\/wp-json\/wp\/v2\/posts\/190733\/revisions\/190752"}],"wp:featuredmedia":[{"embeddable":true,"href":"https:\/\/www.foment.com\/es\/wp-json\/wp\/v2\/media\/190731"}],"wp:attachment":[{"href":"https:\/\/www.foment.com\/es\/wp-json\/wp\/v2\/media?parent=190733"}],"wp:term":[{"taxonomy":"category","embeddable":true,"href":"https:\/\/www.foment.com\/es\/wp-json\/wp\/v2\/categories?post=190733"},{"taxonomy":"post_tag","embeddable":true,"href":"https:\/\/www.foment.com\/es\/wp-json\/wp\/v2\/tags?post=190733"}],"curies":[{"name":"wp","href":"https:\/\/api.w.org\/{rel}","templated":true}]}}