{"id":190764,"date":"2024-10-09T18:12:00","date_gmt":"2024-10-09T16:12:00","guid":{"rendered":"https:\/\/www.foment.com\/?p=190764"},"modified":"2024-10-09T18:12:00","modified_gmt":"2024-10-09T16:12:00","slug":"foment-del-treball-i-amazon-us-conviden-a-lesdeveniment-limpacte-del-comerc-en-linia-en-el-creixement-de-les-pimes","status":"publish","type":"post","link":"https:\/\/www.foment.com\/es\/foment-del-treball-i-amazon-us-conviden-a-lesdeveniment-limpacte-del-comerc-en-linia-en-el-creixement-de-les-pimes\/","title":{"rendered":"Foment del Treball i Amazon us conviden a l\u2019esdeveniment \u00abL\u2019impacte del comer\u00e7 en l\u00ednia en el creixement de les pimes\u00bb"},"content":{"rendered":"<p>En aquest esdeveniment, organitzat per Amazon i Foment del Treball, tractarem com el comer\u00e7 electr\u00f2nic pot catalitzar el creixement i la competitivitat de les pimes. La sessi\u00f3 es far\u00e0 el proper dimarts <strong>15 d\u2019octubre en format h\u00edbrid <\/strong>(virtual i presencial) a la nostra seu (Via Laietana 32, Barcelona).<\/p>\n<p>Durant l\u2019acte, Amazon presentar\u00e0 les dades de l\u2019Impacte d\u2019Amazon a les pimes espanyoles, amb un enfocament especial a Catalunya, i emprenedors d\u2019\u00e8xit explicaran la seva experi\u00e8ncia personal venent en l\u00ednia. A m\u00e9s, comptarem amb una formaci\u00f3 sobre com les pimes poden beneficiar-se del comer\u00e7 en l\u00ednia com a motor d\u2019expansi\u00f3 internacional.<\/p>\n<p>&nbsp;<\/p>\n<p><strong><span style=\"color: #d12238;\">PROGRAMA<\/span><\/strong><\/p>\n<p><strong>11:00<\/strong>\u00a0Benvinguda Institucional<\/p>\n<p><strong>Maria Mora<\/strong>, Directora d\u2019Innovaci\u00f3 de Foment del Treball<\/p>\n<p><strong>Eva P\u00e9rez<\/strong>, Senior Manager Public Policy d\u2019Amazon<\/p>\n<p><strong>11:10\u00a0ACCI\u00d3: l\u2019aliat per definir la teva estrat\u00e8gia digital internacional<\/strong><\/p>\n<p><strong>Elena Antonijuan<\/strong>, Responsable del programa International eTrade d\u2019ACCI\u00d3<\/p>\n<p><strong>11:20\u00a0Presentaci\u00f3 de l\u2019informe sobre l\u2019impacte d\u2019Amazon a les pimes espanyoles, enfocat a Catalunya<\/strong><\/p>\n<p><strong>Coia Pons<\/strong>, Responsable d\u2019oportunitats de comer\u00e7 electr\u00f2nic per a pimes d\u2019Amazon<\/p>\n<p><strong>11:30\u00a0Cas d\u2019\u00e8xit d\u2019empreses catalanes: Natulim i Unik Health<\/strong><\/p>\n<p><strong>11:50\u00a0Formaci\u00f3 expr\u00e9s: el comer\u00e7 en l\u00ednia, el cam\u00ed de les pimes cap a la internacionalitzaci\u00f3<\/strong><\/p>\n<p><strong>12:30\u00a0Clausura<\/strong><\/p>\n<p><strong>Kilian Garc\u00eda<\/strong>, Director d\u2019Internacional de Foment del Treball<\/p>\n<p>&nbsp;<\/p>\n<p><span style=\"color: #d12238;\"><strong>Objectius de la jornada<\/strong><\/span><\/p>\n<p>1.\u00a0<strong>Impulsar el comer\u00e7 electr\u00f2nic<\/strong>\u00a0com a clau per al creixement i la competitivitat de les pimes.<br \/>\n2.\u00a0<strong>Destacar el paper de les pimes<\/strong>\u00a0a l\u2019economia catalana i la seva transformaci\u00f3 digital.<br \/>\n3.<strong>Fomentar la col\u00b7laboraci\u00f3<\/strong>\u00a0entre govern i associacions empresarials per donar suport a la digitalitzaci\u00f3.<br \/>\n4. Compartir dades que demostrin els\u00a0<strong>beneficis del comer\u00e7 electr\u00f2nic<\/strong>\u00a0per a les pimes.<br \/>\n5.\u00a0<strong>Inspirar l\u2019adopci\u00f3 digital<\/strong>\u00a0per enfortir i fer m\u00e9s resilients a les pimes.<\/p>\n<p>Per assistir a l\u2019esdeveniment, cal formalitzar la inscripci\u00f3 en\u00a0<a href=\"https:\/\/forms.office.com\/e\/G7AVHAx1BS\" target=\"_blank\" rel=\"noopener\"><strong>aquest enlla\u00e7<\/strong><\/a><\/p>\n","protected":false},"excerpt":{"rendered":"<p>En aquest esdeveniment, organitzat per Amazon i Foment del Treball, tractarem com el comer\u00e7 electr\u00f2nic pot catalitzar el creixement i la competitivitat de les pimes. La sessi\u00f3 es far\u00e0 el proper dimarts 15 d\u2019octubre en format h\u00edbrid (virtual i presencial) a la nostra seu (Via Laietana 32, Barcelona). Durant l\u2019acte, Amazon presentar\u00e0 les dades de l\u2019Impacte d\u2019Amazon a les pimes espanyoles, amb un enfocament especial a Catalunya, i emprenedors d\u2019\u00e8xit explicaran la seva experi\u00e8ncia personal venent en l\u00ednia. A m\u00e9s, comptarem amb una formaci\u00f3 sobre com les pimes poden beneficiar-se del comer\u00e7 en l\u00ednia com a motor d\u2019expansi\u00f3 internacional. &nbsp; PROGRAMA 11:00\u00a0Benvinguda Institucional Maria Mora, Directora d\u2019Innovaci\u00f3 de Foment del Treball Eva P\u00e9rez, Senior Manager Public Policy d\u2019Amazon 11:10\u00a0ACCI\u00d3: l\u2019aliat per definir la teva estrat\u00e8gia digital internacional Elena Antonijuan, Responsable del programa International eTrade d\u2019ACCI\u00d3 11:20\u00a0Presentaci\u00f3 de l\u2019informe sobre l\u2019impacte d\u2019Amazon a les pimes espanyoles, enfocat a Catalunya Coia Pons, Responsable d\u2019oportunitats de comer\u00e7 electr\u00f2nic per a pimes d\u2019Amazon 11:30\u00a0Cas d\u2019\u00e8xit d\u2019empreses catalanes: Natulim i Unik Health 11:50\u00a0Formaci\u00f3 expr\u00e9s: el comer\u00e7 en l\u00ednia, el cam\u00ed de les pimes cap a la internacionalitzaci\u00f3 12:30\u00a0Clausura Kilian Garc\u00eda, Director d\u2019Internacional de Foment del Treball &nbsp; Objectius de la jornada 1.\u00a0Impulsar el comer\u00e7 electr\u00f2nic\u00a0com [&hellip;]<\/p>\n","protected":false},"author":281,"featured_media":190758,"comment_status":"closed","ping_status":"closed","sticky":false,"template":"","format":"standard","meta":{"_links_to":"","_links_to_target":""},"categories":[8407],"tags":[],"acf":[],"wps_subtitle":"","_links":{"self":[{"href":"https:\/\/www.foment.com\/es\/wp-json\/wp\/v2\/posts\/190764"}],"collection":[{"href":"https:\/\/www.foment.com\/es\/wp-json\/wp\/v2\/posts"}],"about":[{"href":"https:\/\/www.foment.com\/es\/wp-json\/wp\/v2\/types\/post"}],"author":[{"embeddable":true,"href":"https:\/\/www.foment.com\/es\/wp-json\/wp\/v2\/users\/281"}],"replies":[{"embeddable":true,"href":"https:\/\/www.foment.com\/es\/wp-json\/wp\/v2\/comments?post=190764"}],"version-history":[{"count":1,"href":"https:\/\/www.foment.com\/es\/wp-json\/wp\/v2\/posts\/190764\/revisions"}],"predecessor-version":[{"id":190765,"href":"https:\/\/www.foment.com\/es\/wp-json\/wp\/v2\/posts\/190764\/revisions\/190765"}],"wp:featuredmedia":[{"embeddable":true,"href":"https:\/\/www.foment.com\/es\/wp-json\/wp\/v2\/media\/190758"}],"wp:attachment":[{"href":"https:\/\/www.foment.com\/es\/wp-json\/wp\/v2\/media?parent=190764"}],"wp:term":[{"taxonomy":"category","embeddable":true,"href":"https:\/\/www.foment.com\/es\/wp-json\/wp\/v2\/categories?post=190764"},{"taxonomy":"post_tag","embeddable":true,"href":"https:\/\/www.foment.com\/es\/wp-json\/wp\/v2\/tags?post=190764"}],"curies":[{"name":"wp","href":"https:\/\/api.w.org\/{rel}","templated":true}]}}