{"id":191421,"date":"2024-10-30T13:38:45","date_gmt":"2024-10-30T12:38:45","guid":{"rendered":"https:\/\/www.foment.com\/?p=191421"},"modified":"2024-10-30T13:38:45","modified_gmt":"2024-10-30T12:38:45","slug":"jornada-forum-profesional-de-prl-la-huella-de-salud","status":"publish","type":"post","link":"https:\/\/www.foment.com\/es\/jornada-forum-profesional-de-prl-la-huella-de-salud\/","title":{"rendered":"Jornada F\u00f3rum profesional de PRL. La huella de salud"},"content":{"rendered":"<section class=\"wpb-content-wrapper\"><p>[vc_row][vc_column][vc_single_image image=\u00bb180397&#8243; img_size=\u00bblarge\u00bb alignment=\u00bbcenter\u00bb][vc_column_text]<\/p>\n<p style=\"text-align: justify;\">Gestionar recursos de manera eficaz, eficiente y aportando resultados de valor es el objetivo que cualquier \u00e1rea empresarial aspira a conseguir. Esta jornada se centr\u00f3 en la idea \u201clo que no se mide no existe\u201d, para abordar el concepto de la Huella de Salud y la importancia de disponer y utilizar los datos y m\u00e9tricas a nuestro alcance, saber c\u00f3mo explotar esa informaci\u00f3n y poder desarrollar una estrategia de salud y bienestar laboral.<\/p>\n<p style=\"text-align: justify;\">Se abord\u00f3 c\u00f3mo transformar la salud desde el dato con la participaci\u00f3n de Quironprevenci\u00f3n y las l\u00edneas de trabajo de ODS\/Sostenibilidad y Salud Integral de PRLInnovaci\u00f3n para abordar tendencias innovadoras, promoci\u00f3n de h\u00e1bitos saludables, medici\u00f3n de la evoluci\u00f3n de la estrategia y se realiz\u00f3 un taller pr\u00e1ctico de la mano de Full Audit sobre el mapa de valor de la SSB para la construcci\u00f3n del valor.<\/p>\n<p>[\/vc_column_text][\/vc_column][\/vc_row][vc_row top_padding=\u00bb20&#8243;][vc_column width=\u00bb1\/1&#8243;][vc_column_text]<\/p>\n<h1><span style=\"color: #d2112d;\">V\u00eddeo de la jornada<\/span><\/h1>\n<p>[\/vc_column_text][vc_video link=\u00bbhttps:\/\/youtu.be\/AQ8qRZfzB-Y\u00bb align=\u00bbcenter\u00bb][\/vc_column][\/vc_row][vc_row top_padding=\u00bb40&#8243;][vc_column width=\u00bb1\/1&#8243;][vc_column_text]<\/p>\n<h1><span style=\"color: #d2112d;\">Documentaci\u00f3n de la jornada<\/span><\/h1>\n<p>[\/vc_column_text][\/vc_column][\/vc_row][vc_row top_padding=\u00bb60&#8243;][vc_column width=\u00bb1\/3&#8243;][vc_column_text]<\/p>\n<h3>Programa<\/h3>\n<p>La Huella de Salud: m\u00e9tricas y explotaci\u00f3n de la informaci\u00f3n en Salud y Bienestar laboral<br \/>\n[\/vc_column_text]<a href=\"https:\/\/fomentdeltreball.sharepoint.com\/:b:\/g\/EUfsO-z4fbJGsR7PAhoIMucB-OHtd5MQae9yvc2TF9G-Uw?e=EBYINz\" target=\"_self\" class=\"button color-2 medium \" style=\"border-radius: 2px;\">Descargar<\/a>[\/vc_column][vc_column width=\u00bb1\/3&#8243;][vc_column_text]<\/p>\n<h3>Ponencia<\/h3>\n<p>Sr. David de Juan<br \/>\nResponsable Proyectos Especiales Data Analytics. Quironprevenci\u00f3n[\/vc_column_text]<a href=\"https:\/\/www.foment.com\/wp-content\/uploads\/2024\/10\/PonenciaPRL_huella_1.pdf\" target=\"_self\" class=\"button color-2 medium \" style=\"border-radius: 2px;\">Descargar<\/a>[\/vc_column][vc_column width=\u00bb1\/3&#8243;][vc_column_text]<\/p>\n<h3>Ponencia<\/h3>\n<p>Sra. Elena Centelles<br \/>\nESHQ Corporate Director en Tradebe y Coordinadora de ODS en PRLInnovaci\u00f3n[\/vc_column_text]<a href=\"https:\/\/www.foment.com\/wp-content\/uploads\/2024\/10\/PonenciaPRL_huella_2.pdf\" target=\"_self\" class=\"button color-2 medium \" style=\"border-radius: 2px;\">Descargar<\/a>[\/vc_column][\/vc_row][vc_row top_padding=\u00bb60&#8243;][vc_column width=\u00bb1\/3&#8243;][vc_column_text]<\/p>\n<h3>Ponencia<\/h3>\n<p>Sr. Joaqu\u00edn Cabrera<br \/>\nEHS Manager en John Deere y Coordinador de salud integral en PRLInnovaci\u00f3n.<br \/>\n[\/vc_column_text]<a href=\"https:\/\/www.foment.com\/wp-content\/uploads\/2024\/10\/PonenciaPRL_huella_3.pdf\" target=\"_self\" class=\"button color-2 medium \" style=\"border-radius: 2px;\">Descargar<\/a>[\/vc_column][vc_column width=\u00bb1\/3&#8243;][vc_column_text]<\/p>\n<h3>Ponencia<\/h3>\n<p>Sr. F\u00e9lix Sanz<br \/>\nCoordinador de Innovaci\u00f3n y Transformaci\u00f3n. PRLInnovaci\u00f3n[\/vc_column_text]<a href=\"https:\/\/www.foment.com\/wp-content\/uploads\/2024\/10\/PonenciaPRL_huella_4.pdf\" target=\"_self\" class=\"button color-2 medium \" style=\"border-radius: 2px;\">Descargar<\/a>[\/vc_column][vc_column width=\u00bb1\/3&#8243;][\/vc_column][\/vc_row]<\/p>\n<\/section>","protected":false},"excerpt":{"rendered":"<p>[vc_row][vc_column][vc_single_image image=\u00bb180397&#8243; img_size=\u00bblarge\u00bb alignment=\u00bbcenter\u00bb][vc_column_text] Gestionar recursos de manera eficaz, eficiente y aportando resultados de valor es el objetivo que cualquier \u00e1rea empresarial aspira a conseguir. Esta jornada se centr\u00f3 en la idea \u201clo que no se mide no existe\u201d, para abordar el concepto de la Huella de Salud y la importancia de disponer y utilizar los datos y m\u00e9tricas a nuestro alcance, saber c\u00f3mo explotar esa informaci\u00f3n y poder desarrollar una estrategia de salud y bienestar laboral. Se abord\u00f3 c\u00f3mo transformar la salud desde el dato con la participaci\u00f3n de Quironprevenci\u00f3n y las l\u00edneas de trabajo de ODS\/Sostenibilidad y Salud Integral de PRLInnovaci\u00f3n para abordar tendencias innovadoras, promoci\u00f3n de h\u00e1bitos saludables, medici\u00f3n de la evoluci\u00f3n de la estrategia y se realiz\u00f3 un taller pr\u00e1ctico de la mano de Full Audit sobre el mapa de valor de la SSB para la construcci\u00f3n del valor. [\/vc_column_text][\/vc_column][\/vc_row][vc_row top_padding=\u00bb20&#8243;][vc_column width=\u00bb1\/1&#8243;][vc_column_text] V\u00eddeo de la jornada [\/vc_column_text][vc_video link=\u00bbhttps:\/\/youtu.be\/AQ8qRZfzB-Y\u00bb align=\u00bbcenter\u00bb][\/vc_column][\/vc_row][vc_row top_padding=\u00bb40&#8243;][vc_column width=\u00bb1\/1&#8243;][vc_column_text] Documentaci\u00f3n de la jornada [\/vc_column_text][\/vc_column][\/vc_row][vc_row top_padding=\u00bb60&#8243;][vc_column width=\u00bb1\/3&#8243;][vc_column_text] Programa La Huella de Salud: m\u00e9tricas y explotaci\u00f3n de la informaci\u00f3n en Salud y Bienestar laboral [\/vc_column_text][\/vc_column][vc_column width=\u00bb1\/3&#8243;][vc_column_text] Ponencia Sr. David de Juan Responsable Proyectos Especiales Data Analytics. Quironprevenci\u00f3n[\/vc_column_text][\/vc_column][vc_column width=\u00bb1\/3&#8243;][vc_column_text] Ponencia Sra. Elena Centelles ESHQ Corporate Director en [&hellip;]<\/p>\n","protected":false},"author":15,"featured_media":144001,"comment_status":"closed","ping_status":"closed","sticky":false,"template":"","format":"standard","meta":{"_links_to":"","_links_to_target":""},"categories":[6578,216],"tags":[985,417,1497],"acf":[],"wps_subtitle":"<strong>Esta jornada forma parte de las actividades organizadas por el F\u00f3rum de Prevenci\u00f3n de Riesgos Laborales. Actividad realizada en el marco del Proyecto de incentivo y promoci\u00f3n de la Seguridad y Salud Laboral como estrategia de competitividad de las empresas catalanas<\/strong>","_links":{"self":[{"href":"https:\/\/www.foment.com\/es\/wp-json\/wp\/v2\/posts\/191421"}],"collection":[{"href":"https:\/\/www.foment.com\/es\/wp-json\/wp\/v2\/posts"}],"about":[{"href":"https:\/\/www.foment.com\/es\/wp-json\/wp\/v2\/types\/post"}],"author":[{"embeddable":true,"href":"https:\/\/www.foment.com\/es\/wp-json\/wp\/v2\/users\/15"}],"replies":[{"embeddable":true,"href":"https:\/\/www.foment.com\/es\/wp-json\/wp\/v2\/comments?post=191421"}],"version-history":[{"count":8,"href":"https:\/\/www.foment.com\/es\/wp-json\/wp\/v2\/posts\/191421\/revisions"}],"predecessor-version":[{"id":191974,"href":"https:\/\/www.foment.com\/es\/wp-json\/wp\/v2\/posts\/191421\/revisions\/191974"}],"wp:featuredmedia":[{"embeddable":true,"href":"https:\/\/www.foment.com\/es\/wp-json\/wp\/v2\/media\/144001"}],"wp:attachment":[{"href":"https:\/\/www.foment.com\/es\/wp-json\/wp\/v2\/media?parent=191421"}],"wp:term":[{"taxonomy":"category","embeddable":true,"href":"https:\/\/www.foment.com\/es\/wp-json\/wp\/v2\/categories?post=191421"},{"taxonomy":"post_tag","embeddable":true,"href":"https:\/\/www.foment.com\/es\/wp-json\/wp\/v2\/tags?post=191421"}],"curies":[{"name":"wp","href":"https:\/\/api.w.org\/{rel}","templated":true}]}}