{"id":191921,"date":"2024-10-30T11:41:31","date_gmt":"2024-10-30T10:41:31","guid":{"rendered":"https:\/\/www.foment.com\/?p=191921"},"modified":"2024-10-30T12:09:12","modified_gmt":"2024-10-30T11:09:12","slug":"dialeg-sobre-di-capacitat-estrategies-empresarials-dexit-en-la-inclusio-laboral-si-i-millor","status":"publish","type":"post","link":"https:\/\/www.foment.com\/es\/dialeg-sobre-di-capacitat-estrategies-empresarials-dexit-en-la-inclusio-laboral-si-i-millor\/","title":{"rendered":"Di\u00e0leg sobre Di-Capacitat: Estrat\u00e8gies empresarials d\u2019\u00e8xit en la inclusi\u00f3 laboral \u201cS\u00ed i millor\u201d"},"content":{"rendered":"<p>La Federaci\u00f3 de Centres Especials de Treball de Catalunya ha organitzat, juntament amb l\u2019AED (Associaci\u00f3 Espanyola de Directius), el <strong>Di\u00e0leg sobre Di-Capacitat: Estrat\u00e8gies empresarials d\u2019\u00e8xit en la inclusi\u00f3 laboral \u201cS\u00ed, i millor\u201d <\/strong>per tal de sensibilitzar les empreses i la societat en general sobre la gran aportaci\u00f3 de valor que poden fer a les organitzacions i les empreses les persones amb discapacitat.<\/p>\n<p>La jornada, que compta amb la col\u00b7laboraci\u00f3 de la fundaci\u00f3 ONCE, se celebrar\u00e0 dimecres 6 de novembre a la seu de l\u2019ONCE Catalunya a Barcelona i constar\u00e0, d\u2019una banda, d\u2019una taula rodona en qu\u00e8 s\u2019abordaran casos d\u2019\u00e8xit de la inclusi\u00f3 a les empreses, amb participaci\u00f3 d\u2019 <strong>Alberto Duran<\/strong>, vicepresident del Grup ONCE;<strong> Ramon Agenjo<\/strong>, conseller i secretari\u00a0de DAMM; i <strong>Josep Maria Solanellas,\u00a0<\/strong>president\u00a0<strong>de la Federaci\u00f3. <\/strong>La moderar\u00e0 el president de FEACEM Catalunya, <strong>Rafael Ruano. <\/strong><\/p>\n<p>A continuaci\u00f3 intervindr\u00e0 el medallista de ciclisme paral\u00edmpic <strong>Sergio Garrote Mu\u00f1oz<\/strong>. La cloenda anir\u00e0 a c\u00e0rrec de la presidenta de l\u2019AED i directora d\u2019innovaci\u00f3 de\u00a0World Trade Center,<strong> Rita Almela. <\/strong><\/p>\n<p><strong>M\u00e9s informaci\u00f3 i inscripcions <a href=\"https:\/\/eur04.safelinks.protection.outlook.com\/?url=https%3A%2F%2Fwww.lafederacio.cat%2F2024%2F10%2F28%2F6-de-novembre-dialeg-sobre-di-capacitat-estrategies-empresarials-dexit-en-la-inclusio-laboral-si-i-millor%2F&amp;data=05%7C02%7Ckmartin%40foment.com%7C84bebbc6ab294060de4b08dcf8383179%7Cf37c938d38654a89b99bb000c76a74bf%7C1%7C0%7C638658167504090043%7CUnknown%7CTWFpbGZsb3d8eyJWIjoiMC4wLjAwMDAiLCJQIjoiV2luMzIiLCJBTiI6Ik1haWwiLCJXVCI6Mn0%3D%7C0%7C%7C%7C&amp;sdata=NlVGEKEsNNWrGvZ3nauijDWEnseyzkEitX6RY4vFc0k%3D&amp;reserved=0\">AQU\u00cd<\/a><\/strong><\/p>\n","protected":false},"excerpt":{"rendered":"<p>La Federaci\u00f3 de Centres Especials de Treball de Catalunya ha organitzat, juntament amb l\u2019AED (Associaci\u00f3 Espanyola de Directius), el Di\u00e0leg sobre Di-Capacitat: Estrat\u00e8gies empresarials d\u2019\u00e8xit en la inclusi\u00f3 laboral \u201cS\u00ed, i millor\u201d per tal de sensibilitzar les empreses i la societat en general sobre la gran aportaci\u00f3 de valor que poden fer a les organitzacions i les empreses les persones amb discapacitat. La jornada, que compta amb la col\u00b7laboraci\u00f3 de la fundaci\u00f3 ONCE, se celebrar\u00e0 dimecres 6 de novembre a la seu de l\u2019ONCE Catalunya a Barcelona i constar\u00e0, d\u2019una banda, d\u2019una taula rodona en qu\u00e8 s\u2019abordaran casos d\u2019\u00e8xit de la inclusi\u00f3 a les empreses, amb participaci\u00f3 d\u2019 Alberto Duran, vicepresident del Grup ONCE; Ramon Agenjo, conseller i secretari\u00a0de DAMM; i Josep Maria Solanellas,\u00a0president\u00a0de la Federaci\u00f3. La moderar\u00e0 el president de FEACEM Catalunya, Rafael Ruano. A continuaci\u00f3 intervindr\u00e0 el medallista de ciclisme paral\u00edmpic Sergio Garrote Mu\u00f1oz. La cloenda anir\u00e0 a c\u00e0rrec de la presidenta de l\u2019AED i directora d\u2019innovaci\u00f3 de\u00a0World Trade Center, Rita Almela. M\u00e9s informaci\u00f3 i inscripcions AQU\u00cd<\/p>\n","protected":false},"author":281,"featured_media":191916,"comment_status":"closed","ping_status":"closed","sticky":false,"template":"","format":"standard","meta":{"_links_to":"","_links_to_target":""},"categories":[8407],"tags":[],"acf":[],"wps_subtitle":"","_links":{"self":[{"href":"https:\/\/www.foment.com\/es\/wp-json\/wp\/v2\/posts\/191921"}],"collection":[{"href":"https:\/\/www.foment.com\/es\/wp-json\/wp\/v2\/posts"}],"about":[{"href":"https:\/\/www.foment.com\/es\/wp-json\/wp\/v2\/types\/post"}],"author":[{"embeddable":true,"href":"https:\/\/www.foment.com\/es\/wp-json\/wp\/v2\/users\/281"}],"replies":[{"embeddable":true,"href":"https:\/\/www.foment.com\/es\/wp-json\/wp\/v2\/comments?post=191921"}],"version-history":[{"count":2,"href":"https:\/\/www.foment.com\/es\/wp-json\/wp\/v2\/posts\/191921\/revisions"}],"predecessor-version":[{"id":191923,"href":"https:\/\/www.foment.com\/es\/wp-json\/wp\/v2\/posts\/191921\/revisions\/191923"}],"wp:featuredmedia":[{"embeddable":true,"href":"https:\/\/www.foment.com\/es\/wp-json\/wp\/v2\/media\/191916"}],"wp:attachment":[{"href":"https:\/\/www.foment.com\/es\/wp-json\/wp\/v2\/media?parent=191921"}],"wp:term":[{"taxonomy":"category","embeddable":true,"href":"https:\/\/www.foment.com\/es\/wp-json\/wp\/v2\/categories?post=191921"},{"taxonomy":"post_tag","embeddable":true,"href":"https:\/\/www.foment.com\/es\/wp-json\/wp\/v2\/tags?post=191921"}],"curies":[{"name":"wp","href":"https:\/\/api.w.org\/{rel}","templated":true}]}}