{"id":19272,"date":"2016-07-15T09:00:19","date_gmt":"2016-07-15T07:00:19","guid":{"rendered":"http:\/\/foment.itartech.com\/?p=19272"},"modified":"2016-09-05T09:37:27","modified_gmt":"2016-09-05T07:37:27","slug":"foment-condena-atentado-niza-muestra-solidaridad-las-victimas","status":"publish","type":"post","link":"https:\/\/www.foment.com\/es\/foment-condena-atentado-niza-muestra-solidaridad-las-victimas\/","title":{"rendered":"Foment condena el atentado de Niza y muestra su solidaridad con las v\u00edctimas"},"content":{"rendered":"<section class=\"wpb-content-wrapper\"><p>[vc_row][vc_column width=\u00bb1\/1&#8243;][vc_column_text]Foment del Treball muestra su solidaridad con las v\u00edctimas del atentado de esta madrugada en la ciudad de Niza y expresa su dolor por las brutales acciones terroristas que sacuden la convivencia, la democracia y el af\u00e1n de progreso de todos los ciudadanos del mundo.<\/p>\n<p>En horas tan dif\u00edciles, Foment del Treball expresa as\u00ed el apoyo del mundo empresarial a los valores que representa Europa en todo el mundo y conf\u00eda en que, desde la unidad, la cohesi\u00f3n institucional y la estabilidad social, siempre ser\u00e1 posible la paz y la libertad.[\/vc_column_text][\/vc_column][\/vc_row]<\/p>\n<\/section>","protected":false},"excerpt":{"rendered":"<p>[vc_row][vc_column width=\u00bb1\/1&#8243;][vc_column_text]Foment del Treball muestra su solidaridad con las v\u00edctimas del atentado de esta madrugada en la ciudad de Niza y expresa su dolor por las brutales acciones terroristas que sacuden la convivencia, la democracia y el af\u00e1n de progreso de todos los ciudadanos del mundo. En horas tan dif\u00edciles, Foment del Treball expresa as\u00ed el apoyo del mundo empresarial a los valores que representa Europa en todo el mundo y conf\u00eda en que, desde la unidad, la cohesi\u00f3n institucional y la estabilidad social, siempre ser\u00e1 posible la paz y la libertad.[\/vc_column_text][\/vc_column][\/vc_row]<\/p>\n","protected":false},"author":24,"featured_media":19045,"comment_status":"closed","ping_status":"closed","sticky":false,"template":"","format":"standard","meta":{"_links_to":"","_links_to_target":""},"categories":[68],"tags":[],"acf":[],"wps_subtitle":"","_links":{"self":[{"href":"https:\/\/www.foment.com\/es\/wp-json\/wp\/v2\/posts\/19272"}],"collection":[{"href":"https:\/\/www.foment.com\/es\/wp-json\/wp\/v2\/posts"}],"about":[{"href":"https:\/\/www.foment.com\/es\/wp-json\/wp\/v2\/types\/post"}],"author":[{"embeddable":true,"href":"https:\/\/www.foment.com\/es\/wp-json\/wp\/v2\/users\/24"}],"replies":[{"embeddable":true,"href":"https:\/\/www.foment.com\/es\/wp-json\/wp\/v2\/comments?post=19272"}],"version-history":[{"count":0,"href":"https:\/\/www.foment.com\/es\/wp-json\/wp\/v2\/posts\/19272\/revisions"}],"wp:featuredmedia":[{"embeddable":true,"href":"https:\/\/www.foment.com\/es\/wp-json\/wp\/v2\/media\/19045"}],"wp:attachment":[{"href":"https:\/\/www.foment.com\/es\/wp-json\/wp\/v2\/media?parent=19272"}],"wp:term":[{"taxonomy":"category","embeddable":true,"href":"https:\/\/www.foment.com\/es\/wp-json\/wp\/v2\/categories?post=19272"},{"taxonomy":"post_tag","embeddable":true,"href":"https:\/\/www.foment.com\/es\/wp-json\/wp\/v2\/tags?post=19272"}],"curies":[{"name":"wp","href":"https:\/\/api.w.org\/{rel}","templated":true}]}}