{"id":193776,"date":"2024-12-02T15:01:35","date_gmt":"2024-12-02T14:01:35","guid":{"rendered":"https:\/\/www.foment.com\/?p=193776"},"modified":"2024-12-02T16:30:14","modified_gmt":"2024-12-02T15:30:14","slug":"celebracion-la-xx-edicion-foro-dialogo-espana-italia-manana-foment-del-treball","status":"publish","type":"post","link":"https:\/\/www.foment.com\/es\/celebracion-la-xx-edicion-foro-dialogo-espana-italia-manana-foment-del-treball\/","title":{"rendered":"Celebraci\u00f3n de la XX Edici\u00f3n del Foro de Di\u00e1logo Espa\u00f1a-Italia ma\u00f1ana en Foment del Treball"},"content":{"rendered":"<section class=\"wpb-content-wrapper\"><p>[vc_row][vc_column width=\u00bb1\/1&#8243;][vc_column_text]<\/p>\n<ul>\n<li>El Foro reunir\u00e1 en Barcelona destacados representantes de los \u00e1mbitos pol\u00edtico, acad\u00e9mico, empresarial, econ\u00f3mico y de comunicaci\u00f3n<\/li>\n<li>En esta edici\u00f3n participaran el presidente de la Generalitat de Catalunya, los ministros de Economia de ambos pa\u00edses, los ministros de Agricultura, y el ministro\u00a0de Medio Ambiente italiano<\/li>\n<li>Se trata de un acontecimiento que se celebra desde hace dos d\u00e9cadas alternativamente en Italia y en Espa\u00f1a<\/li>\n<\/ul>\n<p>La <strong>XX Edici\u00f3n del Foro de Di\u00e1logo Espa\u00f1a-Italia<\/strong>, organizada conjuntamente por la <strong>Confederaci\u00f3n Espa\u00f1ola de Organizaciones Empresariales <\/strong>(CEOE), la <strong>Sociedad Barcelonesa de Estudios Econ\u00f3micos y Sociales de Foment del Treball<\/strong>\u00a0(SBEES) y la <strong>Agenzia di Ricerche e Legislazione <\/strong>(AREL), se celebrar\u00e1 en Barcelona, en la hist\u00f3rica sede de Foment del Treball, ma\u00f1ana <strong>martes 3 y mi\u00e9rcoles 4 de diciembre<\/strong> del 2024.<\/p>\n<p>En la sesi\u00f3n inaugural del martes a partir de las 16 horas participar\u00e1n <strong>Josep S\u00e1nchez Llibre<\/strong>, presidente de la SBEES y presidente de Foment de Treball; <strong>Antonio Garamendi<\/strong>, presidente de CEOE; <strong>Giuseppe Buccino Grimaldi<\/strong>, embajador de Italia en Espa\u00f1a; <strong>Miguel \u00c1ngel Fern\u00e1ndez-Palacios<\/strong>, embajador de Espa\u00f1a en Italia.<\/p>\n<p>Por su parte, para la clausura, <strong>Josep Antoni Duran y Lleida <\/strong>y <strong>Enrico Letta<\/strong>, coordinadores del Foro de Di\u00e1logo Espa\u00f1a-Italia expresar\u00e1n unas palabras antes del cierre realizado por el presidente de la Generalitat de Catalu\u00f1a, <strong>Salvador Illa<\/strong>.<\/p>\n<p>El Foro Espa\u00f1a\u2013Italia es un acontecimiento que se celebra desde hace dos d\u00e9cadas \u2013la primera edici\u00f3n se realiz\u00f3 el 1999 en G\u00e9nova\u2013 reuniendo, alternativamente en Italia y en Espa\u00f1a, destacados representantes de los \u00e1mbitos pol\u00edtico, acad\u00e9mico, empresarial, econ\u00f3mico y de comunicaci\u00f3n. La iniciativa, que naci\u00f3 de una intuici\u00f3n de <strong>Nino Andreatta<\/strong>, cuenta con el apoyo y el patrocinio de los gobiernos de los dos pa\u00edses, los cuales, en esta ocasi\u00f3n, igual que en ediciones anteriores, participar\u00e1n en los trabajos del foro con altos representantes institucionales.<\/p>\n<p>En un a\u00f1o marcado por importantes retos globales, la dimensi\u00f3n europea contin\u00faa siendo fundamental para Italia y Espa\u00f1a. Con el inicio de la nueva legislatura europea, es esencial continuar trabajando para reforzar la competitividad y la resiliencia a lo largo del eje mediterr\u00e1neo, promoviendo pol\u00edticas innovadoras y sostenibles.<\/p>\n<p>Como espacio simb\u00f3lico de di\u00e1logo e intercambio, la sede de Foment del Treball es un lugar ideal para el encuentro entre dos grandes pa\u00edses como Italia y Espa\u00f1a. En esta fase delicada, solo a trav\u00e9s de m\u00e1s formas de cooperaci\u00f3n entre los Estados miembros podr\u00e1n poner a la Uni\u00f3n Europea en condiciones de afrontar los desaf\u00edos existenciales a los que se enfrenta.<\/p>\n<p><span style=\"color: #d12238;\"><strong>Martes 3 de diciembre<\/strong><\/span><\/p>\n<p>En la primera jornada participar\u00e1n <strong>Fabio Panetta<\/strong>, gobernador del Banco de Italia; <strong>Carlos Cuerpo<\/strong>, ministro de Economia, Comercio y Empresa de Espa\u00f1a; y\u00a0<strong>Giancarlo Giorgetti<\/strong>, ministro de Econom\u00eda y Finanzas de Italia. Adem\u00e1s, se contar\u00e1 con\u00a0<strong>Arancha Gonz\u00e1lez Laya,<\/strong>\u00a0decana de la Escuela de Asuntos Internacionales de Sciences Po de Par\u00eds; <strong>Giampiero Massolo<\/strong>, presidente de Mundys; <strong>Mirenchu Del Valle<\/strong>, presidenta de UNESPA; <strong>Mauro Micillo<\/strong>, Chief of IMI Corporate &amp; Investment Banking Intesa San Paolo; <strong>Pier Carlo Padoan<\/strong>, presidente de Unicredit; y\u00a0<strong>Sofia Rodriguez<\/strong>, subdirectora general de Banc Sabadell.<\/p>\n<p>En el \u00e1mbito industrial destacar\u00e1 la presencia en las mesas de <strong>Marta Bl\u00e1zquez<\/strong>, presidenta de FACONAUTO; <strong>Amparo L\u00f3pez<\/strong>, secretaria de Estado de Comercio de Espa\u00f1a; <strong>Stefan Pan<\/strong>, vicepresidente para la Uni\u00f3n Europea y la relaci\u00f3n con la Confindustria europea; y <strong>Pasquale Salzano<\/strong>, presidente de SIMEST. En el \u00e1mbito de transformaci\u00f3n digital se contar\u00e1 con\u00a0<strong>Alberta Figari<\/strong>, presidenta de TIM; <strong>Marco Patuano<\/strong>, CEO de Cellnex Telecom; y\u00a0<strong>Eduardo Navarro<\/strong>, director de Asuntos Corporativos y Sostenibilidad de Telef\u00f3nica.<\/p>\n<p><span style=\"color: #d12238;\"><strong>Mi\u00e9rcoles 4 de diciembre<\/strong><\/span><\/p>\n<p>La jornada del segundo d\u00eda contar\u00e1 con\u00a0<strong>Jaume Duch Guillot<\/strong>, conseller de Uni\u00f3n Europea y Acci\u00f3n Exterior de la Generalitat de Catalunya que abrir\u00e1 las mesas. Despu\u00e9s para tratar de desaf\u00edos estrat\u00e9gicos y de la necesidad de apostar por la investigaci\u00f3n estar\u00e1n\u00a0<strong>Maria Chiara Carrozza<\/strong>, presidenta del Consell Nacional de Recerca italiano; <strong>Eloisa Del Pino<\/strong>, presidenta del Consejo Superior de Investigaciones Cient\u00edficas; <strong>Santiago I\u00f1iguez D&#8217;Onzo\u00f1o<\/strong>, presidente de la IE University; y\u00a0<strong>Paola Severino<\/strong>, presidenta de la LUISS School of Law. Sobre agricultura y sostenibilidad de recursos h\u00eddricos participar\u00e1n <strong>Yvonne Colomer<\/strong>, directora ejecutiva de la Fundaci\u00f3 Triptolemos; <strong>Jos\u00e9 Manuel Entrecanales<\/strong>, presidente de Acciona; <strong>Isabel Garc\u00eda Tejerina<\/strong>, exministra de Agricultura i asesora s\u00e9nior d&#8217;EY; y tambi\u00e9n con\u00a0<strong>Fabrizio Palermo<\/strong>, CEO de ACEA. Adem\u00e1s, el Foro Espa\u00f1a-Italia contar\u00e1 con una mesa con\u00a0<strong>Francesco Lollobrigida<\/strong>, ministro de Agricultura, Soberan\u00eda Alimentaria y Bosques de Italia; y\u00a0<strong>Luis Planas<\/strong>, ministro de Agricultura, Pesca y Alimentaci\u00f3n de Espa\u00f1a.<\/p>\n<p>Sobre el futuro del Green Deal Europeo, participar\u00e1n <strong>Immaculada Guti\u00e9rrez<\/strong>, directora general de Proyectos Internacionales de RENFE; <strong>Jos\u00e9 Bogas<\/strong>, CEO de Endesa; <strong>Stefano Donnarumma<\/strong>, CEO y director general del Grup FS Italiane; <strong>Nicola Lanzetta<\/strong>, director Italia d\u2019Enel; <strong>Antonio Llard\u00e9n<\/strong>, presidente de ENAGAS; y\u00a0<strong>Andrea Toselli<\/strong>, CEO y presidente de PwC Italia.\u00a0En otro encuentro de primer nivel para habla de ideas italianas y espa\u00f1olas para la transici\u00f3n y la seguridad energ\u00e9tica contaremos con <strong>Gilberto Pichetto Fratin<\/strong>, ministro de Medio Ambiente y Seguridad Energ\u00e9tica de Italia, y con <strong>Joan Groizard<\/strong>, secretario de Estado de Energ\u00eda del Gobierno de Espa\u00f1a.<\/p>\n<p>Otro encuentro de primer nivel, y para tratar de la cooperaci\u00f3n entre ambos pa\u00edses en el marco del nuevo programa de la Comisi\u00f3n Europea estar\u00e1n <strong>Raffaele Fitto<\/strong>, vicepresidente ejecutivo de la Comisi\u00f3n Europea para Cohesi\u00f3n y Reformas y <strong>Teresa Ribera Rodr\u00edguez<\/strong>, vicepresidenta ejecutiva de la Comisi\u00f3n Europea para la Transici\u00f3n Limpia, Justa y Competitiva.<\/p>\n<p>Aqu\u00ed tienes el enlace al <a href=\"https:\/\/www.foment.com\/wp-content\/uploads\/2024\/12\/Programa-20o-Foro-de-Dialogo-Espana-Italia-3-y-4-de-diciembre-de-2024.pdf\">programa completo<\/a>.[\/vc_column_text][\/vc_column][\/vc_row]<\/p>\n<\/section>","protected":false},"excerpt":{"rendered":"<p>[vc_row][vc_column width=\u00bb1\/1&#8243;][vc_column_text] El Foro reunir\u00e1 en Barcelona destacados representantes de los \u00e1mbitos pol\u00edtico, acad\u00e9mico, empresarial, econ\u00f3mico y de comunicaci\u00f3n En esta edici\u00f3n participaran el presidente de la Generalitat de Catalunya, los ministros de Economia de ambos pa\u00edses, los ministros de Agricultura, y el ministro\u00a0de Medio Ambiente italiano Se trata de un acontecimiento que se celebra desde hace dos d\u00e9cadas alternativamente en Italia y en Espa\u00f1a La XX Edici\u00f3n del Foro de Di\u00e1logo Espa\u00f1a-Italia, organizada conjuntamente por la Confederaci\u00f3n Espa\u00f1ola de Organizaciones Empresariales (CEOE), la Sociedad Barcelonesa de Estudios Econ\u00f3micos y Sociales de Foment del Treball\u00a0(SBEES) y la Agenzia di Ricerche e Legislazione (AREL), se celebrar\u00e1 en Barcelona, en la hist\u00f3rica sede de Foment del Treball, ma\u00f1ana martes 3 y mi\u00e9rcoles 4 de diciembre del 2024. En la sesi\u00f3n inaugural del martes a partir de las 16 horas participar\u00e1n Josep S\u00e1nchez Llibre, presidente de la SBEES y presidente de Foment de Treball; Antonio Garamendi, presidente de CEOE; Giuseppe Buccino Grimaldi, embajador de Italia en Espa\u00f1a; Miguel \u00c1ngel Fern\u00e1ndez-Palacios, embajador de Espa\u00f1a en Italia. Por su parte, para la clausura, Josep Antoni Duran y Lleida y Enrico Letta, coordinadores del Foro de Di\u00e1logo Espa\u00f1a-Italia expresar\u00e1n unas palabras antes del cierre realizado por [&hellip;]<\/p>\n","protected":false},"author":284,"featured_media":193783,"comment_status":"closed","ping_status":"closed","sticky":false,"template":"","format":"standard","meta":{"_links_to":"","_links_to_target":""},"categories":[114,69,68,72,5714],"tags":[8727],"acf":[],"wps_subtitle":"","_links":{"self":[{"href":"https:\/\/www.foment.com\/es\/wp-json\/wp\/v2\/posts\/193776"}],"collection":[{"href":"https:\/\/www.foment.com\/es\/wp-json\/wp\/v2\/posts"}],"about":[{"href":"https:\/\/www.foment.com\/es\/wp-json\/wp\/v2\/types\/post"}],"author":[{"embeddable":true,"href":"https:\/\/www.foment.com\/es\/wp-json\/wp\/v2\/users\/284"}],"replies":[{"embeddable":true,"href":"https:\/\/www.foment.com\/es\/wp-json\/wp\/v2\/comments?post=193776"}],"version-history":[{"count":6,"href":"https:\/\/www.foment.com\/es\/wp-json\/wp\/v2\/posts\/193776\/revisions"}],"predecessor-version":[{"id":193793,"href":"https:\/\/www.foment.com\/es\/wp-json\/wp\/v2\/posts\/193776\/revisions\/193793"}],"wp:featuredmedia":[{"embeddable":true,"href":"https:\/\/www.foment.com\/es\/wp-json\/wp\/v2\/media\/193783"}],"wp:attachment":[{"href":"https:\/\/www.foment.com\/es\/wp-json\/wp\/v2\/media?parent=193776"}],"wp:term":[{"taxonomy":"category","embeddable":true,"href":"https:\/\/www.foment.com\/es\/wp-json\/wp\/v2\/categories?post=193776"},{"taxonomy":"post_tag","embeddable":true,"href":"https:\/\/www.foment.com\/es\/wp-json\/wp\/v2\/tags?post=193776"}],"curies":[{"name":"wp","href":"https:\/\/api.w.org\/{rel}","templated":true}]}}