{"id":193809,"date":"2024-12-02T22:22:32","date_gmt":"2024-12-02T21:22:32","guid":{"rendered":"https:\/\/www.foment.com\/?p=193809"},"modified":"2024-12-02T22:22:32","modified_gmt":"2024-12-02T21:22:32","slug":"laceb-sadhereix-a-lacord-de-la-societat-civil-per-a-la-reforma-de-ladministracio","status":"publish","type":"post","link":"https:\/\/www.foment.com\/es\/laceb-sadhereix-a-lacord-de-la-societat-civil-per-a-la-reforma-de-ladministracio\/","title":{"rendered":"L\u2019ACEB s\u2019adhereix a l\u2019Acord de la Societat Civil per a la Reforma de l\u2019Administraci\u00f3"},"content":{"rendered":"<ul>\n<li>El F\u00f2rum d\u2019Entitats per la Reforma de l\u2019Administraci\u00f3 (FERA) mobilitza entitats econ\u00f2miques i socials de Catalunya en un acte solemne a La Llotja de Mar per llen\u00e7ar un missatge unitari a governants i forces pol\u00edtiques sobre la urg\u00e8ncia de modernitzar el sector p\u00fablic<\/li>\n<\/ul>\n<p>L\u2019Associaci\u00f3 Comarcal d\u2019Empresaris del Bergued\u00e0 s\u2019ha adherit a l\u2019Acord de la Societat Civil per a la Reforma de l\u2019Administraci\u00f3, una iniciativa liderada pel F\u00f2rum d\u2019Entitats per la Reforma de l\u2019Administraci\u00f3 (FERA), que reivindica una administraci\u00f3 menys burocr\u00e0tica, m\u00e9s professionalitzada i amb una digitalitzaci\u00f3 eficient.<\/p>\n<p>El president de l\u2019ACEB, Josep Maria Serarols, va ser present, el dimecres 28 de novembre, a la presentaci\u00f3 de l\u2019acord a la Llotja de Mar de Barcelona, amb la pres\u00e8ncia de representants de les 300 organitzacions com cambres de comer\u00e7, associacions empresarials, patronals, col\u00b7legis professionals i associacions del tercer sector que s\u2019han sumat a la iniciativa.<\/p>\n<p>Totes les entitats adherides han fusionat les seves veus per urgir al conjunt de les forces pol\u00edtiques de Catalunya i les persones que exerceixen les m\u00e0ximes responsabilitats en la governan\u00e7a del pa\u00eds un comprom\u00eds pol\u00edtic clar i amb visi\u00f3 de pa\u00eds a mitj\u00e0 i llarg termini per emprendre una profunda reforma de l\u2019administraci\u00f3 a l\u2019al\u00e7ada dels reptes del segle XXI.<\/p>\n<p>En aquest sentit, el m\u00f3n econ\u00f2mic i social alerta que el conjunt de la societat es veu directament afectat per l\u2019entorn regulador i el funcionament del sector p\u00fablic, que gestiona el 50% del PIB. Si l\u2019administraci\u00f3 p\u00fablica no \u00e9s capa\u00e7 de gestionar aquest important volum de recursos amb efici\u00e8ncia i productivitat, aix\u00f2 esdev\u00e9 un fre a la productivitat i a la just\u00edcia social.<\/p>\n<p>Sota aquestes bases, l\u2019acord promogut pel FERA recull una s\u00e8rie de demandes concretes per a una administraci\u00f3 moderna, competitiva, efica\u00e7 i participativa, i reclama un pla operatiu amb un calendari, un pressupost, un \u00f2rgan responsable de la seva execuci\u00f3 i un grup consultiu extern d\u2019avaluaci\u00f3 i seguiment per poder materialitzar amb \u00e8xit la reforma del sector p\u00fablic.<\/p>\n<p>Les demandes de l\u2019acord es dirigeixen al Parlament de Catalunya, al Govern de la Generalitat, a les administracions p\u00fabliques i a tots els partits pol\u00edtics de Catalunya. At\u00e8s que aquesta reforma \u00e9s urgent i no es pot postergar, les organitzacions signants manifesten que seran exigents tant amb el compliment dels objectius com amb els resultats.<\/p>\n<p><a href=\"https:\/\/fera.cat\/el-mon-economic-i-social-de-catalunya-suneix-per-reclamar-una-administracio-menys-burocratica-mes-professionalitzada-i-amb-una-digitalitzacio-eficient\/\" target=\"_blank\" rel=\"noopener\">Llegeix tota la informaci\u00f3 de l&#8217;acord.<\/a><\/p>\n","protected":false},"excerpt":{"rendered":"<p>El F\u00f2rum d\u2019Entitats per la Reforma de l\u2019Administraci\u00f3 (FERA) mobilitza entitats econ\u00f2miques i socials de Catalunya en un acte solemne a La Llotja de Mar per llen\u00e7ar un missatge unitari a governants i forces pol\u00edtiques sobre la urg\u00e8ncia de modernitzar el sector p\u00fablic L\u2019Associaci\u00f3 Comarcal d\u2019Empresaris del Bergued\u00e0 s\u2019ha adherit a l\u2019Acord de la Societat Civil per a la Reforma de l\u2019Administraci\u00f3, una iniciativa liderada pel F\u00f2rum d\u2019Entitats per la Reforma de l\u2019Administraci\u00f3 (FERA), que reivindica una administraci\u00f3 menys burocr\u00e0tica, m\u00e9s professionalitzada i amb una digitalitzaci\u00f3 eficient. El president de l\u2019ACEB, Josep Maria Serarols, va ser present, el dimecres 28 de novembre, a la presentaci\u00f3 de l\u2019acord a la Llotja de Mar de Barcelona, amb la pres\u00e8ncia de representants de les 300 organitzacions com cambres de comer\u00e7, associacions empresarials, patronals, col\u00b7legis professionals i associacions del tercer sector que s\u2019han sumat a la iniciativa. Totes les entitats adherides han fusionat les seves veus per urgir al conjunt de les forces pol\u00edtiques de Catalunya i les persones que exerceixen les m\u00e0ximes responsabilitats en la governan\u00e7a del pa\u00eds un comprom\u00eds pol\u00edtic clar i amb visi\u00f3 de pa\u00eds a mitj\u00e0 i llarg termini per emprendre una profunda reforma de l\u2019administraci\u00f3 a l\u2019al\u00e7ada dels reptes [&hellip;]<\/p>\n","protected":false},"author":281,"featured_media":0,"comment_status":"closed","ping_status":"closed","sticky":false,"template":"","format":"standard","meta":{"_links_to":"","_links_to_target":""},"categories":[65],"tags":[],"acf":[],"wps_subtitle":"","_links":{"self":[{"href":"https:\/\/www.foment.com\/es\/wp-json\/wp\/v2\/posts\/193809"}],"collection":[{"href":"https:\/\/www.foment.com\/es\/wp-json\/wp\/v2\/posts"}],"about":[{"href":"https:\/\/www.foment.com\/es\/wp-json\/wp\/v2\/types\/post"}],"author":[{"embeddable":true,"href":"https:\/\/www.foment.com\/es\/wp-json\/wp\/v2\/users\/281"}],"replies":[{"embeddable":true,"href":"https:\/\/www.foment.com\/es\/wp-json\/wp\/v2\/comments?post=193809"}],"version-history":[{"count":1,"href":"https:\/\/www.foment.com\/es\/wp-json\/wp\/v2\/posts\/193809\/revisions"}],"predecessor-version":[{"id":193810,"href":"https:\/\/www.foment.com\/es\/wp-json\/wp\/v2\/posts\/193809\/revisions\/193810"}],"wp:attachment":[{"href":"https:\/\/www.foment.com\/es\/wp-json\/wp\/v2\/media?parent=193809"}],"wp:term":[{"taxonomy":"category","embeddable":true,"href":"https:\/\/www.foment.com\/es\/wp-json\/wp\/v2\/categories?post=193809"},{"taxonomy":"post_tag","embeddable":true,"href":"https:\/\/www.foment.com\/es\/wp-json\/wp\/v2\/tags?post=193809"}],"curies":[{"name":"wp","href":"https:\/\/api.w.org\/{rel}","templated":true}]}}