{"id":193959,"date":"2024-12-05T12:37:11","date_gmt":"2024-12-05T11:37:11","guid":{"rendered":"https:\/\/www.foment.com\/?p=193959"},"modified":"2024-12-05T12:37:12","modified_gmt":"2024-12-05T11:37:12","slug":"empresas-saludables-prevencion-y-abordaje-de-la-obesidad-en-el-ambito-laboral","status":"publish","type":"post","link":"https:\/\/www.foment.com\/es\/empresas-saludables-prevencion-y-abordaje-de-la-obesidad-en-el-ambito-laboral\/","title":{"rendered":"Empresas saludables: Prevenci\u00f3n y abordaje de la obesidad en el \u00e1mbito laboral"},"content":{"rendered":"<section class=\"wpb-content-wrapper\"><p>[vc_row][vc_column][vc_column_text]<\/p>\n<p style=\"text-align: justify;\">La obesidad es un problema de salud p\u00fablica a nivel mundial, hasta el punto de haber sido denominada como la \u201cpandemia del Siglo XXI\u201d en pa\u00edses desarrollados, por la Organizaci\u00f3n Mundial de la Salud (OMS). Actualmente hay m\u00e1s de 650 millones de pacientes adultos con obesidad en el mundo (aprox. 13% de la poblaci\u00f3n mundial adulta), y estas cifras aumentan a\u00f1o tras a\u00f1o. Se estima que en 2030 la poblaci\u00f3n con obesidad a nivel mundial ser\u00e1 de 1.025 millones de adultos (aprox. 18% de la poblaci\u00f3n mundial actual).<\/p>\n<p style=\"text-align: justify;\">Adem\u00e1s, es necesario reconocer la obesidad como la causa primaria de otras patolog\u00edas (+ de 200 complicaciones asociadas a la obesidad), entre ellas las enfermedades cardiovasculares, diabetes, enfermedad metab\u00f3lica hep\u00e1tica, apnea obstructiva del sue\u00f1o, enfermedad renal cr\u00f3nica, algunos tipos de c\u00e1ncer, etc. y, por tanto, la necesidad de registrar variables (IMC, relaci\u00f3n per\u00edmetro cintura\/cadera\u2026) que permitan determinar la prevalencia y grado de la patolog\u00eda.<\/p>\n<p style=\"text-align: justify;\">En el \u00e1mbito laboral, esta situaci\u00f3n toma especial relevancia, ya que puede afectar tanto a la salud f\u00edsica como mental de los trabajadores.<\/p>\n<p>[\/vc_column_text][\/vc_column][\/vc_row][vc_row top_padding=\u00bb20&#8243;][vc_column width=\u00bb1\/1&#8243;][vc_column_text]<\/p>\n<h1><span style=\"color: #d2112d;\">V\u00eddeo de la jornada<\/span><\/h1>\n<p>[\/vc_column_text][vc_video link=\u00bbhttps:\/\/youtu.be\/nPmrW9PIKT4&#8243; align=\u00bbcenter\u00bb][\/vc_column][\/vc_row][vc_row top_padding=\u00bb40&#8243;][vc_column width=\u00bb1\/1&#8243;][vc_column_text]<\/p>\n<h1><span style=\"color: #d2112d;\">Documentaci\u00f3n de la jornada<\/span><\/h1>\n<p>[\/vc_column_text][\/vc_column][\/vc_row][vc_row top_padding=\u00bb20&#8243;][vc_column width=\u00bb1\/2&#8243;][vc_column_text]<\/p>\n<h3>Ponencia<\/h3>\n<p>Dr. Albert Goday<br \/>\nEspecialista en endocrinolog\u00eda y nutrici\u00f3n. Hospital del Mar.[\/vc_column_text]<a href=\"https:\/\/www.foment.com\/wp-content\/uploads\/2024\/12\/PonenciaPRL_obesidad_01.pdf\" target=\"_self\" class=\"button color-2 medium \" style=\"border-radius: 2px;\">Descargar<\/a>[\/vc_column][vc_column width=\u00bb1\/2&#8243;][vc_column_text]<\/p>\n<h3>Ponencia<\/h3>\n<p>Dra. Montserrat Puiggen\u00e8 y Dra. Am\u00e8lia Sos<br \/>\nSocietat Catalana de Salut Laboral.[\/vc_column_text]<a href=\"https:\/\/www.foment.com\/wp-content\/uploads\/2024\/12\/PonenciaPRL_obesidad_02.pdf\" target=\"_self\" class=\"button color-2 medium \" style=\"border-radius: 2px;\">Descargar<\/a>[\/vc_column][\/vc_row][vc_row top_padding=\u00bb20&#8243;][vc_column width=\u00bb1\/2&#8243;][vc_column_text]<\/p>\n<h3>Ponencia<\/h3>\n<p>Dra. Ana de Hollanda<br \/>\nEspecialista en endocrinolog\u00eda y nutrici\u00f3n. Hospital Cl\u00ednic de Barcelona.[\/vc_column_text]<a href=\"https:\/\/www.foment.com\/wp-content\/uploads\/2024\/12\/PonenciaPRL_obesidad_03.pdf\" target=\"_self\" class=\"button color-2 medium \" style=\"border-radius: 2px;\">Descargar<\/a>[\/vc_column][vc_column width=\u00bb1\/2&#8243;][vc_column_text]<\/p>\n<h3>Ponencia<\/h3>\n<p>Dra. Te\u00f3fila Vicente<br \/>\nCoordinadora del Grupo de obesidad de la Asociaci\u00f3n Espa\u00f1ola de Especialistas en Medicina del Trabajo.[\/vc_column_text]<a href=\"https:\/\/www.foment.com\/wp-content\/uploads\/2024\/12\/PonenciaPRL_obesidad_04.pdf\" target=\"_self\" class=\"button color-2 medium \" style=\"border-radius: 2px;\">Descargar<\/a>[\/vc_column][\/vc_row][vc_row top_padding=\u00bb40&#8243;][vc_column width=\u00bb1\/1&#8243;][vc_column_text]<\/p>\n<h1><span style=\"color: #d2112d;\">Documentaci\u00f3n relacionada<\/span><\/h1>\n<p>[\/vc_column_text][\/vc_column][\/vc_row][vc_row top_padding=\u00bb20&#8243;][vc_column width=\u00bb4\/6&#8243;][vc_column_text]<\/p>\n<h3>La obesidad en la salud laboral<\/h3>\n<p style=\"text-align: justify;\"><strong>Una visi\u00f3n desde la medicina del trabajo de la persona trabajadora que vive con obesidad<\/strong><\/p>\n<p style=\"text-align: justify;\">El Grupo de Trabajo de la Asociaci\u00f3n Espa\u00f1ola de Especialistas en Medicina del Trabajo (AEEMT) ha editado una gu\u00eda sobre la obesidad en la salud laboral. Los contenidos de la publicaci\u00f3n contemplan aspectos generales en obesidad y aspectos relacionados con la obesidad y el trabajo, incluyendo actuaciones preventivas en vigilancia de la salud individual y colectiva, as\u00ed como actuaciones en promoci\u00f3n de la salud en las empresas.<\/p>\n<p>[\/vc_column_text][\/vc_column][vc_column width=\u00bb2\/6&#8243;][vc_single_image image=\u00bb193961&#8243; img_size=\u00bblarge\u00bb]<a href=\"http:\/\/www.aeemt.com\/web\/2024\/02\/22\/la-obesidad-en-la-salud-laboral\/\" target=\"_self\" class=\"button color-2 medium \" style=\"border-radius: 2px;\">Descargar<\/a>[\/vc_column][\/vc_row]<\/p>\n<\/section>","protected":false},"excerpt":{"rendered":"<p>[vc_row][vc_column][vc_column_text] La obesidad es un problema de salud p\u00fablica a nivel mundial, hasta el punto de haber sido denominada como la \u201cpandemia del Siglo XXI\u201d en pa\u00edses desarrollados, por la Organizaci\u00f3n Mundial de la Salud (OMS). Actualmente hay m\u00e1s de 650 millones de pacientes adultos con obesidad en el mundo (aprox. 13% de la poblaci\u00f3n mundial adulta), y estas cifras aumentan a\u00f1o tras a\u00f1o. Se estima que en 2030 la poblaci\u00f3n con obesidad a nivel mundial ser\u00e1 de 1.025 millones de adultos (aprox. 18% de la poblaci\u00f3n mundial actual). Adem\u00e1s, es necesario reconocer la obesidad como la causa primaria de otras patolog\u00edas (+ de 200 complicaciones asociadas a la obesidad), entre ellas las enfermedades cardiovasculares, diabetes, enfermedad metab\u00f3lica hep\u00e1tica, apnea obstructiva del sue\u00f1o, enfermedad renal cr\u00f3nica, algunos tipos de c\u00e1ncer, etc. y, por tanto, la necesidad de registrar variables (IMC, relaci\u00f3n per\u00edmetro cintura\/cadera\u2026) que permitan determinar la prevalencia y grado de la patolog\u00eda. En el \u00e1mbito laboral, esta situaci\u00f3n toma especial relevancia, ya que puede afectar tanto a la salud f\u00edsica como mental de los trabajadores. [\/vc_column_text][\/vc_column][\/vc_row][vc_row top_padding=\u00bb20&#8243;][vc_column width=\u00bb1\/1&#8243;][vc_column_text] V\u00eddeo de la jornada [\/vc_column_text][vc_video link=\u00bbhttps:\/\/youtu.be\/nPmrW9PIKT4&#8243; align=\u00bbcenter\u00bb][\/vc_column][\/vc_row][vc_row top_padding=\u00bb40&#8243;][vc_column width=\u00bb1\/1&#8243;][vc_column_text] Documentaci\u00f3n de la jornada [\/vc_column_text][\/vc_column][\/vc_row][vc_row top_padding=\u00bb20&#8243;][vc_column width=\u00bb1\/2&#8243;][vc_column_text] Ponencia Dr. Albert Goday Especialista [&hellip;]<\/p>\n","protected":false},"author":15,"featured_media":193978,"comment_status":"closed","ping_status":"closed","sticky":false,"template":"","format":"standard","meta":{"_links_to":"","_links_to_target":""},"categories":[6578,216],"tags":[985,417,6190],"acf":[],"wps_subtitle":"<strong>En esta jornada se puso de manifiesto la importancia de promover ambientes de trabajo activos y saludables, que fomenten la prevenci\u00f3n de la obesidad en el \u00e1mbito laboral.<\/strong>","_links":{"self":[{"href":"https:\/\/www.foment.com\/es\/wp-json\/wp\/v2\/posts\/193959"}],"collection":[{"href":"https:\/\/www.foment.com\/es\/wp-json\/wp\/v2\/posts"}],"about":[{"href":"https:\/\/www.foment.com\/es\/wp-json\/wp\/v2\/types\/post"}],"author":[{"embeddable":true,"href":"https:\/\/www.foment.com\/es\/wp-json\/wp\/v2\/users\/15"}],"replies":[{"embeddable":true,"href":"https:\/\/www.foment.com\/es\/wp-json\/wp\/v2\/comments?post=193959"}],"version-history":[{"count":7,"href":"https:\/\/www.foment.com\/es\/wp-json\/wp\/v2\/posts\/193959\/revisions"}],"predecessor-version":[{"id":194349,"href":"https:\/\/www.foment.com\/es\/wp-json\/wp\/v2\/posts\/193959\/revisions\/194349"}],"wp:featuredmedia":[{"embeddable":true,"href":"https:\/\/www.foment.com\/es\/wp-json\/wp\/v2\/media\/193978"}],"wp:attachment":[{"href":"https:\/\/www.foment.com\/es\/wp-json\/wp\/v2\/media?parent=193959"}],"wp:term":[{"taxonomy":"category","embeddable":true,"href":"https:\/\/www.foment.com\/es\/wp-json\/wp\/v2\/categories?post=193959"},{"taxonomy":"post_tag","embeddable":true,"href":"https:\/\/www.foment.com\/es\/wp-json\/wp\/v2\/tags?post=193959"}],"curies":[{"name":"wp","href":"https:\/\/api.w.org\/{rel}","templated":true}]}}