{"id":19407,"date":"2014-06-27T09:00:19","date_gmt":"2014-06-27T07:00:19","guid":{"rendered":"http:\/\/foment.itartech.com\/?p=19407"},"modified":"2017-05-24T13:46:02","modified_gmt":"2017-05-24T11:46:02","slug":"seat-contrata-los-primeros-45-aprendices-la-fp-dual%e2%80%8b","status":"publish","type":"post","link":"https:\/\/www.foment.com\/es\/seat-contrata-los-primeros-45-aprendices-la-fp-dual%e2%80%8b\/","title":{"rendered":"SEAT contrata a los primeros 45 aprendices de la FP dual\u200b"},"content":{"rendered":"<section class=\"wpb-content-wrapper\"><p>[vc_row][vc_column width=\u00bb1\/1&#8243;][vc_column_text]SEAT ha celebrado hoy en Martorell el acto de graduaci\u00f3n de la primera promoci\u00f3n de aprendices formados con el nuevo modelo de FP dual de la compa\u00f1\u00eda. Los 45 graduados, que han completado los tres a\u00f1os del ciclo medio de Formaci\u00f3n Profesional, se incorporar\u00e1n a la empresa con un contrato indefinido a partir del pr\u00f3ximo martes 1 de julio.<\/p>\n<p>Por primera vez, adem\u00e1s, la titulaci\u00f3n de todos los alumnos no solo est\u00e1 reconocida en Espa\u00f1a por el Departamento de Ense\u00f1anza de la Generalitat de Catalu\u00f1a, sino tambi\u00e9n en Alemania ya que cuenta con el aval de la C\u00e1mara de Comercio Alemana para Espa\u00f1a. Para obtener esta doble titulaci\u00f3n, los alumnos han superado los ex\u00e1menes de ambas instituciones.[\/vc_column_text]<div class=\"spacer\" style=\"height: 20px;\"><\/div><div class=\"single_image wpb_content_element align-center    \" data-animation=\"none\" data-delay=\"0\"><img width=\"600\" height=\"400\" src=\"https:\/\/www.foment.com\/wp-content\/uploads\/2014\/06\/Fbrica4_600.jpg\" class=\"attachment-full\" alt=\"\" loading=\"lazy\" title=\"2014-06-27-Fbrica4_600\" srcset=\"https:\/\/www.foment.com\/wp-content\/uploads\/2014\/06\/Fbrica4_600.jpg 600w, https:\/\/www.foment.com\/wp-content\/uploads\/2014\/06\/Fbrica4_600-300x200.jpg 300w\" sizes=\"(max-width: 600px) 100vw, 600px\" \/><span class=\"single_image_caption\">\u00a9 Seat<\/span><\/div><div class=\"spacer\" style=\"height: 20px;\"><\/div>[vc_column_text]El acto de graduaci\u00f3n ha contado con la asistencia de la consellera de Ense\u00f1anza de la Generalitat de Catalu\u00f1a, Irene Rigau, y de la subdirectora de la C\u00e1mara de Comercio Alemana para Espa\u00f1a, Marie Antonia von Sch\u00f6nburg, entre otros representantes institucionales.<\/p>\n<p>Por parte de SEAT, han intervenido el presidente del Consejo de Administraci\u00f3n, Dr. Francisco Javier Garc\u00eda Sanz; el presidente del Comit\u00e9 Ejecutivo, J\u00fcrgen Stackmann, y el vicepresidente ejecutivo de Recursos Humanos, Josef Schelchshorn. Todos han reconocido el valor de la formaci\u00f3n dual para para adquirir una s\u00f3lida experiencia y cualificaci\u00f3n profesional, y han premiado a los mejores aprendices de cada especialidad.<\/p>\n<div>\u00a0<strong>Un modelo \u00fanico, cinco profesiones diferentes<\/strong><\/div>\n<p>SEAT imparte la formaci\u00f3n profesional dual desde el curso 2012-2013, y es una empresa pionera en la aplicaci\u00f3n de este sistema en Espa\u00f1a. Basada en el sistema alem\u00e1n, combina a partes iguales formaci\u00f3n te\u00f3rica y pr\u00e1ctica en su propio centro, la Escuela de Aprendices, con trabajo en las plantas de producci\u00f3n de la compa\u00f1\u00eda. Los alumnos graduados hoy se han especializado en una de las cinco profesiones de Grado Medio que ofrece SEAT: mec\u00e1nico industrial, matricero, electromec\u00e1nico, electr\u00f3nico de automatizaci\u00f3n y electromec\u00e1nico de veh\u00edculos. Durante este periodo, todos han contado con un contrato laboral de formaci\u00f3n y aprendizaje y han percibido una remuneraci\u00f3n mensual. Para el pr\u00f3ximo a\u00f1o acad\u00e9mico 2014-2015 m\u00e1s de 900 candidatos se han inscrito para optar a una de las 60 plazas que ofrece el centro de formaci\u00f3n para acceder al primer curso.<\/p>\n<p><a href=\"http:\/\/seat-mediacenter.es\/es-stories\/recursos-humanos\/seat-contrata-a-los-primeros-45-aprendices-de-la-fp-dual\/\" target=\"_blank\"><strong>Ver m\u00e1s<\/strong><\/a><\/p>\n<p>[\/vc_column_text][\/vc_column][\/vc_row]<\/p>\n<\/section>","protected":false},"excerpt":{"rendered":"<p>[vc_row][vc_column width=\u00bb1\/1&#8243;][vc_column_text]SEAT ha celebrado hoy en Martorell el acto de graduaci\u00f3n de la primera promoci\u00f3n de aprendices formados con el nuevo modelo de FP dual de la compa\u00f1\u00eda. Los 45 graduados, que han completado los tres a\u00f1os del ciclo medio de Formaci\u00f3n Profesional, se incorporar\u00e1n a la empresa con un contrato indefinido a partir del pr\u00f3ximo martes 1 de julio. Por primera vez, adem\u00e1s, la titulaci\u00f3n de todos los alumnos no solo est\u00e1 reconocida en Espa\u00f1a por el Departamento de Ense\u00f1anza de la Generalitat de Catalu\u00f1a, sino tambi\u00e9n en Alemania ya que cuenta con el aval de la C\u00e1mara de Comercio Alemana para Espa\u00f1a. Para obtener esta doble titulaci\u00f3n, los alumnos han superado los ex\u00e1menes de ambas instituciones.[\/vc_column_text][vc_column_text]El acto de graduaci\u00f3n ha contado con la asistencia de la consellera de Ense\u00f1anza de la Generalitat de Catalu\u00f1a, Irene Rigau, y de la subdirectora de la C\u00e1mara de Comercio Alemana para Espa\u00f1a, Marie Antonia von Sch\u00f6nburg, entre otros representantes institucionales. Por parte de SEAT, han intervenido el presidente del Consejo de Administraci\u00f3n, Dr. Francisco Javier Garc\u00eda Sanz; el presidente del Comit\u00e9 Ejecutivo, J\u00fcrgen Stackmann, y el vicepresidente ejecutivo de Recursos Humanos, Josef Schelchshorn. Todos han reconocido el valor de la formaci\u00f3n dual [&hellip;]<\/p>\n","protected":false},"author":24,"featured_media":19732,"comment_status":"closed","ping_status":"closed","sticky":false,"template":"","format":"standard","meta":{"_links_to":"","_links_to_target":""},"categories":[113,556],"tags":[580,557],"acf":[],"wps_subtitle":"Por primera vez, adem\u00e1s, la titulaci\u00f3n de todos los alumnos no solo est\u00e1 reconocida en Espa\u00f1a por el Departamento de Ense\u00f1anza de la Generalitat de Catalu\u00f1a, sino tambi\u00e9n en Alemania","_links":{"self":[{"href":"https:\/\/www.foment.com\/es\/wp-json\/wp\/v2\/posts\/19407"}],"collection":[{"href":"https:\/\/www.foment.com\/es\/wp-json\/wp\/v2\/posts"}],"about":[{"href":"https:\/\/www.foment.com\/es\/wp-json\/wp\/v2\/types\/post"}],"author":[{"embeddable":true,"href":"https:\/\/www.foment.com\/es\/wp-json\/wp\/v2\/users\/24"}],"replies":[{"embeddable":true,"href":"https:\/\/www.foment.com\/es\/wp-json\/wp\/v2\/comments?post=19407"}],"version-history":[{"count":0,"href":"https:\/\/www.foment.com\/es\/wp-json\/wp\/v2\/posts\/19407\/revisions"}],"wp:featuredmedia":[{"embeddable":true,"href":"https:\/\/www.foment.com\/es\/wp-json\/wp\/v2\/media\/19732"}],"wp:attachment":[{"href":"https:\/\/www.foment.com\/es\/wp-json\/wp\/v2\/media?parent=19407"}],"wp:term":[{"taxonomy":"category","embeddable":true,"href":"https:\/\/www.foment.com\/es\/wp-json\/wp\/v2\/categories?post=19407"},{"taxonomy":"post_tag","embeddable":true,"href":"https:\/\/www.foment.com\/es\/wp-json\/wp\/v2\/tags?post=19407"}],"curies":[{"name":"wp","href":"https:\/\/api.w.org\/{rel}","templated":true}]}}