{"id":19410,"date":"2014-06-30T09:00:46","date_gmt":"2014-06-30T07:00:46","guid":{"rendered":"http:\/\/foment.itartech.com\/?p=19410"},"modified":"2016-11-30T18:29:14","modified_gmt":"2016-11-30T17:29:14","slug":"buena-acogida-la-mesa-redonda-emprenedors-actitud-on-tarragona","status":"publish","type":"post","link":"https:\/\/www.foment.com\/es\/buena-acogida-la-mesa-redonda-emprenedors-actitud-on-tarragona\/","title":{"rendered":"Buena acogida de la mesa redonda \u2018Emprenedors: Actitud On\u2019 en Tarragona"},"content":{"rendered":"<section class=\"wpb-content-wrapper\"><p>[vc_row][vc_column width=\u00bb1\/1&#8243;][vc_column_text]\u00bfC\u00f3mo damos forma a esta idea de empresa que nos ronda por la cabeza? \u00bfQu\u00e9 herramientas tenemos a nuestro alcance para hacer crecer nuestro negocio? Estas y otras cuestiones forman parte del debate eterno que acompa\u00f1a a\u00a0todas aquellas personas que deciden emprender un negocio en solitario. Cuestiones que han centrado la mesa redonda que este lunes 30 de junio por la ma\u00f1ana se ha llevado a cabo en las instalaciones de CEPTA (Tarragona), un encuentro que ha servido para poner sobre la mesa estas cuestiones y abrir el debate las experiencias de varias empresas conocidas por ser causas de \u00e9xito.<\/p>\n<p>Bajo el t\u00edtulo &#8216;Emprendedores: Actitud ON&#8217;, el acto ha contado con la presencia de Oriol Pujols, Gerente, y Jordi Reig, Fundador, de RS Tecnolog\u00eda, SL, ganadores del Premio al Emprendimiento de la Noche Empresarial de CEPTA 2014; y Alfonso Ribas y Susanna Blas\u00f3n, Co Fundadores de Troccat, ganadores del Premio Emprende Socialmente los Premios Emprende de la Diputaci\u00f3n de Tarragona 2013.<\/p>\n<p>Este es el primer seminario en Tarragona del ciclo &#8216;Reinventa&#8217;t: Transforma y crea&#8217;, relaciont con el mundo emprendedor, y que tiene por objetivo facilitar espacios de networking e intercambio de conocimientos entre los empresarios, noveles y\/o con una trayectoria profesional consolidada, y los nuevos emprendedores de la demarcaci\u00f3n de Tarragona.<\/p>\n<p>&nbsp;<\/p>\n<p>[\/vc_column_text]<div class=\"spacer\" style=\"height: 20px;\"><\/div><a href=\"\/wp-content\/uploads\/2016\/09\/NP-Emprenedors-Actitud-ON_dilluns30.pdf\" target=\"_blank\" class=\"button color-2 small \" style=\"border-radius: 2px;\">Descarga la noticia en PDF<\/a>[\/vc_column][\/vc_row]<\/p>\n<\/section>","protected":false},"excerpt":{"rendered":"<p>[vc_row][vc_column width=\u00bb1\/1&#8243;][vc_column_text]\u00bfC\u00f3mo damos forma a esta idea de empresa que nos ronda por la cabeza? \u00bfQu\u00e9 herramientas tenemos a nuestro alcance para hacer crecer nuestro negocio? Estas y otras cuestiones forman parte del debate eterno que acompa\u00f1a a\u00a0todas aquellas personas que deciden emprender un negocio en solitario. Cuestiones que han centrado la mesa redonda que este lunes 30 de junio por la ma\u00f1ana se ha llevado a cabo en las instalaciones de CEPTA (Tarragona), un encuentro que ha servido para poner sobre la mesa estas cuestiones y abrir el debate las experiencias de varias empresas conocidas por ser causas de \u00e9xito. Bajo el t\u00edtulo &#8216;Emprendedores: Actitud ON&#8217;, el acto ha contado con la presencia de Oriol Pujols, Gerente, y Jordi Reig, Fundador, de RS Tecnolog\u00eda, SL, ganadores del Premio al Emprendimiento de la Noche Empresarial de CEPTA 2014; y Alfonso Ribas y Susanna Blas\u00f3n, Co Fundadores de Troccat, ganadores del Premio Emprende Socialmente los Premios Emprende de la Diputaci\u00f3n de Tarragona 2013. Este es el primer seminario en Tarragona del ciclo &#8216;Reinventa&#8217;t: Transforma y crea&#8217;, relaciont con el mundo emprendedor, y que tiene por objetivo facilitar espacios de networking e intercambio de conocimientos entre los empresarios, noveles y\/o con una [&hellip;]<\/p>\n","protected":false},"author":24,"featured_media":19740,"comment_status":"closed","ping_status":"closed","sticky":false,"template":"","format":"standard","meta":{"_links_to":"","_links_to_target":""},"categories":[67,123],"tags":[],"acf":[],"wps_subtitle":"Sesi\u00f3n del ciclo Reinventa\u2019t: Transforma i Crea de Foment que, en Tarragona, plantea respuestas para las preguntas: \u00bfC\u00f3mo damos forma a esta idea de empresa que nos ronda por la cabeza? Qu\u00e9 herramientas tenemos a nuestro alcance para hacer crecer nuestro negocio?\u200b","_links":{"self":[{"href":"https:\/\/www.foment.com\/es\/wp-json\/wp\/v2\/posts\/19410"}],"collection":[{"href":"https:\/\/www.foment.com\/es\/wp-json\/wp\/v2\/posts"}],"about":[{"href":"https:\/\/www.foment.com\/es\/wp-json\/wp\/v2\/types\/post"}],"author":[{"embeddable":true,"href":"https:\/\/www.foment.com\/es\/wp-json\/wp\/v2\/users\/24"}],"replies":[{"embeddable":true,"href":"https:\/\/www.foment.com\/es\/wp-json\/wp\/v2\/comments?post=19410"}],"version-history":[{"count":0,"href":"https:\/\/www.foment.com\/es\/wp-json\/wp\/v2\/posts\/19410\/revisions"}],"wp:featuredmedia":[{"embeddable":true,"href":"https:\/\/www.foment.com\/es\/wp-json\/wp\/v2\/media\/19740"}],"wp:attachment":[{"href":"https:\/\/www.foment.com\/es\/wp-json\/wp\/v2\/media?parent=19410"}],"wp:term":[{"taxonomy":"category","embeddable":true,"href":"https:\/\/www.foment.com\/es\/wp-json\/wp\/v2\/categories?post=19410"},{"taxonomy":"post_tag","embeddable":true,"href":"https:\/\/www.foment.com\/es\/wp-json\/wp\/v2\/tags?post=19410"}],"curies":[{"name":"wp","href":"https:\/\/api.w.org\/{rel}","templated":true}]}}