{"id":19488,"date":"2014-09-16T09:00:45","date_gmt":"2014-09-16T07:00:45","guid":{"rendered":"http:\/\/foment.itartech.com\/?p=19488"},"modified":"2017-03-07T16:13:14","modified_gmt":"2017-03-07T15:13:14","slug":"gay-montella-defiende-madrid-pacto-institucional-reconozca-la-realidad-nacional-catalunya-mejore-financiacion-autogobierno","status":"publish","type":"post","link":"https:\/\/www.foment.com\/es\/gay-montella-defiende-madrid-pacto-institucional-reconozca-la-realidad-nacional-catalunya-mejore-financiacion-autogobierno\/","title":{"rendered":"Gay de Montell\u00e0 defiende en Madrid un Pacto Institucional que reconozca la realidad nacional de Catalunya y mejore su financiaci\u00f3n y autogobierno"},"content":{"rendered":"<section class=\"wpb-content-wrapper\"><p>[vc_row][vc_column width=\u00bb1\/1&#8243;][vc_column_text]El Presidente de Foment del Treball, Joaquim Gay de Montell\u00e0, ha defendido en Madrid, ante empresarios y representantes po\u00edticos,\u00a0<strong>\u201cun gran Pacto Institucional\u00a0<\/strong>\u00a0<strong>que ayude a superar la decepci\u00f3n que supuso<\/strong>\u00a0<strong>para Catalu\u00f1a<\/strong>\u00a0<strong>la sentencia del Tribunal Constitucional sobre el Estatuto\u201d<\/strong>. Este Pacto Institucional, ha sostenido Gay de Montell\u00e0, deber\u00eda empezar por\u00a0<strong>\u201cel reconocimiento de Catalunya como Naci\u00f3n\u201d<\/strong>, aspecto que, seg\u00fan el l\u00edder empresarial,\u00a0\u00a0<strong>\u201cno debilita sino que refuerza el proyecto com\u00fan de Espa\u00f1a\u201d<\/strong>. Gay de Montell\u00e0 ha sostenido esta tesis en el marco de la\u00a0<a href=\"\/wp-content\/uploads\/2016\/09\/Foment_del_Treball_2014.09.16_GaydeMontella_conferencia_Madrid.pdf\" target=\"_blank\"><strong>conferencia<\/strong><\/a>\u00a0que ha pronunciado en el Nuevo Econom\u00eda Forum en el Hotel Ritz de la capital espa\u00f1ola.<\/p>\n<p>El Pacto Institucional que ha esbozado el l\u00edder empresarial catal\u00e1n deber\u00eda contemplar que:<strong>\u201cCatalunya debe poder ejercer una plena competencia en materia de lengua y de cultura, adem\u00e1s de la asunci\u00f3n efectiva por parte de las instituciones del Estado de la promoci\u00f3n y defensa de todo su patrimonio ling\u00fc\u00edstico, que es muy rico<\/strong>\u00a0(\u2026)\u00a0<strong>que el Parlament de Catalunya deber\u00eda tener plena competencia sobre el r\u00e9gimen local de la comunidad y organizarlo acorde su determinaci\u00f3n y tradici\u00f3n hist\u00f3rica. Y en la l\u00ednea del Pacto Fiscal, que siempre hemos defendido, esta pol\u00edtica de reconocimiento de la realidad nacional catalana deber\u00eda tener en cuenta la cesi\u00f3n de la plena gesti\u00f3n tributaria\u201d<\/strong>.<\/p>\n<h3><strong>Recuperaci\u00f3n econ\u00f3mica<\/strong><\/h3>\n<p>En su exposici\u00f3n, el Presidente de Foment, se ha referido tambi\u00e9n al proceso de recuperaci\u00f3n de la econom\u00eda espa\u00f1ola y ha se\u00f1alado que\u00a0<strong>\u201cen ning\u00fan caso, la recuperaci\u00f3n econ\u00f3mica que se est\u00e1 plenamente afianzando, aunque hay que decir que a ritmos no muy elevados, puede servir de excusa para dejar de hacer las reformas estructurales que a\u00fan quedan pendientes\u201d<\/strong>.<\/p>\n<p>No obstante, ha enfatizado la gran mejora econ\u00f3mica que ha experimentado Espa\u00f1a en los \u00faltimos a\u00f1os:\u00a0<strong>\u201cLa reactivaci\u00f3n de la econom\u00eda espa\u00f1ola ha sorprendido por su contundencia no s\u00f3lo desde la demanda externa -con la erradicaci\u00f3n de su elevado y abultado d\u00e9ficit exterior- sino por la mejora que, en los \u00faltimos meses, est\u00e1 mostrando la demanda interna. En este sentido, los empresarios y familias muestran mayor confianza en la capacidad de Espa\u00f1a, a lo que ha contribuido tambi\u00e9n, sin duda,\u00a0<\/strong>\u00a0<strong>el retorno de la financiaci\u00f3n privada internacional\u201d<\/strong>.[\/vc_column_text]<a href=\"\/wp-content\/uploads\/2016\/09\/Foment_del_Treball_2014.09.16_Pacto_Institucional_Cataluna_CAST.pdf\" target=\"_blank\" class=\"button color-2 small \" style=\"border-radius: 2px;\">Descarga la noticia en PDF<\/a>[\/vc_column][\/vc_row]<\/p>\n<\/section>","protected":false},"excerpt":{"rendered":"<p>[vc_row][vc_column width=\u00bb1\/1&#8243;][vc_column_text]El Presidente de Foment del Treball, Joaquim Gay de Montell\u00e0, ha defendido en Madrid, ante empresarios y representantes po\u00edticos,\u00a0\u201cun gran Pacto Institucional\u00a0\u00a0que ayude a superar la decepci\u00f3n que supuso\u00a0para Catalu\u00f1a\u00a0la sentencia del Tribunal Constitucional sobre el Estatuto\u201d. Este Pacto Institucional, ha sostenido Gay de Montell\u00e0, deber\u00eda empezar por\u00a0\u201cel reconocimiento de Catalunya como Naci\u00f3n\u201d, aspecto que, seg\u00fan el l\u00edder empresarial,\u00a0\u00a0\u201cno debilita sino que refuerza el proyecto com\u00fan de Espa\u00f1a\u201d. Gay de Montell\u00e0 ha sostenido esta tesis en el marco de la\u00a0conferencia\u00a0que ha pronunciado en el Nuevo Econom\u00eda Forum en el Hotel Ritz de la capital espa\u00f1ola. El Pacto Institucional que ha esbozado el l\u00edder empresarial catal\u00e1n deber\u00eda contemplar que:\u201cCatalunya debe poder ejercer una plena competencia en materia de lengua y de cultura, adem\u00e1s de la asunci\u00f3n efectiva por parte de las instituciones del Estado de la promoci\u00f3n y defensa de todo su patrimonio ling\u00fc\u00edstico, que es muy rico\u00a0(\u2026)\u00a0que el Parlament de Catalunya deber\u00eda tener plena competencia sobre el r\u00e9gimen local de la comunidad y organizarlo acorde su determinaci\u00f3n y tradici\u00f3n hist\u00f3rica. Y en la l\u00ednea del Pacto Fiscal, que siempre hemos defendido, esta pol\u00edtica de reconocimiento de la realidad nacional catalana deber\u00eda tener en cuenta la cesi\u00f3n de la plena [&hellip;]<\/p>\n","protected":false},"author":24,"featured_media":19842,"comment_status":"closed","ping_status":"closed","sticky":false,"template":"","format":"standard","meta":{"_links_to":"","_links_to_target":""},"categories":[68],"tags":[272,267,268,249,388],"acf":[],"wps_subtitle":"El Presidente de Foment asegura que \u201clos empresarios s\u00f3lo pedimos un cierto clima de estabilidad y seguridad. La tensi\u00f3n actual har\u00e1 que todos perdamos, Espa\u00f1a y Catalunya\u201d","_links":{"self":[{"href":"https:\/\/www.foment.com\/es\/wp-json\/wp\/v2\/posts\/19488"}],"collection":[{"href":"https:\/\/www.foment.com\/es\/wp-json\/wp\/v2\/posts"}],"about":[{"href":"https:\/\/www.foment.com\/es\/wp-json\/wp\/v2\/types\/post"}],"author":[{"embeddable":true,"href":"https:\/\/www.foment.com\/es\/wp-json\/wp\/v2\/users\/24"}],"replies":[{"embeddable":true,"href":"https:\/\/www.foment.com\/es\/wp-json\/wp\/v2\/comments?post=19488"}],"version-history":[{"count":0,"href":"https:\/\/www.foment.com\/es\/wp-json\/wp\/v2\/posts\/19488\/revisions"}],"wp:featuredmedia":[{"embeddable":true,"href":"https:\/\/www.foment.com\/es\/wp-json\/wp\/v2\/media\/19842"}],"wp:attachment":[{"href":"https:\/\/www.foment.com\/es\/wp-json\/wp\/v2\/media?parent=19488"}],"wp:term":[{"taxonomy":"category","embeddable":true,"href":"https:\/\/www.foment.com\/es\/wp-json\/wp\/v2\/categories?post=19488"},{"taxonomy":"post_tag","embeddable":true,"href":"https:\/\/www.foment.com\/es\/wp-json\/wp\/v2\/tags?post=19488"}],"curies":[{"name":"wp","href":"https:\/\/api.w.org\/{rel}","templated":true}]}}