{"id":194965,"date":"2024-12-13T16:14:30","date_gmt":"2024-12-13T15:14:30","guid":{"rendered":"https:\/\/www.foment.com\/?p=194965"},"modified":"2024-12-13T17:11:20","modified_gmt":"2024-12-13T16:11:20","slug":"expertos-destacan-el-potencial-de-la-tasa-turistica-para-promover-un-modelo-sostenible-y-equilibrado-en-foment-del-treball","status":"publish","type":"post","link":"https:\/\/www.foment.com\/es\/expertos-destacan-el-potencial-de-la-tasa-turistica-para-promover-un-modelo-sostenible-y-equilibrado-en-foment-del-treball\/","title":{"rendered":"Expertos destacan el potencial de la tasa tur\u00edstica para promover un modelo sostenible y equilibrado en Foment del Treball"},"content":{"rendered":"<ul>\n<li>Miquel Gotanegra, presidente de la Comisi\u00f3n de Turismo de Foment: \u201cLa tasa tur\u00edstica bien gestionada puede ser una herramienta muy poderosa para abordar los retos del turismo\u201d.<\/li>\n<\/ul>\n<p>Esta ma\u00f1ana se ha celebrado una nueva edici\u00f3n de los <strong>Desayunos de Turismo de Foment del Treball y el CETT-UB Barcelona School of Tourism, Hospitality and Gastronomy<\/strong> bajo el t\u00edtulo <strong><em>\u201cLa tasa tur\u00edstica en Catalu\u00f1a: \u00bfA d\u00f3nde va y qui\u00e9n se beneficia?\u201d<\/em><\/strong>. La jornada ha reunido a expertos del sector tur\u00edstico y representantes institucionales para analizar el impacto, la gesti\u00f3n y las oportunidades que ofrece este impuesto clave para el desarrollo sostenible del turismo en Catalu\u00f1a.<\/p>\n<p>El <strong>presidente de la Comisi\u00f3n de Turismo y Servicios de Foment del Treball, Miquel Gotanegra<\/strong>, ha inaugurado el acto destacando la importancia de una gesti\u00f3n transparente y eficiente de los recursos recaudados a trav\u00e9s de la tasa tur\u00edstica. \u201cLa tasa tur\u00edstica, bien gestionada, puede ser una herramienta muy poderosa para abordar los retos del turismo. Sin embargo, es fundamental que haya una gesti\u00f3n transparente y eficiente de los recursos recaudados. Los ciudadanos, los turistas y las empresas del sector tienen derecho a saber exactamente c\u00f3mo se est\u00e1n invirtiendo estos fondos y qu\u00e9 resultados se est\u00e1n consiguiendo. Realmente creo que es muy importante tener un relato en relaci\u00f3n con este impuesto porque esto puede contribuir a mejorar la percepci\u00f3n del turismo en nuestro territorio y a que sea reconocido como un sector estrat\u00e9gico\u201d, afirm\u00f3 Gotanegra.<\/p>\n<p>A continuaci\u00f3n, <strong>\u00d2scar Casanovas, director acad\u00e9mico del Grado de Turismo del CETT-UB y experto en derecho tur\u00edstico<\/strong>, situ\u00f3 el debate sobre la tasa en un contexto m\u00e1s amplio: \u201cHemos pasado del derecho a la pol\u00edtica tur\u00edstica, resituando as\u00ed el debate\u201d.<\/p>\n<p>La sesi\u00f3n continu\u00f3 con una mesa redonda moderada por el <strong>director de la C\u00e1tedra UB de Turismo, Hoteler\u00eda y Gastronom\u00eda CETT,<\/strong> <strong>Eugeni Os\u00e1car<\/strong>, quien subray\u00f3 que \u201ces muy importante que la tasa tur\u00edstica evolucione y sirva para mejorar los servicios de los municipios, reforzando, as\u00ed, el valor econ\u00f3mico y social del turismo\u201d.<\/p>\n<p>Entre los participantes de la mesa redonda, <strong>Albert Canadell, representante de la Federaci\u00f3n Empresarial de Hosteler\u00eda y Turismo de Tarragona (FEHT)<\/strong>, destac\u00f3 que \u201chasta ahora, considero que el impuesto sobre las estancias tur\u00edsticas ha sido una herramienta \u00fatil para mejorar la calidad y fomentar la desestacionalizaci\u00f3n. En nuestra demarcaci\u00f3n, el Plan de Promoci\u00f3n Conjunto, donde colaboran el sector p\u00fablico y privado, es un buen ejemplo de c\u00f3mo una parte de los ingresos recaudados se destinan a acciones que benefician a nuestro sector. Sin embargo, los aumentos y modificaciones que se plantean actualmente desvirt\u00faan la esencia de este impuesto. El sector tur\u00edstico de Tarragona no puede soportar m\u00e1s cargas fiscales sin comprometer su competitividad\u201d.<\/p>\n<p>Por su parte, el <strong>presidente de la Taula Gironina de Turisme, Jaume Dulsat<\/strong>, propuso que \u201cla tasa debe ir mucho m\u00e1s all\u00e1 de la promoci\u00f3n tur\u00edstica y debe servir para mejorar los servicios de los municipios con el objetivo de que los vecinos y vecinas se beneficien. Por ejemplo, es necesario usar el importe recaudado para mejorar la movilidad de nuestros pueblos y ciudades, en el transporte p\u00fablico, el ciclo del agua, la iluminaci\u00f3n con energ\u00eda solar, sistemas de riego m\u00e1s eficientes como el goteo, en la mejora del alcantarillado o en la preservaci\u00f3n del patrimonio y de los espacios naturales, entre otros aspectos\u201d.<\/p>\n<p>El <strong>subdirector general de Desarrollo Tur\u00edstico Territorial de la Generalitat de Catalunya,<\/strong> <strong>Xavier Font Urgell<\/strong>, destac\u00f3 el impacto positivo del impuesto desde su creaci\u00f3n en 2012: \u201cDesde su creaci\u00f3n en 2012, el Impuesto sobre estancias en establecimientos tur\u00edsticos ha aportado una financiaci\u00f3n adicional a los destinos catalanes que ha ayudado a redistribuir territorialmente el valor del turismo y a gestionar mejor sus externalidades\u201d.<\/p>\n<p>Finalmente, <strong>Xavier Su\u00f1ol Ferrer, director de Turismo del Ayuntamiento de Barcelona, <\/strong>subray\u00f3 el papel clave de la fiscalidad: \u201cLa fiscalidad se convierte en un mecanismo clave para mejorar la gesti\u00f3n de la actividad tur\u00edstica en la ciudad. A trav\u00e9s de la fiscalidad y de una promoci\u00f3n estrat\u00e9gica, se pueden incentivar pr\u00e1cticas con impacto positivo y desincentivar aquellas que tienen menos retorno social. A trav\u00e9s del impuesto tur\u00edstico, el turista contribuye a los costos que genera su presencia y actividades en el destino, lo cual permite afrontar tambi\u00e9n el sobreesfuerzo adicional para las arcas municipales en algunos servicios p\u00fablicos como el mantenimiento, la limpieza o la seguridad, entre otros servicios\u201d.<\/p>\n<p>Con este debate, Foment del Treball y el CETT-UB Barcelona School of Tourism, Hospitality and Gastronomy reiteran su compromiso para fomentar el di\u00e1logo y la colaboraci\u00f3n entre los diferentes actores del sector tur\u00edstico para <strong>construir un modelo m\u00e1s sostenible y equilibrado que beneficie tanto a los residentes como a los visitantes<\/strong>.<\/p>\n<div class=\"flexslider wpb_content_element\"><ul class=\"slides\"><li><img src=\"https:\/\/www.foment.com\/wp-content\/uploads\/2024\/12\/DSC_0464-scaled.jpg\" alt=\"\" \/><\/li><li><img src=\"https:\/\/www.foment.com\/wp-content\/uploads\/2024\/12\/DSC_0467-scaled.jpg\" alt=\"\" \/><\/li><li><img src=\"https:\/\/www.foment.com\/wp-content\/uploads\/2024\/12\/DSC_0473-scaled.jpg\" alt=\"\" \/><\/li><li><img src=\"https:\/\/www.foment.com\/wp-content\/uploads\/2024\/12\/DSC_0474-scaled.jpg\" alt=\"\" \/><\/li><li><img src=\"https:\/\/www.foment.com\/wp-content\/uploads\/2024\/12\/DSC_0488-scaled.jpg\" alt=\"\" \/><\/li><li><img src=\"https:\/\/www.foment.com\/wp-content\/uploads\/2024\/12\/DSC_0489-scaled.jpg\" alt=\"\" \/><\/li><li><img src=\"https:\/\/www.foment.com\/wp-content\/uploads\/2024\/12\/DSC_0494-scaled.jpg\" alt=\"\" \/><\/li><li><img src=\"https:\/\/www.foment.com\/wp-content\/uploads\/2024\/12\/DSC_0511-scaled.jpg\" alt=\"\" \/><\/li><li><img src=\"https:\/\/www.foment.com\/wp-content\/uploads\/2024\/12\/DSC_0527-scaled.jpg\" alt=\"\" \/><\/li><li><img src=\"https:\/\/www.foment.com\/wp-content\/uploads\/2024\/12\/DSC_0518-scaled.jpg\" alt=\"\" \/><\/li><li><img src=\"https:\/\/www.foment.com\/wp-content\/uploads\/2024\/12\/DSC_0533-scaled.jpg\" alt=\"\" \/><\/li><li><img src=\"https:\/\/www.foment.com\/wp-content\/uploads\/2024\/12\/DSC_0545-scaled.jpg\" alt=\"\" \/><\/li><li><img src=\"https:\/\/www.foment.com\/wp-content\/uploads\/2024\/12\/DSC_0573-scaled.jpg\" alt=\"\" \/><\/li><li><img src=\"https:\/\/www.foment.com\/wp-content\/uploads\/2024\/12\/DSC_0589-scaled.jpg\" alt=\"\" \/><\/li><\/ul><\/div>\n<p>[vc_raw_html]JTNDaWZyYW1lJTIwd2lkdGglM0QlMjI1NjAlMjIlMjBoZWlnaHQlM0QlMjIzMTUlMjIlMjBzcmMlM0QlMjJodHRwcyUzQSUyRiUyRnd3dy55b3V0dWJlLmNvbSUyRmVtYmVkJTJGU2FaOFhiblR4SFElM0ZzaSUzRGZXRGpOVEJRVXlGdkFoUGslMjIlMjB0aXRsZSUzRCUyMllvdVR1YmUlMjB2aWRlbyUyMHBsYXllciUyMiUyMGZyYW1lYm9yZGVyJTNEJTIyMCUyMiUyMGFsbG93JTNEJTIyYWNjZWxlcm9tZXRlciUzQiUyMGF1dG9wbGF5JTNCJTIwY2xpcGJvYXJkLXdyaXRlJTNCJTIwZW5jcnlwdGVkLW1lZGlhJTNCJTIwZ3lyb3Njb3BlJTNCJTIwcGljdHVyZS1pbi1waWN0dXJlJTNCJTIwd2ViLXNoYXJlJTIyJTIwcmVmZXJyZXJwb2xpY3klM0QlMjJzdHJpY3Qtb3JpZ2luLXdoZW4tY3Jvc3Mtb3JpZ2luJTIyJTIwYWxsb3dmdWxsc2NyZWVuJTNFJTNDJTJGaWZyYW1lJTNF[\/vc_raw_html]<\/p>\n<p><strong><span style=\"color: #d12238;\">Desayunos de Turismo del CETT y Foment<\/span><\/strong><\/p>\n<p>Los Desayunos de Turismo de Foment y el CETT-UB son encuentros semestrales para directivos, mandos intermedios y profesionales expertos de empresas y administraciones p\u00fablicas en los que se abordan temas relacionados con el desarrollo del turismo, la hoteler\u00eda y la gastronom\u00eda.<\/p>\n<p>El objetivo es generar un espacio id\u00f3neo que fomente el networking, el intercambio de experiencias y la promoci\u00f3n de l\u00edneas de actuaci\u00f3n que beneficien al sector.<\/p>\n","protected":false},"excerpt":{"rendered":"<p>Miquel Gotanegra, presidente de la Comisi\u00f3n de Turismo de Foment: \u201cLa tasa tur\u00edstica bien gestionada puede ser una herramienta muy poderosa para abordar los retos del turismo\u201d. Esta ma\u00f1ana se ha celebrado una nueva edici\u00f3n de los Desayunos de Turismo de Foment del Treball y el CETT-UB Barcelona School of Tourism, Hospitality and Gastronomy bajo el t\u00edtulo \u201cLa tasa tur\u00edstica en Catalu\u00f1a: \u00bfA d\u00f3nde va y qui\u00e9n se beneficia?\u201d. La jornada ha reunido a expertos del sector tur\u00edstico y representantes institucionales para analizar el impacto, la gesti\u00f3n y las oportunidades que ofrece este impuesto clave para el desarrollo sostenible del turismo en Catalu\u00f1a. El presidente de la Comisi\u00f3n de Turismo y Servicios de Foment del Treball, Miquel Gotanegra, ha inaugurado el acto destacando la importancia de una gesti\u00f3n transparente y eficiente de los recursos recaudados a trav\u00e9s de la tasa tur\u00edstica. \u201cLa tasa tur\u00edstica, bien gestionada, puede ser una herramienta muy poderosa para abordar los retos del turismo. Sin embargo, es fundamental que haya una gesti\u00f3n transparente y eficiente de los recursos recaudados. Los ciudadanos, los turistas y las empresas del sector tienen derecho a saber exactamente c\u00f3mo se est\u00e1n invirtiendo estos fondos y qu\u00e9 resultados se est\u00e1n consiguiendo. Realmente [&hellip;]<\/p>\n","protected":false},"author":281,"featured_media":194905,"comment_status":"closed","ping_status":"closed","sticky":false,"template":"","format":"standard","meta":{"_links_to":"","_links_to_target":""},"categories":[114,5714,1665],"tags":[6766],"acf":[],"wps_subtitle":"","_links":{"self":[{"href":"https:\/\/www.foment.com\/es\/wp-json\/wp\/v2\/posts\/194965"}],"collection":[{"href":"https:\/\/www.foment.com\/es\/wp-json\/wp\/v2\/posts"}],"about":[{"href":"https:\/\/www.foment.com\/es\/wp-json\/wp\/v2\/types\/post"}],"author":[{"embeddable":true,"href":"https:\/\/www.foment.com\/es\/wp-json\/wp\/v2\/users\/281"}],"replies":[{"embeddable":true,"href":"https:\/\/www.foment.com\/es\/wp-json\/wp\/v2\/comments?post=194965"}],"version-history":[{"count":3,"href":"https:\/\/www.foment.com\/es\/wp-json\/wp\/v2\/posts\/194965\/revisions"}],"predecessor-version":[{"id":194968,"href":"https:\/\/www.foment.com\/es\/wp-json\/wp\/v2\/posts\/194965\/revisions\/194968"}],"wp:featuredmedia":[{"embeddable":true,"href":"https:\/\/www.foment.com\/es\/wp-json\/wp\/v2\/media\/194905"}],"wp:attachment":[{"href":"https:\/\/www.foment.com\/es\/wp-json\/wp\/v2\/media?parent=194965"}],"wp:term":[{"taxonomy":"category","embeddable":true,"href":"https:\/\/www.foment.com\/es\/wp-json\/wp\/v2\/categories?post=194965"},{"taxonomy":"post_tag","embeddable":true,"href":"https:\/\/www.foment.com\/es\/wp-json\/wp\/v2\/tags?post=194965"}],"curies":[{"name":"wp","href":"https:\/\/api.w.org\/{rel}","templated":true}]}}