{"id":19547,"date":"2014-10-22T09:00:14","date_gmt":"2014-10-22T07:00:14","guid":{"rendered":"http:\/\/foment.itartech.com\/?p=19547"},"modified":"2016-10-31T11:03:19","modified_gmt":"2016-10-31T10:03:19","slug":"me-gusta-lo-entiendo-lo-uso-estrategias-marketing-emprendedores","status":"publish","type":"post","link":"https:\/\/www.foment.com\/es\/me-gusta-lo-entiendo-lo-uso-estrategias-marketing-emprendedores\/","title":{"rendered":"Me gusta, lo entiendo, lo uso: Estrategias de marketing para emprendedores"},"content":{"rendered":"<section class=\"wpb-content-wrapper\"><p>[vc_row][vc_column width=\u00bb1\/1&#8243;][vc_column_text]<strong>\u00abTodo es m\u00e1s simple y m\u00e1s f\u00e1cil. O deber\u00eda serlo. En branding, en marketing, las compa\u00f1\u00edas tienden siempre a complicar m\u00e1s de la cuenta sus propuestas\u00bb<\/strong>, asegura Nacho Rufin, de Espluga + Associates y vicepresidente del Club de marketing, que a\u00f1ade que <strong>\u00abest\u00e1 demostrado que aquellas empresas, aquellas marcas que consiguen simplificar procesos y estar bien enfocadas consiguen triunfar\u00bb<\/strong>. Rufin ha compartido reflexiones como esta en la sesi\u00f3n que Fomento del Trabajo ha ofrecido sobre estrategias de m\u00e0rquerting para emprendedores este 22 de octubre dentro del ciclo Reinventa&#8217;t: transforma i crea de <a href=\"https:\/\/twitter.com\/FomentEmpren\" target=\"_blank\">@FomentEmpr\u00e8n<\/a>. La sesi\u00f3n ha contado tambi\u00e9n con los conocimientos de <strong>Marta Cort\u00e9s<\/strong>, Directora de Marketing de Europastry, que ha recordado que <strong>\u00abla calidad y el servicio al cliente es siempre nuestro activo principal\u00bb<\/strong>. Ha moderado la sesi\u00f3n Carmen L\u00f3pez, Directora de Grandes Cuentas de <strong>Experis<\/strong>.<\/p>\n<p>[\/vc_column_text]<div class=\"spacer\" style=\"height: 20px;\"><\/div>[vc_row_inner][vc_column_inner width=\u00bb1\/2&#8243;]<div class=\"single_image wpb_content_element align-left    \" data-animation=\"none\" data-delay=\"0\"><img width=\"600\" height=\"373\" src=\"https:\/\/www.foment.com\/wp-content\/uploads\/2014\/10\/Foment-del-Treball-Foment-Empren-estrategies-marqueting-rufin-1-600.png\" class=\"attachment-full\" alt=\"\" loading=\"lazy\" title=\"foment-del-treball-foment-empren-estrategies-marqueting-rufin-1-600\" srcset=\"https:\/\/www.foment.com\/wp-content\/uploads\/2014\/10\/Foment-del-Treball-Foment-Empren-estrategies-marqueting-rufin-1-600.png 600w, https:\/\/www.foment.com\/wp-content\/uploads\/2014\/10\/Foment-del-Treball-Foment-Empren-estrategies-marqueting-rufin-1-600-300x187.png 300w\" sizes=\"(max-width: 600px) 100vw, 600px\" \/><span class=\"single_image_caption\">Nacho Rufin \u00a9 Job Vermeulen<\/span><\/div>[\/vc_column_inner][vc_column_inner width=\u00bb1\/2&#8243;]<div class=\"single_image wpb_content_element align-left    \" data-animation=\"none\" data-delay=\"0\"><img width=\"600\" height=\"458\" src=\"https:\/\/www.foment.com\/wp-content\/uploads\/2014\/10\/Foment-del-Treball-Foment-Empren-estrategies-marqueting-cortes-1-600.png\" class=\"attachment-full\" alt=\"\" loading=\"lazy\" title=\"foment-del-treball-foment-empren-estrategies-marqueting-cortes-1-600\" srcset=\"https:\/\/www.foment.com\/wp-content\/uploads\/2014\/10\/Foment-del-Treball-Foment-Empren-estrategies-marqueting-cortes-1-600.png 600w, https:\/\/www.foment.com\/wp-content\/uploads\/2014\/10\/Foment-del-Treball-Foment-Empren-estrategies-marqueting-cortes-1-600-300x229.png 300w\" sizes=\"(max-width: 600px) 100vw, 600px\" \/><span class=\"single_image_caption\">Marta Cort\u00e9s \u00a9 Job Vermeulen<\/span><\/div>[\/vc_column_inner][\/vc_row_inner]<div class=\"spacer\" style=\"height: 20px;\"><\/div>[vc_column_text]Rufin y Cort\u00e9s han compartido con los asistentes a la sesi\u00f3n sus conocimientos valiosos fruto de su experiencia. Rufin ha asegurado que\u00a0<strong>\u00abmi experiencia de casi 30 a\u00f1os me dice que aquellos procesos que funcionan tienen en com\u00fan unas pr\u00e1cticas muy simples que reduzco a 3 elementos: 1. piensa en las personas en primer lugar (no en el producto, ni en el proceso, ni en la tecnolog\u00eda, ni siquiera en el \u00abconsumidor\u00bb); 2. son simples y buscan simplificar absolutamente todo, desestresante los procesos, su oferta y tambi\u00e9n su comunicaci\u00f3n; 3. est\u00e1n enfocados y saben exactamente qu\u00e9 es lo que no quieren hacer\u00bb<\/strong>. Por su parte, Marta Cort\u00e9s culmin\u00f3 defendiendo que<strong>\u00a0\u00abla satisfacci\u00f3n del cliente es el resultado de una buena relaci\u00f3n entre calidad, precio, servicio y ambiente\u00bb<\/strong>.<\/p>\n<p><strong>Espluga+Associates\u00a0<\/strong>es una compa\u00f1\u00eda de branding y comunicaci\u00f3n visual con base en Barcelona. 20 a\u00f1os creando marcas y contribuyendo a construir y mantener una imagen de marca consistente para sus clientes. 80 premios nacionales e internacionales y m\u00e1s de 380 trabajos publicados.<\/p>\n<p><strong>Europastry<\/strong>\u00a0es una multinacional espa\u00f1ola de origen familiar que tiene sus or\u00edgenes en 1963: dedicada a la elaboraci\u00f3n de boller\u00eda ultracongelada y de pan de alta calidad. En 2013 alcanz\u00f3 una facturaci\u00f3n de 400 millones de euros, vendiendo sus productos en m\u00e1s de 35 pa\u00edses<\/p>\n<p>&nbsp;<\/p>\n<h3><strong>Fomentar el esp\u00edritu emprendedor\u00a0<\/strong><\/h3>\n<p>Foment ha reforzado este a\u00f1o sus servicios de apoyo y acompa\u00f1amiento a los emprendedores con un programa que en Catalu\u00f1a brinda asesoramiento t\u00e9cnico a las personas que tienen una idea de negocio y quieren probar de hacerla realidad. De esta manera, este a\u00f1o, Foment en cooperaci\u00f3n con la Asociaci\u00f3n de Empresarias del Mediterr\u00e1neo (AFAEMME) ha puesto en marcha un programa de apoyo al emprendimiento para todo el territorio de Catalu\u00f1a. Este servicio se desarrolla en colaboraci\u00f3n con las organizaciones empresariales de Lleida (COELL), Tarragona (CEPTA), Barcelona (CEB) y Girona (FOEG) y ayudar\u00e1 a desarrollarse proyectos emprendedores a trav\u00e9s de la informaci\u00f3n y la orientaci\u00f3n; el asesoramiento personalizado; la formaci\u00f3n; y el seguimiento t\u00e9cnico. Barcelona, Tarragona, Lleida y Girona disponen de un equipo t\u00e9cnico de especialistas en asesorar y acompa\u00f1ar proyectos de emprendimiento que se dedicar\u00e1n a tiempo completo a ayudar a los emprendedores del territorio que quieran iniciar un nuevo negocio.<\/p>\n<p>Asimismo, desde el a\u00f1o 2010, Foment del Treball, a trav\u00e9s de su oficina de Creaci\u00f3n de Empresas, ha intensificado las acciones y programas de apoyo y acompa\u00f1amiento a todas las personas que quieren iniciar un proyecto empresarial. Limitar los supuestos de fracaso empresarial ofreciendo un asesoramiento personalizado y profesionalizado que d\u00e9 a las personas emprendedoras las herramientas para reflexionar en torno a la viabilidad de su proyecto, es uno de los retos principales que se marca Foment. Interesa, no \u00fanicamente crear m\u00e1s empresas, sino aumentar la tasa de supervivencia.<\/p>\n<p>Por todo ello, la estrategia de Foment de apoyo al emprendimiento se complementa tambi\u00e9n con otros programas como pueden ser el Ciclo de seminarios Reinventa\u2019t, transforma i crea, el Meeting de Incubadoras Corporativas y el Momento del Emprendedor (colaboraci\u00f3n con UPF, UB, UAB y UPC).[\/vc_column_text][\/vc_column][\/vc_row]<\/p>\n<\/section>","protected":false},"excerpt":{"rendered":"<p>[vc_row][vc_column width=\u00bb1\/1&#8243;][vc_column_text]\u00abTodo es m\u00e1s simple y m\u00e1s f\u00e1cil. O deber\u00eda serlo. En branding, en marketing, las compa\u00f1\u00edas tienden siempre a complicar m\u00e1s de la cuenta sus propuestas\u00bb, asegura Nacho Rufin, de Espluga + Associates y vicepresidente del Club de marketing, que a\u00f1ade que \u00abest\u00e1 demostrado que aquellas empresas, aquellas marcas que consiguen simplificar procesos y estar bien enfocadas consiguen triunfar\u00bb. Rufin ha compartido reflexiones como esta en la sesi\u00f3n que Fomento del Trabajo ha ofrecido sobre estrategias de m\u00e0rquerting para emprendedores este 22 de octubre dentro del ciclo Reinventa&#8217;t: transforma i crea de @FomentEmpr\u00e8n. La sesi\u00f3n ha contado tambi\u00e9n con los conocimientos de Marta Cort\u00e9s, Directora de Marketing de Europastry, que ha recordado que \u00abla calidad y el servicio al cliente es siempre nuestro activo principal\u00bb. Ha moderado la sesi\u00f3n Carmen L\u00f3pez, Directora de Grandes Cuentas de Experis. [\/vc_column_text][vc_row_inner][vc_column_inner width=\u00bb1\/2&#8243;][\/vc_column_inner][vc_column_inner width=\u00bb1\/2&#8243;][\/vc_column_inner][\/vc_row_inner][vc_column_text]Rufin y Cort\u00e9s han compartido con los asistentes a la sesi\u00f3n sus conocimientos valiosos fruto de su experiencia. Rufin ha asegurado que\u00a0\u00abmi experiencia de casi 30 a\u00f1os me dice que aquellos procesos que funcionan tienen en com\u00fan unas pr\u00e1cticas muy simples que reduzco a 3 elementos: 1. piensa en las personas en primer lugar (no en el producto, ni en [&hellip;]<\/p>\n","protected":false},"author":24,"featured_media":19988,"comment_status":"closed","ping_status":"closed","sticky":false,"template":"","format":"standard","meta":{"_links_to":"","_links_to_target":""},"categories":[67,123],"tags":[],"acf":[],"wps_subtitle":"Sesi\u00f3n del ciclo de Foment del Treball Reinventa\u2019t, transforma i crea","_links":{"self":[{"href":"https:\/\/www.foment.com\/es\/wp-json\/wp\/v2\/posts\/19547"}],"collection":[{"href":"https:\/\/www.foment.com\/es\/wp-json\/wp\/v2\/posts"}],"about":[{"href":"https:\/\/www.foment.com\/es\/wp-json\/wp\/v2\/types\/post"}],"author":[{"embeddable":true,"href":"https:\/\/www.foment.com\/es\/wp-json\/wp\/v2\/users\/24"}],"replies":[{"embeddable":true,"href":"https:\/\/www.foment.com\/es\/wp-json\/wp\/v2\/comments?post=19547"}],"version-history":[{"count":0,"href":"https:\/\/www.foment.com\/es\/wp-json\/wp\/v2\/posts\/19547\/revisions"}],"wp:featuredmedia":[{"embeddable":true,"href":"https:\/\/www.foment.com\/es\/wp-json\/wp\/v2\/media\/19988"}],"wp:attachment":[{"href":"https:\/\/www.foment.com\/es\/wp-json\/wp\/v2\/media?parent=19547"}],"wp:term":[{"taxonomy":"category","embeddable":true,"href":"https:\/\/www.foment.com\/es\/wp-json\/wp\/v2\/categories?post=19547"},{"taxonomy":"post_tag","embeddable":true,"href":"https:\/\/www.foment.com\/es\/wp-json\/wp\/v2\/tags?post=19547"}],"curies":[{"name":"wp","href":"https:\/\/api.w.org\/{rel}","templated":true}]}}