{"id":196110,"date":"2025-01-21T17:21:43","date_gmt":"2025-01-21T16:21:43","guid":{"rendered":"https:\/\/www.foment.com\/?p=196110"},"modified":"2025-01-21T17:21:43","modified_gmt":"2025-01-21T16:21:43","slug":"upm-patronal-pionera-en-servei-de-resolucio-de-controversies-de-la-ma-de-concilians","status":"publish","type":"post","link":"https:\/\/www.foment.com\/es\/upm-patronal-pionera-en-servei-de-resolucio-de-controversies-de-la-ma-de-concilians\/","title":{"rendered":"UPM, patronal pionera en servei de Resoluci\u00f3 de controv\u00e8rsies de la m\u00e0 de Concilians"},"content":{"rendered":"<p>La Uni\u00f3 Patronal Metal\u00b7l\u00fargica (UPM) es converteix en la primera patronal de tot l&#8217;Estat espanyol en incorporar un servei de <strong>Resoluci\u00f3 de controv\u00e8rsies pioner a tota Espanya dirigit a les empreses associades de la UPM.<\/strong>\u00a0Aix\u00ed doncs, aquest servei s&#8217;integra a trav\u00e9s de Concilians, amb un acord de col\u00b7laboraci\u00f3 entre aquests i la UPM.<\/p>\n<p>La import\u00e0ncia d&#8217;oferir aquest servei de resoluci\u00f3 \u00e9s vital i imprescindible ja que s&#8217;adapta, amb temps i forma, per avan\u00e7ar-se\u00a0a la propera Llei d&#8217;efici\u00e8ncia procesal que el govern d&#8217;Espanya prepara per donar compliment a les directives de la UE en la mat\u00e8ria, tal com marca el\u00a0<a href=\"https:\/\/www.boe.es\/buscar\/doc.php?id=DOUE-L-2008-80899\" target=\"_blank\" rel=\"noopener\">BOE en la Directiva 2008\/52\/CE<\/a>\u00a0del Parlament Europeu i del Consell, de 21 de maig de 2008, sobre certs aspectes de la mediaci\u00f3 en assumptes civils i mercantils.<strong>\u00a0Aix\u00f2 evita un proc\u00e9s judicial, agilitza les resolucions en temps i forma i, a la vegada, redueix els costos econ\u00f2mics derivats dels tribunals<\/strong>.<\/p>\n<p>Concilians \u00e9s un servei de gesti\u00f3 de controv\u00e8rsies, enfocat a les persones, empreses i organitzacions. Aquest acord, permet als socis i s\u00f2cies de la UPM poder establir totes les q\u00fcestions a un equip d&#8217;experts en resoldre situacions complexes mitjan\u00e7ant t\u00e8cniques de negociaci\u00f3, mediaci\u00f3 i arbitratge. Conscients de que cada cas \u00e9s diferent, proposen una intervenci\u00f3 a mida, segons les necessitats. Aix\u00ed doncs,<strong>\u00a0resumim la import\u00e0ncia de tots els serveis a trav\u00e9s de Concilians i com donen resposta a una futura llei de car\u00e0cter europeu que entre aquest 2024 i 2025 ser\u00e0 obligat\u00f2ria.\u00a0<\/strong>Les aventatges de la intervenci\u00f3 de Concilians s\u00f3n:<\/p>\n<ol start=\"6\">\n<li style=\"list-style-type: none;\">\n<ol start=\"1\">\n<li style=\"list-style-type: none;\">\n<ol start=\"1\">\n<li>\n<div>Confidencialitat<\/div>\n<\/li>\n<li>\n<div>Imparcialitat<\/div>\n<\/li>\n<li>\n<div>Flexibilitat\u00a0i control<\/div>\n<\/li>\n<li>\n<div>Compliment dels acords\u200b<\/div>\n<\/li>\n<li>\n<div>Reducci\u00f3 de costos<\/div>\n<\/li>\n<li>\n<div>Preservaci\u00f3 de les relacions<\/div>\n<\/li>\n<\/ol>\n<\/li>\n<\/ol>\n<\/li>\n<\/ol>\n<p><strong>Concilians \u00e9s un equip de professionals de sectors d&#8217;activitat diferents,<\/strong>\u00a0per\u00f2 inherents al m\u00f3n de l&#8217;empresa. Comparteixen una visi\u00f3 comuna: di\u00e0leg des de la humilitat, l&#8217;escolta activa aix\u00ed com la b\u00fasqueda de solucions. Els seus integrants s\u00f3n Ana Mendoza, mediadora i advocada; Natalia Manzana, mediadora i directiva; Susanne van Voorst, mediadora i coach; Josep P\u00e9rez, assesor ADE i manager; Luis Cano, mediador i executiu.<\/p>\n<p>Precisament, l&#8217;acord\u00a0<strong>es va signar el passat 30 d&#8217;octubre, des de la Sala d&#8217;Actes de la UPM<\/strong>\u00a0amb el president Jaume Roura i Calls, la directora general Magda Grau i el director del Departament Jur\u00eddic i Relacions Laborals, Juan Pedro Huertas per part de la UPM; i Luis Cano i Natalia Manzana, socis i fundadors, de Concilians.<\/p>\n<p>Per a tots els interessats, podeu escriure a\u00a0<span id=\"cloak60df48fb64155b8498b5ff109515890b\"><a href=\"mailto:laboral@upm.org\">laboral@upm.org<\/a><\/span> per tal de sol\u00b7licitar aquest servei.<div class=\"flexslider wpb_content_element\"><ul class=\"slides\"><li><img src=\"https:\/\/www.foment.com\/wp-content\/uploads\/2025\/01\/IMG_3_ok-scaled.jpg\" alt=\"\" \/><\/li><\/ul><\/div>\n","protected":false},"excerpt":{"rendered":"<p>La Uni\u00f3 Patronal Metal\u00b7l\u00fargica (UPM) es converteix en la primera patronal de tot l&#8217;Estat espanyol en incorporar un servei de Resoluci\u00f3 de controv\u00e8rsies pioner a tota Espanya dirigit a les empreses associades de la UPM.\u00a0Aix\u00ed doncs, aquest servei s&#8217;integra a trav\u00e9s de Concilians, amb un acord de col\u00b7laboraci\u00f3 entre aquests i la UPM. La import\u00e0ncia d&#8217;oferir aquest servei de resoluci\u00f3 \u00e9s vital i imprescindible ja que s&#8217;adapta, amb temps i forma, per avan\u00e7ar-se\u00a0a la propera Llei d&#8217;efici\u00e8ncia procesal que el govern d&#8217;Espanya prepara per donar compliment a les directives de la UE en la mat\u00e8ria, tal com marca el\u00a0BOE en la Directiva 2008\/52\/CE\u00a0del Parlament Europeu i del Consell, de 21 de maig de 2008, sobre certs aspectes de la mediaci\u00f3 en assumptes civils i mercantils.\u00a0Aix\u00f2 evita un proc\u00e9s judicial, agilitza les resolucions en temps i forma i, a la vegada, redueix els costos econ\u00f2mics derivats dels tribunals. Concilians \u00e9s un servei de gesti\u00f3 de controv\u00e8rsies, enfocat a les persones, empreses i organitzacions. Aquest acord, permet als socis i s\u00f2cies de la UPM poder establir totes les q\u00fcestions a un equip d&#8217;experts en resoldre situacions complexes mitjan\u00e7ant t\u00e8cniques de negociaci\u00f3, mediaci\u00f3 i arbitratge. Conscients de que cada cas \u00e9s diferent, proposen [&hellip;]<\/p>\n","protected":false},"author":281,"featured_media":196104,"comment_status":"closed","ping_status":"closed","sticky":false,"template":"","format":"standard","meta":{"_links_to":"","_links_to_target":""},"categories":[8407],"tags":[],"acf":[],"wps_subtitle":"","_links":{"self":[{"href":"https:\/\/www.foment.com\/es\/wp-json\/wp\/v2\/posts\/196110"}],"collection":[{"href":"https:\/\/www.foment.com\/es\/wp-json\/wp\/v2\/posts"}],"about":[{"href":"https:\/\/www.foment.com\/es\/wp-json\/wp\/v2\/types\/post"}],"author":[{"embeddable":true,"href":"https:\/\/www.foment.com\/es\/wp-json\/wp\/v2\/users\/281"}],"replies":[{"embeddable":true,"href":"https:\/\/www.foment.com\/es\/wp-json\/wp\/v2\/comments?post=196110"}],"version-history":[{"count":1,"href":"https:\/\/www.foment.com\/es\/wp-json\/wp\/v2\/posts\/196110\/revisions"}],"predecessor-version":[{"id":196111,"href":"https:\/\/www.foment.com\/es\/wp-json\/wp\/v2\/posts\/196110\/revisions\/196111"}],"wp:featuredmedia":[{"embeddable":true,"href":"https:\/\/www.foment.com\/es\/wp-json\/wp\/v2\/media\/196104"}],"wp:attachment":[{"href":"https:\/\/www.foment.com\/es\/wp-json\/wp\/v2\/media?parent=196110"}],"wp:term":[{"taxonomy":"category","embeddable":true,"href":"https:\/\/www.foment.com\/es\/wp-json\/wp\/v2\/categories?post=196110"},{"taxonomy":"post_tag","embeddable":true,"href":"https:\/\/www.foment.com\/es\/wp-json\/wp\/v2\/tags?post=196110"}],"curies":[{"name":"wp","href":"https:\/\/api.w.org\/{rel}","templated":true}]}}