{"id":197097,"date":"2025-02-20T15:08:51","date_gmt":"2025-02-20T14:08:51","guid":{"rendered":"https:\/\/www.foment.com\/?p=197097"},"modified":"2025-02-20T15:08:51","modified_gmt":"2025-02-20T14:08:51","slug":"jornada-de-prl-realizacion-de-trabajos-en-altura-no-planificados","status":"publish","type":"post","link":"https:\/\/www.foment.com\/es\/jornada-de-prl-realizacion-de-trabajos-en-altura-no-planificados\/","title":{"rendered":"Jornada de PRL. Realizaci\u00f3n de trabajos en altura no planificados"},"content":{"rendered":"<section class=\"wpb-content-wrapper\"><p>[vc_row][vc_column][vc_single_image image=\u00bb197101&#8243; img_size=\u00bblarge\u00bb alignment=\u00bbcenter\u00bb][vc_column_text]<\/p>\n<p style=\"text-align: justify;\">Son muchas las ocasiones en las que se deben ejecutar trabajos con premura en los que se presentan riesgos especiales, como el de ca\u00edda desde altura (trabajos de reparaci\u00f3n, mantenimiento, limpieza).<\/p>\n<p style=\"text-align: justify;\">La premura, emergencia o los fallos de comunicaci\u00f3n en la manera de ejecutar dichos trabajos puede conllevar no establecer una adecuada organizaci\u00f3n y planificaci\u00f3n de los mismos, hecho que puede tener una implicaci\u00f3n grave o muy grave en la seguridad y salud de las personas que realizan dichas tareas. Por otro lado, las soluciones t\u00e9cnicas en ocasiones no son sencillas y proporcionan dudas en la aplicaci\u00f3n.<\/p>\n<p style=\"text-align: justify;\">El objetivo de la jornada ha sido despejar las dudas y aportar soluciones t\u00e9cnicas a problemas en ocasiones complejos.<\/p>\n<p>[\/vc_column_text][\/vc_column][\/vc_row][vc_row top_padding=\u00bb20&#8243;][vc_column width=\u00bb1\/1&#8243;][vc_column_text]<\/p>\n<h1><span style=\"color: #d2112d;\">V\u00eddeo de la jornada<\/span><\/h1>\n<p>[\/vc_column_text][vc_video link=\u00bbhttps:\/\/youtu.be\/iKroAJqhabE\u00bb align=\u00bbcenter\u00bb][\/vc_column][\/vc_row][vc_row top_padding=\u00bb40&#8243;][vc_column width=\u00bb1\/1&#8243;][vc_column_text]<\/p>\n<h1><span style=\"color: #d2112d;\">Documentaci\u00f3n de la jornada<\/span><\/h1>\n<p>[\/vc_column_text][\/vc_column][\/vc_row][vc_row top_padding=\u00bb20&#8243;][vc_column width=\u00bb1\/2&#8243;][vc_column_text]<\/p>\n<h3>Programa<\/h3>\n<p>Programa de la jornada.<br \/>\nRealizaci\u00f3n de trabajos en altura no planificados.[\/vc_column_text]<a href=\"https:\/\/fomentdeltreball.sharepoint.com\/:b:\/g\/EXANjFLlU-lArpYygRC3vzYB01L6RmUu2kRC8wZFztxarQ?e=yovjod\" target=\"_self\" class=\"button color-2 medium \" style=\"border-radius: 2px;\">Descargar<\/a>[\/vc_column][vc_column width=\u00bb1\/2&#8243;][vc_column_text]<\/p>\n<h3>Ponencia<\/h3>\n<p>Sr. \u00cd\u00f1igo Altube.<br \/>\nT\u00e9cnico superior en PRL,\u00a0 especialista en trabajos en altura y espacios confinados. IFPRL.[\/vc_column_text]<a href=\"https:\/\/www.foment.com\/wp-content\/uploads\/2025\/02\/PonenciaPRL_altura25.pdf\" target=\"_self\" class=\"button color-2 medium \" style=\"border-radius: 2px;\">Descargar<\/a>[\/vc_column][\/vc_row][vc_row top_padding=\u00bb40&#8243;][vc_column width=\u00bb1\/1&#8243;][vc_column_text]<\/p>\n<h1><span style=\"color: #d2112d;\">Documentaci\u00f3n relacionada<\/span><\/h1>\n<p>[\/vc_column_text][\/vc_column][\/vc_row][vc_row top_padding=\u00bb20&#8243;][vc_column width=\u00bb1\/2&#8243;][vc_column_text]<\/p>\n<h3>NTP 1170: Utilizaci\u00f3n de EPI en trabajos con riesgo de ca\u00edda de altura<\/h3>\n<p style=\"text-align: justify;\">Esta Nota T\u00e9cnica de Prevenci\u00f3n (NTP) tiene por objetivo fundamental proporcionar, a las personas involucradas en los trabajos con riesgo de ca\u00edda de altura que vayan a utilizar equipos de protecci\u00f3n individual, el conocimiento y las herramientas necesarias para acometer dichos trabajos de la manera m\u00e1s segura.<\/p>\n<p>[\/vc_column_text][\/vc_column][vc_column text_align=\u00bbcenter\u00bb width=\u00bb1\/2&#8243;][vc_single_image image=\u00bb189752&#8243; img_size=\u00bbmedium\u00bb alignment=\u00bbcenter\u00bb]<a href=\"https:\/\/www.insst.es\/documentacion\/colecciones-tecnicas\/ntp-notas-tecnicas-de-prevencion\/35-serie-ntp-numeros-1169-a-1175-ano-2022\/ntp-1170-utilizacion-de-epi-en-trabajos-con-riesgo-de-caida-de-altura\" target=\"_self\" class=\"button color-2 medium \" style=\"border-radius: 2px;\">Descargar<\/a>[\/vc_column][\/vc_row]<\/p>\n<\/section>","protected":false},"excerpt":{"rendered":"<p>[vc_row][vc_column][vc_single_image image=\u00bb197101&#8243; img_size=\u00bblarge\u00bb alignment=\u00bbcenter\u00bb][vc_column_text] Son muchas las ocasiones en las que se deben ejecutar trabajos con premura en los que se presentan riesgos especiales, como el de ca\u00edda desde altura (trabajos de reparaci\u00f3n, mantenimiento, limpieza). La premura, emergencia o los fallos de comunicaci\u00f3n en la manera de ejecutar dichos trabajos puede conllevar no establecer una adecuada organizaci\u00f3n y planificaci\u00f3n de los mismos, hecho que puede tener una implicaci\u00f3n grave o muy grave en la seguridad y salud de las personas que realizan dichas tareas. Por otro lado, las soluciones t\u00e9cnicas en ocasiones no son sencillas y proporcionan dudas en la aplicaci\u00f3n. El objetivo de la jornada ha sido despejar las dudas y aportar soluciones t\u00e9cnicas a problemas en ocasiones complejos. [\/vc_column_text][\/vc_column][\/vc_row][vc_row top_padding=\u00bb20&#8243;][vc_column width=\u00bb1\/1&#8243;][vc_column_text] V\u00eddeo de la jornada [\/vc_column_text][vc_video link=\u00bbhttps:\/\/youtu.be\/iKroAJqhabE\u00bb align=\u00bbcenter\u00bb][\/vc_column][\/vc_row][vc_row top_padding=\u00bb40&#8243;][vc_column width=\u00bb1\/1&#8243;][vc_column_text] Documentaci\u00f3n de la jornada [\/vc_column_text][\/vc_column][\/vc_row][vc_row top_padding=\u00bb20&#8243;][vc_column width=\u00bb1\/2&#8243;][vc_column_text] Programa Programa de la jornada. Realizaci\u00f3n de trabajos en altura no planificados.[\/vc_column_text][\/vc_column][vc_column width=\u00bb1\/2&#8243;][vc_column_text] Ponencia Sr. \u00cd\u00f1igo Altube. T\u00e9cnico superior en PRL,\u00a0 especialista en trabajos en altura y espacios confinados. IFPRL.[\/vc_column_text][\/vc_column][\/vc_row][vc_row top_padding=\u00bb40&#8243;][vc_column width=\u00bb1\/1&#8243;][vc_column_text] Documentaci\u00f3n relacionada [\/vc_column_text][\/vc_column][\/vc_row][vc_row top_padding=\u00bb20&#8243;][vc_column width=\u00bb1\/2&#8243;][vc_column_text] NTP 1170: Utilizaci\u00f3n de EPI en trabajos con riesgo de ca\u00edda de altura Esta Nota T\u00e9cnica de Prevenci\u00f3n (NTP) tiene por objetivo fundamental proporcionar, [&hellip;]<\/p>\n","protected":false},"author":15,"featured_media":195890,"comment_status":"closed","ping_status":"closed","sticky":false,"template":"","format":"standard","meta":{"_links_to":"","_links_to_target":""},"categories":[6578,216],"tags":[985,417,1497],"acf":[],"wps_subtitle":"<strong>Esta jornada forma parte de los Planes de Formaci\u00f3n del \u00e1mbito de Catalu\u00f1a, dirigidos a la capacitaci\u00f3n para el desarrollo de las funciones relacionadas con el di\u00e1logo social y la negociaci\u00f3n colectiva<\/strong>","_links":{"self":[{"href":"https:\/\/www.foment.com\/es\/wp-json\/wp\/v2\/posts\/197097"}],"collection":[{"href":"https:\/\/www.foment.com\/es\/wp-json\/wp\/v2\/posts"}],"about":[{"href":"https:\/\/www.foment.com\/es\/wp-json\/wp\/v2\/types\/post"}],"author":[{"embeddable":true,"href":"https:\/\/www.foment.com\/es\/wp-json\/wp\/v2\/users\/15"}],"replies":[{"embeddable":true,"href":"https:\/\/www.foment.com\/es\/wp-json\/wp\/v2\/comments?post=197097"}],"version-history":[{"count":5,"href":"https:\/\/www.foment.com\/es\/wp-json\/wp\/v2\/posts\/197097\/revisions"}],"predecessor-version":[{"id":197540,"href":"https:\/\/www.foment.com\/es\/wp-json\/wp\/v2\/posts\/197097\/revisions\/197540"}],"wp:featuredmedia":[{"embeddable":true,"href":"https:\/\/www.foment.com\/es\/wp-json\/wp\/v2\/media\/195890"}],"wp:attachment":[{"href":"https:\/\/www.foment.com\/es\/wp-json\/wp\/v2\/media?parent=197097"}],"wp:term":[{"taxonomy":"category","embeddable":true,"href":"https:\/\/www.foment.com\/es\/wp-json\/wp\/v2\/categories?post=197097"},{"taxonomy":"post_tag","embeddable":true,"href":"https:\/\/www.foment.com\/es\/wp-json\/wp\/v2\/tags?post=197097"}],"curies":[{"name":"wp","href":"https:\/\/api.w.org\/{rel}","templated":true}]}}