{"id":198218,"date":"2025-03-05T18:28:46","date_gmt":"2025-03-05T17:28:46","guid":{"rendered":"https:\/\/www.foment.com\/foment-aplaudeix-retorn-fundacio-la-caixa-i-criteria-a-catalunya\/"},"modified":"2025-03-05T18:39:56","modified_gmt":"2025-03-05T17:39:56","slug":"foment-aplaude-regreso-fundacion-la-caixa-y-criteria-a-cataluna","status":"publish","type":"post","link":"https:\/\/www.foment.com\/es\/foment-aplaude-regreso-fundacion-la-caixa-y-criteria-a-cataluna\/","title":{"rendered":"Foment del Treball aplaude el regreso de la Fundaci\u00f3n La Caixa y Criteria a Catalu\u00f1a"},"content":{"rendered":"<section class=\"wpb-content-wrapper\"><p>[vc_row][vc_column][vc_column_text]<\/p>\n<ul>\n<li>Josep S\u00e1nchez Llibre: \u201cEs una gran noticia para la econom\u00eda catalana y para el futuro del pa\u00eds\u201d<\/li>\n<li>El l\u00edder patronal muestra su agradecimiento y felicitaci\u00f3n al presidente de ambas entidades, Isidre Fain\u00e9, por esta decisi\u00f3n<\/li>\n<\/ul>\n<p>Foment del Treball aplaude el regreso de la Fundaci\u00f3n La Caixa y de Criteria a Catalu\u00f1a, puesto que en los \u00faltimos a\u00f1os la sede social de estas entidades se hab\u00eda trasladado a Palma de Mallorca. El presidente de Foment del Treball, <strong>Josep S\u00e1nchez Llibre<\/strong>, ha calificado de \u201cgran noticia para la econom\u00eda catalana y para el futuro del pa\u00eds\u201d esta decisi\u00f3n. Adem\u00e1s, el l\u00edder patronal ha querido \u201cfelicitar y agradecer al presidente de ambas entidades, <strong>Isidre Fain\u00e9<\/strong>, por su decisi\u00f3n\u201d.<\/p>\n<p>El presidente S\u00e1nchez Llibre tambi\u00e9n ha querido destacar<strong>: <\/strong>\u201cSiempre hemos mantenido una actitud de prudencia sobre esta cuesti\u00f3n, pero desde que llegu\u00e9 a la presidencia de Foment del Treball siempre he dicho que ir\u00edan volviendo empresas antes de acabar nuestro segundo mandato; y as\u00ed est\u00e1 siendo\u201d. El l\u00edder patronal ha a\u00f1adido<strong>: \u201cDije que muchas empresas relevantes volver\u00edan a Catalu\u00f1a y esto se est\u00e1 cumpliendo, este es un gran paso para que Catalu\u00f1a vuelva a ser la locomotora de la econom\u00eda espa\u00f1ola\u201d<\/strong>. S\u00e1nchez Llibre, adem\u00e1s, ha apuntado que \u201ccomo ya dije habr\u00e1 m\u00e1s noticias de regreso de empresas pr\u00f3ximamente\u201d.[\/vc_column_text]<div class=\"spacer\" style=\"height: 10px;\"><\/div>[\/vc_column][\/vc_row][vc_row][vc_column width=\u00bb1\/6&#8243;][\/vc_column][vc_column width=\u00bb2\/3&#8243;]<a href=\"https:\/\/www.foment.com\/wp-content\/uploads\/2025\/03\/Reaccion-Foment-regreso-Fundacion-la-Caixa-y-Criteria.mp4\" target=\"_self\" class=\"button color-3 large \" style=\"border-radius: 10px;\">DECLARACIONES DEL PRESIDENTE JOSEP S\u00c1NCHEZ LLIBRE<\/a>[\/vc_column][vc_column width=\u00bb1\/6&#8243;][\/vc_column][\/vc_row]<\/p>\n<\/section>","protected":false},"excerpt":{"rendered":"<p>[vc_row][vc_column][vc_column_text] Josep S\u00e1nchez Llibre: \u201cEs una gran noticia para la econom\u00eda catalana y para el futuro del pa\u00eds\u201d El l\u00edder patronal muestra su agradecimiento y felicitaci\u00f3n al presidente de ambas entidades, Isidre Fain\u00e9, por esta decisi\u00f3n Foment del Treball aplaude el regreso de la Fundaci\u00f3n La Caixa y de Criteria a Catalu\u00f1a, puesto que en los \u00faltimos a\u00f1os la sede social de estas entidades se hab\u00eda trasladado a Palma de Mallorca. El presidente de Foment del Treball, Josep S\u00e1nchez Llibre, ha calificado de \u201cgran noticia para la econom\u00eda catalana y para el futuro del pa\u00eds\u201d esta decisi\u00f3n. Adem\u00e1s, el l\u00edder patronal ha querido \u201cfelicitar y agradecer al presidente de ambas entidades, Isidre Fain\u00e9, por su decisi\u00f3n\u201d. El presidente S\u00e1nchez Llibre tambi\u00e9n ha querido destacar: \u201cSiempre hemos mantenido una actitud de prudencia sobre esta cuesti\u00f3n, pero desde que llegu\u00e9 a la presidencia de Foment del Treball siempre he dicho que ir\u00edan volviendo empresas antes de acabar nuestro segundo mandato; y as\u00ed est\u00e1 siendo\u201d. El l\u00edder patronal ha a\u00f1adido: \u201cDije que muchas empresas relevantes volver\u00edan a Catalu\u00f1a y esto se est\u00e1 cumpliendo, este es un gran paso para que Catalu\u00f1a vuelva a ser la locomotora de la econom\u00eda espa\u00f1ola\u201d. S\u00e1nchez Llibre, adem\u00e1s, [&hellip;]<\/p>\n","protected":false},"author":10,"featured_media":198216,"comment_status":"closed","ping_status":"closed","sticky":false,"template":"","format":"standard","meta":{"_links_to":"","_links_to_target":""},"categories":[114,68,5714],"tags":[8769,1611],"acf":[],"wps_subtitle":"","_links":{"self":[{"href":"https:\/\/www.foment.com\/es\/wp-json\/wp\/v2\/posts\/198218"}],"collection":[{"href":"https:\/\/www.foment.com\/es\/wp-json\/wp\/v2\/posts"}],"about":[{"href":"https:\/\/www.foment.com\/es\/wp-json\/wp\/v2\/types\/post"}],"author":[{"embeddable":true,"href":"https:\/\/www.foment.com\/es\/wp-json\/wp\/v2\/users\/10"}],"replies":[{"embeddable":true,"href":"https:\/\/www.foment.com\/es\/wp-json\/wp\/v2\/comments?post=198218"}],"version-history":[{"count":3,"href":"https:\/\/www.foment.com\/es\/wp-json\/wp\/v2\/posts\/198218\/revisions"}],"predecessor-version":[{"id":198229,"href":"https:\/\/www.foment.com\/es\/wp-json\/wp\/v2\/posts\/198218\/revisions\/198229"}],"wp:featuredmedia":[{"embeddable":true,"href":"https:\/\/www.foment.com\/es\/wp-json\/wp\/v2\/media\/198216"}],"wp:attachment":[{"href":"https:\/\/www.foment.com\/es\/wp-json\/wp\/v2\/media?parent=198218"}],"wp:term":[{"taxonomy":"category","embeddable":true,"href":"https:\/\/www.foment.com\/es\/wp-json\/wp\/v2\/categories?post=198218"},{"taxonomy":"post_tag","embeddable":true,"href":"https:\/\/www.foment.com\/es\/wp-json\/wp\/v2\/tags?post=198218"}],"curies":[{"name":"wp","href":"https:\/\/api.w.org\/{rel}","templated":true}]}}