{"id":198709,"date":"2025-03-14T15:56:09","date_gmt":"2025-03-14T14:56:09","guid":{"rendered":"https:\/\/www.foment.com\/sanchez-llibre-afirma-en-el-collaborate-atlas-tecnologico-que-productivitat-es-clau-per-mantenir-estat-del-benestar\/"},"modified":"2025-03-14T16:36:33","modified_gmt":"2025-03-14T15:36:33","slug":"sanchez-llibre-afirma-en-el-collaborate-atlas-tecnologico-que-productividad-es-clave-para-mantener-estado-del-bienestar","status":"publish","type":"post","link":"https:\/\/www.foment.com\/es\/sanchez-llibre-afirma-en-el-collaborate-atlas-tecnologico-que-productividad-es-clave-para-mantener-estado-del-bienestar\/","title":{"rendered":"S\u00e1nchez Llibre afirma en el Collaborate de Atlas Tecnol\u00f3gico que \u201cla productividad es clave para mantener el estado del bienestar\u201d"},"content":{"rendered":"<ul>\n<li>Foment del Treball acoge el evento y colabora en la iniciativa<\/li>\n<li>El evento ha sido organizado por la plataforma Atlas Tecnol\u00f3gico, que busca conectar al sector industrial y al de servicios de tecnolog\u00eda en Espa\u00f1a, promueve la digitalizaci\u00f3n como elemento transformador de las organizaciones y apuesta por la innovaci\u00f3n como herramienta estrat\u00e9gica. Es su s\u00e9ptima edici\u00f3n tras Valladolid, Valencia, Pamplona, M\u00e1laga, Zaragoza y Santander<\/li>\n<li>La cumbre \u201c<em>Productivity<sup>2<\/sup><\/em>\u201d ha contado con la presencia de Jordi Garcia Brustenga, director general de Estrategia Industrial y de la Pyme del Ministerio de Industria, y Jaume Bar\u00f3, secretario de Empresa y Competitividad de la Generalitat de Catalunya. Ha acogido la reuni\u00f3n del Working Group on SEMICONDUCTORS de Espa\u00f1a que ha acordado el memorando del sector para el Informe Draghi de la Comisi\u00f3n Europea<\/li>\n<\/ul>\n<p>El evento <strong>Collaborate Productivity<sup>2<\/sup> Barcelona<\/strong>, organizado por <a href=\"https:\/\/atlastecnologico.com\/\"><strong>Atlas Tecnol\u00f3gico<\/strong><\/a> y celebrado en la sede de <strong>Foment del Treball<\/strong>, se ha rendido al potencial de la inteligencia artificial para impulsar la productividad de la industria.\u00a0 El presidente de Foment del Treball, <strong>Josep S\u00e1nchez Llibre<\/strong>, ha afirmado que la productividad es el principal desaf\u00edo de la econom\u00eda y la sociedad, porque si no se incrementa y se impulsa la industrializaci\u00f3n \u201cno podremos mantener el actual Estado del bienestar\u201d. En una l\u00ednea similar, el ex investigador de Google DeepMind y fundador de Hiverge, <strong>Bernardino Romera<\/strong>, ha afirmado que \u201cla IA est\u00e1 lista para generar impacto real en el mundo empresarial y productivo\u201d.<\/p>\n<p>Para el presidente de Foment \u201c<strong>poner de objetivo la productividad<\/strong> es lo que necesita la industria espa\u00f1ola\u201d. El l\u00edder patronal ha puesto en valor que de los m\u00e1s de 300 empresarios que han participado en Collaborate, m\u00e1s de 170 son de fuera de Catalunya y que eso es \u201cmuy positivo para nosotros, para Catalunya, porque aspiramos a ser <strong>locomotora econ\u00f3mica<\/strong> de Espa\u00f1a y Hub industrial del Sur de Europa, y gracias a todos los conseguiremos\u201d.<\/p>\n<p>S\u00e1nchez Llibre ha insistido en la bondad de actuar buscando la <strong>\u201cproductividad al cuadrado\u201d<\/strong>, como reza el t\u00edtulo de Collaborate, \u201cpara evitar que Espa\u00f1a y Europa acaben siendo un balneario a escala internacional\u201d. Para conseguir este objetivo, hay que apostar por <strong>la reindustrializaci\u00f3n<\/strong>; incrementando la productividad con una inversi\u00f3n muy importante en innovaci\u00f3n, digitalizaci\u00f3n, IA y consiguiendo una energ\u00eda con un coste m\u00e1s asumible\u201d. A la vez, el l\u00edder patronal ha manifestado que es importante \u201c<strong>recuperar el valor de la figura del empresario<\/strong> en este pa\u00eds y destacar su alma social\u201d, ya que \u201csin empresarios es imposible la redistribuci\u00f3n de la riqueza y mantener el estado del bienestar\u201d.<\/p>\n<p>M\u00e1s de <strong>300 directivos de la industria y empresas de servicios tecnol\u00f3gicos<\/strong> se han reunido en la sede de Foment del Treball en un evento que ha comenzado con las visitas a empresas, las sedes de Dicomol, Airtificial, PAL Robotics, CELO, Glovo, La Casa de la Llum (Simon), DENN, Seat Code, Cellnex y Eurecat, una actividad clave que ha permitido a los asistentes aproximarse a la realidad industrial m\u00e1s innovadora.<\/p>\n<p>El Collaborate Productivity<sup>2<\/sup> Barcelona ha servido, asimismo, de punto de encuentro del <strong>Working Group on SEMICONDUCTORS de Espa\u00f1a<\/strong>, del que forma parte el Barcelona Supercomputing Center y en el que han participado 36 de los principales representantes de la industria y la investigaci\u00f3n en microelectr\u00f3nica del pa\u00eds. La reuni\u00f3n ha servido para redactar el <strong>memorando de reivindicaciones y propuestas<\/strong> del sector al Informe Draghi de la Comisi\u00f3n Europea.<\/p>\n<p><span style=\"color: #d2112d;\"><strong>\u201cEl momento de la IA es ahora\u201d<\/strong><\/span><\/p>\n<p>Bernardino Romera ha compartido su experiencia como investigador en IA en Google DeepMind y su nueva aventura en el mundo del emprendimiento de la mano de Hiverge. Romera ha asegurado que \u201cel momento de la IA es ahora\u201d. Actualmente, lidera Hiverge, una startup enfocada en la creaci\u00f3n de soluciones basadas en IA para la optimizaci\u00f3n de procesos. \u201cEstamos en un punto de madurez en el que la IA impacta tanto en el usuario final como en el sector B2B, abriendo un mundo de oportunidades para la innovaci\u00f3n\u201d, ha defendido.<\/p>\n<p>Tras <strong>Romera Paredes<\/strong>, ha llegado el turno de la mesa redonda \u2018Atlas de la productividad en la econom\u00eda de la inteligencia\u2019, moderada por <strong>Pedro Mier<\/strong>, presidente de Nausika y Premio Art\u00edfice 2024 de Atlas Tecnol\u00f3gico. En ella han participado <strong>Mireia Garc\u00eda<\/strong>, directora corporativa de Innovaci\u00f3n en Hinojosa Packaging Group; <strong>Tob\u00edas Mart\u00ednez<\/strong>, advisor en el sector de las Telecomunicaciones; <strong>Laura Olcina<\/strong>, presidenta de Fedit; <strong>Estela S\u00e1nchez<\/strong>, directora general de Dicomol, y <strong>Jordi Garcia Brustenga<\/strong>, director general de Estrategia Industrial y de la Pyme del Ministerio de Industria.<\/p>\n<p>Jordi Garcia Brustenga ha destacado que la bandera de Europa \u201cdebe ser la calidad, pero debemos ser <strong>productivos (como los chinos) e innovadores (como los norteamericanos)<\/strong>\u201d. El director general ha mencionado las novedades que introduce el proyecto de <strong>Ley de Industria<\/strong> y ha asegurado que Espa\u00f1a \u201cest\u00e1 bien situada: hay talento, hay energ\u00eda, buena posici\u00f3n geopol\u00edtica. Es un momento cr\u00edtico pero tambi\u00e9n de oportunidad\u00bb.<\/p>\n<p>Junto a las keynotes y las mesas redondas, una quincena de empresas y centros tecnol\u00f3gicos han expuesto sus <strong>casos de \u00e9xito<\/strong> en la aplicaci\u00f3n de tecnolog\u00edas digitales a la industria, entre ellos Eurecat, Sciling, Kaira Digital, Apiux, Cartif, MESbook, Henkel, Datadec, LIS Data, Play Your Brand, Dialenga, Siemens Digital Industries, Tecnalia, Integra y Matteco.<\/p>\n<p>El pr\u00f3ximo Collaborate se celebrar\u00e1 en Murcia los d\u00edas 15 y 16 de octubre y llevar\u00e1 por lema \u201cSer sede de la nueva industria\u201d. <strong>Fernando L\u00f3pez Miras<\/strong>, presidente de la Regi\u00f3n de Murcia, ha invitado a los asistentes a asistir al evento a trav\u00e9s de un v\u00eddeo de presentaci\u00f3n proyectado en el auditorio principal de la sede de Foment del Treball.<\/p>\n<p><strong>Pablo Oliete<\/strong>, CEO de Atlas Tecnol\u00f3gico, ha valorado como \u201cun \u00e9xito\u201d el Collaborate Barcelona. \u201cHemos conseguido <strong>poner en la agenda el desaf\u00edo de la productividad<\/strong> y los retos y oportunidades que se est\u00e1n generando en un contexto de continua actualizaci\u00f3n\u201d, ha asegurado. \u201cEl Collaborate, una vez m\u00e1s, ha permitido a todos los participantes profundizar en relaciones de confianza, esenciales para seguir en la rueda de la competitividad\u201d, ha concluido. \u201cAgradecemos a Foment su excepcional implicaci\u00f3n y apoyo en este evento, y a todos nuestros patrocinadores por seguir confiando en Atlas Tecnol\u00f3gico en su apuesta por liderar el debate del presente y futuro de la industria 4.0\u201d, ha concluido.<\/p>\n<p>Los asistentes al Collaborate podr\u00e1n visitar las plantas de CELO, DENN, Henkel, Airtificial, Avinent, Simon, Glovo, Monocrom, PAL Robotics, AKO, Cellnex, SEAT CODE, Eurecat y DICOMOL, y han conocido los casos de \u00e9xito en la implantaci\u00f3n de tecnolog\u00eda de 17 empresas incluidas Siemens, MESbook, Datadec y Matteco<\/p>\n<p><span style=\"color: #d2112d;\"><strong>Acerca de Atlas Tecnol\u00f3gico <\/strong><\/span><\/p>\n<p>Fundada en Valencia en 2020, Altas Tecnol\u00f3gico tiene una fuerte presencia nacional con un ecosistema que re\u00fane a m\u00e1s de 250 colaboradores y m\u00e1s de 1.000 empresas tecnol\u00f3gicas e industriales. Su objetivo es cubrir todas las \u00e1reas estrat\u00e9gicas de cualquier empresa, desde compras a log\u00edstica, desde operaciones en planta a marketing.<\/p>\n<p>Concebida como una plataforma donde conectar con los agentes que generan innovaci\u00f3n en los sectores de la industria 4.0, es tambi\u00e9n una herramienta para resolver las necesidades tecnol\u00f3gicas de las empresas y llevarlas a una nueva dimensi\u00f3n de negocio y un espacio donde buscar respuestas y encontrar soluciones.<\/p>\n<p>Atlas Tecnol\u00f3gico se configura como un hub donde buscar y contactar con empresas que aporten experiencia y soluciones tecnol\u00f3gicas, respondiendo a las necesidades de cada compa\u00f1\u00eda.<\/p>\n","protected":false},"excerpt":{"rendered":"<p>Foment del Treball acoge el evento y colabora en la iniciativa El evento ha sido organizado por la plataforma Atlas Tecnol\u00f3gico, que busca conectar al sector industrial y al de servicios de tecnolog\u00eda en Espa\u00f1a, promueve la digitalizaci\u00f3n como elemento transformador de las organizaciones y apuesta por la innovaci\u00f3n como herramienta estrat\u00e9gica. Es su s\u00e9ptima edici\u00f3n tras Valladolid, Valencia, Pamplona, M\u00e1laga, Zaragoza y Santander La cumbre \u201cProductivity2\u201d ha contado con la presencia de Jordi Garcia Brustenga, director general de Estrategia Industrial y de la Pyme del Ministerio de Industria, y Jaume Bar\u00f3, secretario de Empresa y Competitividad de la Generalitat de Catalunya. Ha acogido la reuni\u00f3n del Working Group on SEMICONDUCTORS de Espa\u00f1a que ha acordado el memorando del sector para el Informe Draghi de la Comisi\u00f3n Europea El evento Collaborate Productivity2 Barcelona, organizado por Atlas Tecnol\u00f3gico y celebrado en la sede de Foment del Treball, se ha rendido al potencial de la inteligencia artificial para impulsar la productividad de la industria.\u00a0 El presidente de Foment del Treball, Josep S\u00e1nchez Llibre, ha afirmado que la productividad es el principal desaf\u00edo de la econom\u00eda y la sociedad, porque si no se incrementa y se impulsa la industrializaci\u00f3n \u201cno podremos mantener el [&hellip;]<\/p>\n","protected":false},"author":10,"featured_media":198702,"comment_status":"closed","ping_status":"closed","sticky":false,"template":"","format":"standard","meta":{"_links_to":"","_links_to_target":""},"categories":[114,70,71,5714,1661],"tags":[8774,8775,7378],"acf":[],"wps_subtitle":"","_links":{"self":[{"href":"https:\/\/www.foment.com\/es\/wp-json\/wp\/v2\/posts\/198709"}],"collection":[{"href":"https:\/\/www.foment.com\/es\/wp-json\/wp\/v2\/posts"}],"about":[{"href":"https:\/\/www.foment.com\/es\/wp-json\/wp\/v2\/types\/post"}],"author":[{"embeddable":true,"href":"https:\/\/www.foment.com\/es\/wp-json\/wp\/v2\/users\/10"}],"replies":[{"embeddable":true,"href":"https:\/\/www.foment.com\/es\/wp-json\/wp\/v2\/comments?post=198709"}],"version-history":[{"count":3,"href":"https:\/\/www.foment.com\/es\/wp-json\/wp\/v2\/posts\/198709\/revisions"}],"predecessor-version":[{"id":198713,"href":"https:\/\/www.foment.com\/es\/wp-json\/wp\/v2\/posts\/198709\/revisions\/198713"}],"wp:featuredmedia":[{"embeddable":true,"href":"https:\/\/www.foment.com\/es\/wp-json\/wp\/v2\/media\/198702"}],"wp:attachment":[{"href":"https:\/\/www.foment.com\/es\/wp-json\/wp\/v2\/media?parent=198709"}],"wp:term":[{"taxonomy":"category","embeddable":true,"href":"https:\/\/www.foment.com\/es\/wp-json\/wp\/v2\/categories?post=198709"},{"taxonomy":"post_tag","embeddable":true,"href":"https:\/\/www.foment.com\/es\/wp-json\/wp\/v2\/tags?post=198709"}],"curies":[{"name":"wp","href":"https:\/\/api.w.org\/{rel}","templated":true}]}}