{"id":198765,"date":"2025-03-17T13:28:23","date_gmt":"2025-03-17T12:28:23","guid":{"rendered":"https:\/\/www.foment.com\/foment-es-reuneix-amb-president-parlament-catalunya\/"},"modified":"2025-03-17T13:42:59","modified_gmt":"2025-03-17T12:42:59","slug":"foment-se-reune-con-presidente-parlament-cataluna","status":"publish","type":"post","link":"https:\/\/www.foment.com\/es\/foment-se-reune-con-presidente-parlament-cataluna\/","title":{"rendered":"Foment del Treball se re\u00fane con el presidente del Parlament de Catalu\u00f1a"},"content":{"rendered":"<section class=\"wpb-content-wrapper\"><p>[vc_row][vc_column][vc_column_text]<\/p>\n<ul>\n<li><strong>Una delegaci\u00f3n de la patronal catalana ha visitado la c\u00e1mara de representaci\u00f3n de Catalu\u00f1a y ha mantenido un intercambio de impresiones con el presidente Josep Rull<\/strong><\/li>\n<\/ul>\n<p>Una delegaci\u00f3n de Foment del Treball, liderada por el presidente <strong>Josep S\u00e1nchez Llibre<\/strong>, ha visitado el Parlamento de Catalu\u00f1a y ha mantenido un intercambio de impresiones con el presidente <strong>Josep Rull<\/strong> sobre cuestiones de inter\u00e9s empresarial y econ\u00f3mico.<\/p>\n<p>Al encuentro han participado los vicepresidentes de Foment del Treball:<\/p>\n<ul>\n<li><strong>Elisabeth Ca\u00f1igueral<\/strong>, presidenta de Grup Ca\u00f1igueral<\/li>\n<li><strong>Ma. Helena de Felipe<\/strong>, presidenta de la Asociaci\u00f3n de Federaciones y Asociaciones de Empresarias del Mediterr\u00e1neo en Catalu\u00f1a &#8211; AFAEMME<\/li>\n<li><strong>Llu\u00eds Moreno<\/strong>, presidente de la Cambra Oficial Contractistes Obres Catalunya &#8211; CCOC<\/li>\n<li><strong>Xavier Pan\u00e9s<\/strong>, presidente de CECOT<\/li>\n<li><strong>Cinta Pascual<\/strong>, presidenta de la Associaci\u00f3 Catalana de Recursos Assistencials &#8211; ACRA<\/li>\n<li><strong>Xavier Rigau<\/strong>, presidente de la Confederaci\u00f3 Empresarial de la Prov\u00edncia de Tarragona &#8211; CEPTA<\/li>\n<li><strong>Joan Roget<\/strong>, presidente de la Federaci\u00f3 Empresarial Catalana del Sector Qu\u00edmic &#8211; FEDEQUIM<\/li>\n<li><strong>Baldiri Ros<\/strong>, presidente del Institut Agr\u00edcola Catal\u00e0 Sant Isidre<\/li>\n<li><strong>Jaume Roura<\/strong>, presidente de la Uni\u00f3 Patronal Metal.l\u00fargica &#8211; UPM<\/li>\n<li><strong>Ruben Sans<\/strong>, presidente de la Associaci\u00f3 Independent de Joves Empresaris de Catalunya &#8211; AIJEC<\/li>\n<\/ul>\n<p>[\/vc_column_text]<div class=\"flexslider wpb_content_element\"><ul class=\"slides\"><li><img src=\"https:\/\/www.foment.com\/wp-content\/uploads\/2025\/03\/IMG_2490-scaled.jpg\" alt=\"\" \/><\/li><li><img src=\"https:\/\/www.foment.com\/wp-content\/uploads\/2025\/03\/IMG_2479-scaled.jpg\" alt=\"\" \/><\/li><li><img src=\"https:\/\/www.foment.com\/wp-content\/uploads\/2025\/03\/IMG_2573-scaled.jpg\" alt=\"\" \/><\/li><li><img src=\"https:\/\/www.foment.com\/wp-content\/uploads\/2025\/03\/IMG_2583-scaled.jpg\" alt=\"\" \/><\/li><li><img src=\"https:\/\/www.foment.com\/wp-content\/uploads\/2025\/03\/IMG_2389-scaled.jpg\" alt=\"\" \/><\/li><\/ul><\/div>[vc_column_text]<span style=\"font-size: 10pt;\">Fotos autor\u00eda del Parlament de Catalunya.<\/span>[\/vc_column_text][\/vc_column][\/vc_row]<\/p>\n<\/section>","protected":false},"excerpt":{"rendered":"<p>[vc_row][vc_column][vc_column_text] Una delegaci\u00f3n de la patronal catalana ha visitado la c\u00e1mara de representaci\u00f3n de Catalu\u00f1a y ha mantenido un intercambio de impresiones con el presidente Josep Rull Una delegaci\u00f3n de Foment del Treball, liderada por el presidente Josep S\u00e1nchez Llibre, ha visitado el Parlamento de Catalu\u00f1a y ha mantenido un intercambio de impresiones con el presidente Josep Rull sobre cuestiones de inter\u00e9s empresarial y econ\u00f3mico. Al encuentro han participado los vicepresidentes de Foment del Treball: Elisabeth Ca\u00f1igueral, presidenta de Grup Ca\u00f1igueral Ma. Helena de Felipe, presidenta de la Asociaci\u00f3n de Federaciones y Asociaciones de Empresarias del Mediterr\u00e1neo en Catalu\u00f1a &#8211; AFAEMME Llu\u00eds Moreno, presidente de la Cambra Oficial Contractistes Obres Catalunya &#8211; CCOC Xavier Pan\u00e9s, presidente de CECOT Cinta Pascual, presidenta de la Associaci\u00f3 Catalana de Recursos Assistencials &#8211; ACRA Xavier Rigau, presidente de la Confederaci\u00f3 Empresarial de la Prov\u00edncia de Tarragona &#8211; CEPTA Joan Roget, presidente de la Federaci\u00f3 Empresarial Catalana del Sector Qu\u00edmic &#8211; FEDEQUIM Baldiri Ros, presidente del Institut Agr\u00edcola Catal\u00e0 Sant Isidre Jaume Roura, presidente de la Uni\u00f3 Patronal Metal.l\u00fargica &#8211; UPM Ruben Sans, presidente de la Associaci\u00f3 Independent de Joves Empresaris de Catalunya &#8211; AIJEC [\/vc_column_text][vc_column_text]Fotos autor\u00eda del Parlament de Catalunya.[\/vc_column_text][\/vc_column][\/vc_row]<\/p>\n","protected":false},"author":10,"featured_media":198746,"comment_status":"closed","ping_status":"closed","sticky":false,"template":"","format":"standard","meta":{"_links_to":"","_links_to_target":""},"categories":[114,68,5714],"tags":[8779,8783,8782,8784],"acf":[],"wps_subtitle":"","_links":{"self":[{"href":"https:\/\/www.foment.com\/es\/wp-json\/wp\/v2\/posts\/198765"}],"collection":[{"href":"https:\/\/www.foment.com\/es\/wp-json\/wp\/v2\/posts"}],"about":[{"href":"https:\/\/www.foment.com\/es\/wp-json\/wp\/v2\/types\/post"}],"author":[{"embeddable":true,"href":"https:\/\/www.foment.com\/es\/wp-json\/wp\/v2\/users\/10"}],"replies":[{"embeddable":true,"href":"https:\/\/www.foment.com\/es\/wp-json\/wp\/v2\/comments?post=198765"}],"version-history":[{"count":4,"href":"https:\/\/www.foment.com\/es\/wp-json\/wp\/v2\/posts\/198765\/revisions"}],"predecessor-version":[{"id":198774,"href":"https:\/\/www.foment.com\/es\/wp-json\/wp\/v2\/posts\/198765\/revisions\/198774"}],"wp:featuredmedia":[{"embeddable":true,"href":"https:\/\/www.foment.com\/es\/wp-json\/wp\/v2\/media\/198746"}],"wp:attachment":[{"href":"https:\/\/www.foment.com\/es\/wp-json\/wp\/v2\/media?parent=198765"}],"wp:term":[{"taxonomy":"category","embeddable":true,"href":"https:\/\/www.foment.com\/es\/wp-json\/wp\/v2\/categories?post=198765"},{"taxonomy":"post_tag","embeddable":true,"href":"https:\/\/www.foment.com\/es\/wp-json\/wp\/v2\/tags?post=198765"}],"curies":[{"name":"wp","href":"https:\/\/api.w.org\/{rel}","templated":true}]}}