{"id":198938,"date":"2025-03-20T13:51:25","date_gmt":"2025-03-20T12:51:25","guid":{"rendered":"https:\/\/www.foment.com\/visita-consol-general-republica-corea-a-foment\/"},"modified":"2025-03-20T14:03:32","modified_gmt":"2025-03-20T13:03:32","slug":"visita-consul-general-republica-corea-a-foment","status":"publish","type":"post","link":"https:\/\/www.foment.com\/es\/visita-consul-general-republica-corea-a-foment\/","title":{"rendered":"Visita del c\u00f3nsul general de la Rep\u00fablica de Corea a Foment del Treball"},"content":{"rendered":"<section class=\"wpb-content-wrapper\"><p>[vc_row][vc_column][vc_column_text]<\/p>\n<ul>\n<li>El c\u00f3nsul corea\u00a0Young-Hyo Park se ha reunido con el presidente de la patronal Josep S\u00e1nchez Llibre<\/li>\n<\/ul>\n<div class=\"wpb_text_column wpb_content_element \">\n<div class=\"wpb_wrapper\">\n<p>El c\u00f3nsul general de la Rep\u00fablica de Corea en Barcelona, <strong>Young-Hyo Park<\/strong> , ha mantenido un encuentro con el presidente de Foment del Treball, <strong>Josep S\u00e1nchez Llibre<\/strong>, para\u00a0<strong>analizar las relaciones bilaterales y las posibles v\u00edas de cooperaci\u00f3n para animar a los empresarios a identificar las numerosas oportunidades de negocio existentes en la zona<\/strong>.<\/p>\n<p>Esta reuni\u00f3n se inscribe en la agenda anual de contactos intensa que mantiene Foment con representantes institucionales y empresariales de todo el mundo a fin de impulsar oportunidades de negocio e inversi\u00f3n para empresas de Catalu\u00f1a, as\u00ed como presentar el pa\u00eds como una de las regiones de Europa m\u00e1s atractivas para captar inversiones.<\/p>\n<p>Tambi\u00e9n han participado en el encuentro la asesora en Asuntos Econ\u00f3micos y Pol\u00edticos, <strong>Laia Anglada Porta<\/strong>, y el director de Internacional de Foment, <strong>Kilian Garcia<\/strong>.<\/p>\n<\/div>\n<\/div>\n<p>[\/vc_column_text]<div class=\"flexslider wpb_content_element\"><ul class=\"slides\"><li><img src=\"https:\/\/www.foment.com\/wp-content\/uploads\/2025\/03\/DSC_0316-scaled.jpg\" alt=\"\" \/><\/li><li><img src=\"https:\/\/www.foment.com\/wp-content\/uploads\/2025\/03\/DSC_0319-scaled.jpg\" alt=\"\" \/><\/li><li><img src=\"https:\/\/www.foment.com\/wp-content\/uploads\/2025\/03\/DSC_0326-scaled.jpg\" alt=\"\" \/><\/li><li><img src=\"https:\/\/www.foment.com\/wp-content\/uploads\/2025\/03\/DSC_0350-scaled.jpg\" alt=\"\" \/><\/li><li><img src=\"https:\/\/www.foment.com\/wp-content\/uploads\/2025\/03\/DSC_0359-scaled.jpg\" alt=\"\" \/><\/li><\/ul><\/div>[\/vc_column][\/vc_row]<\/p>\n<\/section>","protected":false},"excerpt":{"rendered":"<p>[vc_row][vc_column][vc_column_text] El c\u00f3nsul corea\u00a0Young-Hyo Park se ha reunido con el presidente de la patronal Josep S\u00e1nchez Llibre El c\u00f3nsul general de la Rep\u00fablica de Corea en Barcelona, Young-Hyo Park , ha mantenido un encuentro con el presidente de Foment del Treball, Josep S\u00e1nchez Llibre, para\u00a0analizar las relaciones bilaterales y las posibles v\u00edas de cooperaci\u00f3n para animar a los empresarios a identificar las numerosas oportunidades de negocio existentes en la zona. Esta reuni\u00f3n se inscribe en la agenda anual de contactos intensa que mantiene Foment con representantes institucionales y empresariales de todo el mundo a fin de impulsar oportunidades de negocio e inversi\u00f3n para empresas de Catalu\u00f1a, as\u00ed como presentar el pa\u00eds como una de las regiones de Europa m\u00e1s atractivas para captar inversiones. Tambi\u00e9n han participado en el encuentro la asesora en Asuntos Econ\u00f3micos y Pol\u00edticos, Laia Anglada Porta, y el director de Internacional de Foment, Kilian Garcia. [\/vc_column_text][\/vc_column][\/vc_row]<\/p>\n","protected":false},"author":10,"featured_media":198927,"comment_status":"closed","ping_status":"closed","sticky":false,"template":"","format":"standard","meta":{"_links_to":"","_links_to_target":""},"categories":[114,72,5714],"tags":[1516,6787,8786],"acf":[],"wps_subtitle":"","_links":{"self":[{"href":"https:\/\/www.foment.com\/es\/wp-json\/wp\/v2\/posts\/198938"}],"collection":[{"href":"https:\/\/www.foment.com\/es\/wp-json\/wp\/v2\/posts"}],"about":[{"href":"https:\/\/www.foment.com\/es\/wp-json\/wp\/v2\/types\/post"}],"author":[{"embeddable":true,"href":"https:\/\/www.foment.com\/es\/wp-json\/wp\/v2\/users\/10"}],"replies":[{"embeddable":true,"href":"https:\/\/www.foment.com\/es\/wp-json\/wp\/v2\/comments?post=198938"}],"version-history":[{"count":3,"href":"https:\/\/www.foment.com\/es\/wp-json\/wp\/v2\/posts\/198938\/revisions"}],"predecessor-version":[{"id":198942,"href":"https:\/\/www.foment.com\/es\/wp-json\/wp\/v2\/posts\/198938\/revisions\/198942"}],"wp:featuredmedia":[{"embeddable":true,"href":"https:\/\/www.foment.com\/es\/wp-json\/wp\/v2\/media\/198927"}],"wp:attachment":[{"href":"https:\/\/www.foment.com\/es\/wp-json\/wp\/v2\/media?parent=198938"}],"wp:term":[{"taxonomy":"category","embeddable":true,"href":"https:\/\/www.foment.com\/es\/wp-json\/wp\/v2\/categories?post=198938"},{"taxonomy":"post_tag","embeddable":true,"href":"https:\/\/www.foment.com\/es\/wp-json\/wp\/v2\/tags?post=198938"}],"curies":[{"name":"wp","href":"https:\/\/api.w.org\/{rel}","templated":true}]}}