{"id":199028,"date":"2025-03-24T10:21:49","date_gmt":"2025-03-24T09:21:49","guid":{"rendered":"https:\/\/www.foment.com\/?p=199028"},"modified":"2025-10-27T11:42:20","modified_gmt":"2025-10-27T10:42:20","slug":"foment-del-treball-y-euncet-business-school-presentan-el-master-que-conecta-la-inteligencia-artificial-con-el-negocio-real","status":"publish","type":"post","link":"https:\/\/www.foment.com\/es\/foment-del-treball-y-euncet-business-school-presentan-el-master-que-conecta-la-inteligencia-artificial-con-el-negocio-real\/","title":{"rendered":"Foment del Treball y Euncet Business School presentan el m\u00e1ster que conecta la Inteligencia Artificial con el negocio real"},"content":{"rendered":"<ul>\n<li>La nueva formaci\u00f3n prepara a profesionales y empresas para aplicar la IA de manera pr\u00e1ctica, estrat\u00e9gica y responsable<\/li>\n<\/ul>\n<p>La inteligencia artificial ha dejado de ser una opci\u00f3n de futuro para convertirse en una necesidad presente. Ante este reto y oportunidad, <strong>Foment del Treball y Euncet Business School<\/strong> han creado el <a href=\"https:\/\/www.euncet.com\/es\/programas-online\/master-inteligencia-artificial\/\" target=\"_blank\" rel=\"noopener\"><strong>M\u00e1ster en Inteligencia Artificial Aplicada al Negocio<\/strong><\/a>, una propuesta formativa pensada para que las empresas incorporen la IA a su estrategia de manera efectiva y con impacto real.<\/p>\n<p>\u201cEste m\u00e1ster es un paso adelante para que las empresas puedan integrar la inteligencia artificial desde una perspectiva estrat\u00e9gica y de negocio. <strong>Una oportunidad \u00fanica para ser m\u00e1s competitivos en un mercado cada vez m\u00e1s tecnol\u00f3gico<\/strong>\u201d, afirma <strong>Josep S\u00e1nchez Llibre<\/strong>, presidente de Foment del Treball. En este sentido, el consejero delegado de Euncet Business School, <strong>Rafel Niub\u00f2<\/strong>, ha explicado que \u201ceste m\u00e1ster aporta una formaci\u00f3n de alto nivel para afrontar los desaf\u00edos de la transformaci\u00f3n digital impulsada por la IA y <strong>prepara a los participantes para tomar el tim\u00f3n de la transformaci\u00f3n digital<\/strong>\u201d.<\/p>\n<p>Con un enfoque pr\u00e1ctico y flexible, el m\u00e1ster ofrece las herramientas y el conocimiento que necesitan directivos y profesionales para identificar nuevas oportunidades de negocio, automatizar procesos y tomar decisiones basadas en datos, asegurando una implementaci\u00f3n \u00e9tica y responsable.<\/p>\n<p>El director ejecutivo de Foment, <strong>Laure\u00e0 Folch<\/strong>, ha destacado la buena acogida de la primera edici\u00f3n del m\u00e1ster que comienza este viernes 28 de marzo, <strong>\u201cEl \u00e9xito de esta primera edici\u00f3n confirma que existe una demanda creciente de profesionales formados para liderar esta transformaci\u00f3n con responsabilidad y visi\u00f3n de futuro\u201d<\/strong>. Por su parte, <strong>Gerard Esteva<\/strong>, como miembro del Consejo de Administraci\u00f3n de Euncet, ha puesto en valor la acci\u00f3n conjunta de ambas entidades para impulsar iniciativas de calado como esta: <strong>\u201cFoment y Euncet debemos seguir sumando capacidades y formar t\u00e1ndem para potenciar el talento de nuestro tejido empresarial\u201d.<\/strong><\/p>\n<p><span style=\"color: #d12238;\"><strong>Una formaci\u00f3n para poner la IA al servicio del negocio<\/strong><\/span><\/p>\n<p>La segunda edici\u00f3n se iniciar\u00e1 el pr\u00f3ximo <strong>25 de abril<\/strong> y la tercera est\u00e1 prevista para el <strong>6 de junio<\/strong>. Las inscripciones ya est\u00e1n abiertas y se trata de una formaci\u00f3n <strong>100% bonificable<\/strong>.<\/p>\n<p>Durante <strong>8 meses<\/strong>, los participantes combinar\u00e1n <strong>sesiones presenciales<\/strong> en el Campus 22@ con contenido <strong>en l\u00ednea<\/strong>, dise\u00f1ado para adaptarse a la agenda de profesionales en activo. El programa est\u00e1 basado en <strong>casos reales y aplicaciones concretas<\/strong> de la IA en \u00e1mbitos como el marketing, las finanzas, la producci\u00f3n o los recursos humanos.<\/p>\n<p>Uno de los puntos fuertes del m\u00e1ster es su mirada integral: no solo se aprende a aplicar tecnolog\u00edas de IA, sino tambi\u00e9n a <strong>gestionar el cambio dentro de la organizaci\u00f3n<\/strong>, abordar los <strong>retos \u00e9ticos y sociales<\/strong> y garantizar la <strong>gobernanza de los datos<\/strong>.<\/p>\n<p><a href=\"https:\/\/www.foment.com\/wp-content\/uploads\/2025\/03\/IA-FOMENT-24-25_edicion2_esp-1.pdf\" target=\"_blank\" rel=\"noopener\">Consulta aqu\u00ed el programa completo e inscripciones de la segunda edici\u00f3n<\/a><\/p>\n<p>Tambi\u00e9n puedes consultar el <a href=\"https:\/\/www.foment.com\/wp-content\/uploads\/2025\/03\/IA-FOMENT-24-25_edicion3_esp.pdf\" target=\"_blank\" rel=\"noopener\">programa completo de la tercera edici\u00f3n<\/a>, que empezar\u00e1 el 6 de junio de 2025<\/p>\n<p><span style=\"color: #d12238;\"><strong>Sobre Euncet Business School<\/strong><\/span><\/p>\n<p>Con m\u00e1s de 40 a\u00f1os de experiencia, Euncet Business School es el centro universitario de referencia en formaci\u00f3n empresarial y tecnol\u00f3gica, adscrito a la Universitat Polit\u00e8cnica de Catalunya (UPC).<\/p>\n<div class=\"flexslider wpb_content_element\"><ul class=\"slides\"><li><img src=\"https:\/\/www.foment.com\/wp-content\/uploads\/2025\/03\/MasterIA-3-scaled.jpg\" alt=\"\" \/><\/li><li><img src=\"https:\/\/www.foment.com\/wp-content\/uploads\/2025\/03\/MasterIA-1-scaled.jpg\" alt=\"\" \/><\/li><li><img src=\"https:\/\/www.foment.com\/wp-content\/uploads\/2025\/03\/MasterIA-4-scaled.jpg\" alt=\"\" \/><\/li><li><img src=\"https:\/\/www.foment.com\/wp-content\/uploads\/2025\/03\/MasterIA-2-scaled.jpg\" alt=\"\" \/><\/li><\/ul><\/div>\n","protected":false},"excerpt":{"rendered":"<p>La nueva formaci\u00f3n prepara a profesionales y empresas para aplicar la IA de manera pr\u00e1ctica, estrat\u00e9gica y responsable La inteligencia artificial ha dejado de ser una opci\u00f3n de futuro para convertirse en una necesidad presente. Ante este reto y oportunidad, Foment del Treball y Euncet Business School han creado el M\u00e1ster en Inteligencia Artificial Aplicada al Negocio, una propuesta formativa pensada para que las empresas incorporen la IA a su estrategia de manera efectiva y con impacto real. \u201cEste m\u00e1ster es un paso adelante para que las empresas puedan integrar la inteligencia artificial desde una perspectiva estrat\u00e9gica y de negocio. Una oportunidad \u00fanica para ser m\u00e1s competitivos en un mercado cada vez m\u00e1s tecnol\u00f3gico\u201d, afirma Josep S\u00e1nchez Llibre, presidente de Foment del Treball. En este sentido, el consejero delegado de Euncet Business School, Rafel Niub\u00f2, ha explicado que \u201ceste m\u00e1ster aporta una formaci\u00f3n de alto nivel para afrontar los desaf\u00edos de la transformaci\u00f3n digital impulsada por la IA y prepara a los participantes para tomar el tim\u00f3n de la transformaci\u00f3n digital\u201d. Con un enfoque pr\u00e1ctico y flexible, el m\u00e1ster ofrece las herramientas y el conocimiento que necesitan directivos y profesionales para identificar nuevas oportunidades de negocio, automatizar procesos y tomar [&hellip;]<\/p>\n","protected":false},"author":281,"featured_media":199034,"comment_status":"closed","ping_status":"closed","sticky":false,"template":"","format":"standard","meta":{"_links_to":"","_links_to_target":""},"categories":[114,8973,113,71,8495,5714],"tags":[2887],"acf":[],"wps_subtitle":"","_links":{"self":[{"href":"https:\/\/www.foment.com\/es\/wp-json\/wp\/v2\/posts\/199028"}],"collection":[{"href":"https:\/\/www.foment.com\/es\/wp-json\/wp\/v2\/posts"}],"about":[{"href":"https:\/\/www.foment.com\/es\/wp-json\/wp\/v2\/types\/post"}],"author":[{"embeddable":true,"href":"https:\/\/www.foment.com\/es\/wp-json\/wp\/v2\/users\/281"}],"replies":[{"embeddable":true,"href":"https:\/\/www.foment.com\/es\/wp-json\/wp\/v2\/comments?post=199028"}],"version-history":[{"count":6,"href":"https:\/\/www.foment.com\/es\/wp-json\/wp\/v2\/posts\/199028\/revisions"}],"predecessor-version":[{"id":199148,"href":"https:\/\/www.foment.com\/es\/wp-json\/wp\/v2\/posts\/199028\/revisions\/199148"}],"wp:featuredmedia":[{"embeddable":true,"href":"https:\/\/www.foment.com\/es\/wp-json\/wp\/v2\/media\/199034"}],"wp:attachment":[{"href":"https:\/\/www.foment.com\/es\/wp-json\/wp\/v2\/media?parent=199028"}],"wp:term":[{"taxonomy":"category","embeddable":true,"href":"https:\/\/www.foment.com\/es\/wp-json\/wp\/v2\/categories?post=199028"},{"taxonomy":"post_tag","embeddable":true,"href":"https:\/\/www.foment.com\/es\/wp-json\/wp\/v2\/tags?post=199028"}],"curies":[{"name":"wp","href":"https:\/\/api.w.org\/{rel}","templated":true}]}}