{"id":199497,"date":"2025-03-31T11:12:21","date_gmt":"2025-03-31T09:12:21","guid":{"rendered":"https:\/\/www.foment.com\/?p=199497"},"modified":"2025-03-31T11:12:21","modified_gmt":"2025-03-31T09:12:21","slug":"maximiliano-llobet-eulen-seguridad-la-seguridad-del-manana-se-construye-hoy-integrada-predictiva-y-accesible-para-las-pymes","status":"publish","type":"post","link":"https:\/\/www.foment.com\/es\/maximiliano-llobet-eulen-seguridad-la-seguridad-del-manana-se-construye-hoy-integrada-predictiva-y-accesible-para-las-pymes\/","title":{"rendered":"Maximiliano Llobet (Eulen Seguridad): \u00abLa seguridad del ma\u00f1ana se construye hoy: integrada, predictiva y accesible para las pymes\u00bb"},"content":{"rendered":"<p>Vivimos en un entorno en constante evoluci\u00f3n, donde las amenazas son cada vez m\u00e1s complejas y globales. El modelo tradicional de seguridad, centrado en la vigilancia f\u00edsica, ha llegado a un punto de inflexi\u00f3n. Charlamos con Maximiliano Llobet, gerente de EULEN Seguridad, sobre por qu\u00e9 ha llegado el momento de transformar profundamente el enfoque de la protecci\u00f3n en las empresas.<\/p>\n<p><span style=\"color: #d12238;\"><strong>\u00bfHac\u00eda d\u00f3nde se dirige la transformaci\u00f3n del modelo tradicional de seguridad?<\/strong><\/span><br \/>\nImpulsa el cambio constante ante la aceleraci\u00f3n de las amenazas. Ya no basta con reaccionar ante los incidentes: necesitamos anticiparnos. Por eso, la transformaci\u00f3n de la seguridad ya no es una opci\u00f3n, sino una necesidad estrat\u00e9gica, especialmente para las pymes. Las amenazas actuales son din\u00e1micas y exigen un enfoque predictivo e integrado.<\/p>\n<p><span style=\"color: #d12238;\"><strong>\u00bfQu\u00e9 tipo de amenazas est\u00e1n marcando este nuevo escenario?<\/strong><\/span><br \/>\nLos ciberataques, cada vez m\u00e1s frecuentes y sofisticados, son uno de los principales desaf\u00edos. Pero tambi\u00e9n lo es el creciente marco normativo, como la Directiva europea NIS2, que obliga a contemplar los riesgos cibern\u00e9ticos a lo largo de toda la cadena de suministro. Esto hace imprescindible superar la divisi\u00f3n entre seguridad f\u00edsica y digital.<\/p>\n<p><span style=\"color: #d12238;\"><strong>\u00bfQu\u00e9 papel juegan las nuevas tecnolog\u00edas en esta transformaci\u00f3n?<\/strong><\/span><br \/>\nUn papel clave. Tecnolog\u00edas como la inteligencia artificial, el Internet de las Cosas (IoT), la anal\u00edtica predictiva o la vigilancia inteligente permiten detectar, anticipar y neutralizar amenazas de forma proactiva. Esto no solo incrementa la eficiencia operativa, sino que mejora la protecci\u00f3n global de la organizaci\u00f3n.<\/p>\n<p><span style=\"color: #d12238;\"><strong>M\u00e1s all\u00e1 de la tecnolog\u00eda, \u00bfqu\u00e9 otros factores empujan a este cambio?<\/strong><\/span><br \/>\nLa necesidad de optimizar costes operativos (OPEX) y rentabilizar las inversiones (CAPEX). El modelo tradicional, basado en la presencia continua de personal de vigilancia, se vuelve cada vez m\u00e1s costoso e insostenible. A esto se suma un contexto laboral complejo, con plantillas envejecidas, baja atracci\u00f3n del sector y dificultades para la conciliaci\u00f3n.<\/p>\n<p><span style=\"color: #d12238;\"><strong>\u00bfQu\u00e9 deber\u00edan cambiar las empresas especializadas en seguridad?<\/strong><\/span><br \/>\nDeben dejar de ser simples proveedores de horas presenciales para convertirse en socios estrat\u00e9gicos. Su funci\u00f3n ahora es dise\u00f1ar soluciones integrales, que combinen la protecci\u00f3n f\u00edsica y digital, y que est\u00e9n alineadas con los objetivos del negocio.<\/p>\n<p><span style=\"color: #d12238;\"><strong>Uno de los grandes retos parece ser acercar estas soluciones a las pymes. \u00bfEs posible?<\/strong><\/span><br \/>\nTotalmente. Aunque muchas pymes perciben la ciberseguridad como algo caro o inaccesible, existen soluciones econ\u00f3micas, escalables y f\u00e1ciles de implementar. Es fundamental romper ese prejuicio, porque estas herramientas permiten cumplir con las nuevas exigencias normativas sin grandes inversiones.<\/p>\n<p><span style=\"color: #d12238;\"><strong>\u00bfC\u00f3mo se concretan estas soluciones integrales en la pr\u00e1ctica?<\/strong><\/span><br \/>\nA trav\u00e9s de plataformas unificadas que permiten gestionar, desde una \u00fanica interfaz, c\u00e1maras inteligentes, accesos biom\u00e9tricos, alarmas y sistemas de monitorizaci\u00f3n de red. Tambi\u00e9n mediante vigilancia remota, monitorizaci\u00f3n virtual y respuestas automatizadas, como drones o sistemas inteligentes. Todo ello reduce el coste operativo y mejora la capacidad de reacci\u00f3n ante incidentes.<\/p>\n<p><span style=\"color: #d12238;\"><strong>\u00bfQu\u00e9 mensaje les trasladar\u00eda a los l\u00edderes empresariales ante esta transformaci\u00f3n?<\/strong><\/span><br \/>\nQue es el momento de actuar. La seguridad debe dejar de verse como un gasto y pasar a ser un valor estrat\u00e9gico. Transformar el modelo tradicional por uno integral, predictivo y tecnol\u00f3gico permite proteger mejor a las personas, los activos y la informaci\u00f3n, al tiempo que se mejora la eficiencia y se garantiza la continuidad del negocio.<div class=\"flexslider wpb_content_element\"><ul class=\"slides\"><li><img src=\"https:\/\/www.foment.com\/wp-content\/uploads\/2025\/03\/Seguridad-integral-EULEN-Seguridad.jpg\" alt=\"\" \/><\/li><\/ul><\/div>\n","protected":false},"excerpt":{"rendered":"<p>Vivimos en un entorno en constante evoluci\u00f3n, donde las amenazas son cada vez m\u00e1s complejas y globales. El modelo tradicional de seguridad, centrado en la vigilancia f\u00edsica, ha llegado a un punto de inflexi\u00f3n. Charlamos con Maximiliano Llobet, gerente de EULEN Seguridad, sobre por qu\u00e9 ha llegado el momento de transformar profundamente el enfoque de la protecci\u00f3n en las empresas. \u00bfHac\u00eda d\u00f3nde se dirige la transformaci\u00f3n del modelo tradicional de seguridad? Impulsa el cambio constante ante la aceleraci\u00f3n de las amenazas. Ya no basta con reaccionar ante los incidentes: necesitamos anticiparnos. Por eso, la transformaci\u00f3n de la seguridad ya no es una opci\u00f3n, sino una necesidad estrat\u00e9gica, especialmente para las pymes. Las amenazas actuales son din\u00e1micas y exigen un enfoque predictivo e integrado. \u00bfQu\u00e9 tipo de amenazas est\u00e1n marcando este nuevo escenario? Los ciberataques, cada vez m\u00e1s frecuentes y sofisticados, son uno de los principales desaf\u00edos. Pero tambi\u00e9n lo es el creciente marco normativo, como la Directiva europea NIS2, que obliga a contemplar los riesgos cibern\u00e9ticos a lo largo de toda la cadena de suministro. Esto hace imprescindible superar la divisi\u00f3n entre seguridad f\u00edsica y digital. \u00bfQu\u00e9 papel juegan las nuevas tecnolog\u00edas en esta transformaci\u00f3n? Un papel clave. Tecnolog\u00edas como [&hellip;]<\/p>\n","protected":false},"author":281,"featured_media":199486,"comment_status":"closed","ping_status":"closed","sticky":false,"template":"","format":"standard","meta":{"_links_to":"","_links_to_target":""},"categories":[8406],"tags":[],"acf":[],"wps_subtitle":"","_links":{"self":[{"href":"https:\/\/www.foment.com\/es\/wp-json\/wp\/v2\/posts\/199497"}],"collection":[{"href":"https:\/\/www.foment.com\/es\/wp-json\/wp\/v2\/posts"}],"about":[{"href":"https:\/\/www.foment.com\/es\/wp-json\/wp\/v2\/types\/post"}],"author":[{"embeddable":true,"href":"https:\/\/www.foment.com\/es\/wp-json\/wp\/v2\/users\/281"}],"replies":[{"embeddable":true,"href":"https:\/\/www.foment.com\/es\/wp-json\/wp\/v2\/comments?post=199497"}],"version-history":[{"count":1,"href":"https:\/\/www.foment.com\/es\/wp-json\/wp\/v2\/posts\/199497\/revisions"}],"predecessor-version":[{"id":199498,"href":"https:\/\/www.foment.com\/es\/wp-json\/wp\/v2\/posts\/199497\/revisions\/199498"}],"wp:featuredmedia":[{"embeddable":true,"href":"https:\/\/www.foment.com\/es\/wp-json\/wp\/v2\/media\/199486"}],"wp:attachment":[{"href":"https:\/\/www.foment.com\/es\/wp-json\/wp\/v2\/media?parent=199497"}],"wp:term":[{"taxonomy":"category","embeddable":true,"href":"https:\/\/www.foment.com\/es\/wp-json\/wp\/v2\/categories?post=199497"},{"taxonomy":"post_tag","embeddable":true,"href":"https:\/\/www.foment.com\/es\/wp-json\/wp\/v2\/tags?post=199497"}],"curies":[{"name":"wp","href":"https:\/\/api.w.org\/{rel}","templated":true}]}}