{"id":202336,"date":"2025-05-29T09:39:52","date_gmt":"2025-05-29T07:39:52","guid":{"rendered":"https:\/\/www.foment.com\/?p=202336"},"modified":"2025-05-29T09:39:52","modified_gmt":"2025-05-29T07:39:52","slug":"santiago-balleste-reelegit-president-dupmball","status":"publish","type":"post","link":"https:\/\/www.foment.com\/es\/santiago-balleste-reelegit-president-dupmball\/","title":{"rendered":"Santiago Ballest\u00e9, reelegit president d\u2019UPMBALL"},"content":{"rendered":"<ul>\n<li>Els vicepresidents seran Enrique Lastra (Phira Componentes Automoci\u00f3n, S.A.), Oriol Estrada (Mecalux, S.A.) i M. Rosa Fiol (AEBALL\/UPMBALL)<\/li>\n<li>L\u2019Assemblea ha aprovat els comptes corresponents al 2024, el pressupost per l\u2019any 2025, i la Mem\u00f2ria d\u2019activitats de l\u2019any passat, de la qual destaquen les 219 ofertes laborals gestionades pels associats, i la impartici\u00f3 de 2.686 hores de formaci\u00f3 t\u00e8cnica metal\u00b7l\u00fargica espec\u00edfica i 473 hores de formaci\u00f3 en Prevenci\u00f3 de Riscos Laborals del sector metal\u00b7l\u00fargic<\/li>\n<li>L&#8217;afiliaci\u00f3 del sector va augmentar l&#8217;1,6% i la taxa d&#8217;atur va descendir un 2,8%. \u201cAix\u00f2 ens fa pensar en la plena ocupaci\u00f3 en el sector\u201d indica Santiago Ballest\u00e9, president d\u2019UPMBALL<\/li>\n<\/ul>\n<p><strong>La Uni\u00f3 Patronal Metal\u00b7l\u00fargica\u00a0de L&#8217;Hospitalet i el Baix Llobregat (UPMBALL)\u00a0ha\u00a0organitzat\u00a0l&#8217;Assemblea\u00a0General anual de l&#8217;entitat, celebrada\u00a0ahir. En la reuni\u00f3,\u00a0els\u00a0socis\u00a0han\u00a0aprovat\u00a0els\u00a0comptes\u00a0de l\u2019entitat\u00a0corresponents\u00a0a l\u2019exercici\u00a0anterior, el de l\u2019any\u00a02024,\u00a0aix\u00ed\u00a0com\u00a0el\u00a0pressupost\u00a0per\u00a0l\u2019exercici\u00a0en\u00a0curs, el 2025.<\/strong><\/p>\n<p><strong>Santiago Ballest\u00e9 <\/strong>(Estructuras Metalicas Baix Llobregat 2012, S.L. \/ President d&#8217;ACMIL&#8217;H) <strong>ha estat\u00a0reelegit president d\u2019UPMBALL. Els vicepresidents seran Enrique Lastra <\/strong>(Phira Componentes Automoci\u00f3n, S.A.), <strong>Oriol Estrada <\/strong>(Mecalux, S.A.<strong>)<\/strong> i <strong>M. Rosa Fiol <\/strong>(AEBALL\/\/UPMBALL). <strong>Ricard Hernando <\/strong>(Tecramcel, S.L. \/ President d&#8217;APEL&#8217;H<strong>) exercir\u00e0 de secretari\/tresorer, i els vocals seran Silvia Balcells <\/strong>(Associaci\u00f3 Professional d&#8217;Empresaris d&#8217;Electricitat, Fontaneria, Gas, Climatitzaci\u00f3 i Afins del Baix Llobregat), <strong>Francisco Jos\u00e9 Zapater <\/strong>(Metal\u00fargica Zaes, S.L.),<strong> Jordi Priu (<\/strong>Manufactura Moderna de Metales, S.A.),<strong> Montserrat Clotet <\/strong>(Promax Test &amp; Measurement, S.L.U.),<strong> Josep Maria Tarrag\u00f3 <\/strong>(Wallbox Chargers, S.L. \/ President d&#8217;AEMES Smart<strong>) <\/strong>i<strong> Rafael Barnola<\/strong> (Electronic Trafic, S.A.).<\/p>\n<p>Ballest\u00e9, ha\u00a0iniciat\u00a0la\u00a0sessi\u00f3\u00a0recordant\u00a0que \u00abl\u2019any\u00a02024 ha estat un bon any perqu\u00e8 hem tingut un creixement del P.I.B. del 3,5%\u00bb.<strong> Respecte a l&#8217;activitat pr\u00f2pia del Metall<\/strong>, la producci\u00f3 es va contreure lleument el 0,2%, mentre que la xifra de negocis va descendir un 1,1% en el mateix per\u00edode. D&#8217;altra banda,<strong> l&#8217;afiliaci\u00f3 del sector va augmentar l&#8217;1,6%<\/strong>, malgrat el descens de la producci\u00f3 i la facturaci\u00f3. <strong>Respecte a la taxa d&#8217;atur, aquesta va descendir un 2,8%. \u201cAix\u00f2 ens fa pensar en la plena ocupaci\u00f3 en el sector, el gran obstacle del qual en el creixement \u00e9s la necessitat de formaci\u00f3 i qualificaci\u00f3\u201d, ha reflexionat\u00a0Ballest\u00e9.<\/strong><\/p>\n<p><strong>\u201cEn el nostre territori, el sector ha tingut un any de tranquil\u00b7litat laboral<\/strong>, per estar cobert amb el conveni col\u00b7lectiu de la ind\u00fastria Siderometal\u00b7l\u00fargica i el conveni de comer\u00e7 del Metall, tots dos de car\u00e0cter provincial i amb durada fins a final de l&#8217;any 2024. Aquest any 2025, iniciarem negociacions per als pr\u00f2xims convenis, tot i la dificultat que suposa l&#8217;amena\u00e7a legislativa de 37,5 hores a la setmana. Aquesta amena\u00e7a, que trenca el di\u00e0leg social, pot suposar per a la ind\u00fastria una rebaixa important d&#8217;hores anuals i per al comer\u00e7 una rebaixa tan gran que dif\u00edcilment el podran digerir les empreses, especialment les PIMES\u201d, ha manifestat el\u00a0president\u00a0d\u2019UPMBALL.<\/p>\n<p><strong>A la\u00a0sessi\u00f3\u00a0s\u2019ha\u00a0aprovat\u00a0la\u00a0<a href=\"https:\/\/eur04.safelinks.protection.outlook.com\/?url=https%3A%2F%2Fwww.aeball.com%2Fupfiles%2Fmemorias%2FMemoria_UPMBALL_2024_CAT.pdf&amp;data=05%7C02%7Ckmartin%40foment.com%7C41ea2310d672450499ce08dd9e0eed49%7Cf37c938d38654a89b99bb000c76a74bf%7C1%7C0%7C638840509116111209%7CUnknown%7CTWFpbGZsb3d8eyJFbXB0eU1hcGkiOnRydWUsIlYiOiIwLjAuMDAwMCIsIlAiOiJXaW4zMiIsIkFOIjoiTWFpbCIsIldUIjoyfQ%3D%3D%7C0%7C%7C%7C&amp;sdata=%2FmhItOTLxm06tDr%2BATn1ASeawd2x0u1TP%2FXMN07SSXs%3D&amp;reserved=0\" target=\"_blank\" rel=\"noopener\">Mem\u00f2ria\u00a0d\u2019activitats\u00a0i\u00a0serveis\u00a0de l&#8217;exercici\u00a02024<\/a>.<\/strong> Una de les\u00a0dades\u00a0m\u00e9s representatives \u00e9s que des del\u00a0departament d\u2019Ocupaci\u00f3 es van gestionar 219 ofertes laborals, es van orientar a 171 persones i es va tramitar la gesti\u00f3 de la subvenci\u00f3 a la contractaci\u00f3 per les empreses per un total de 457.758 \u20ac. Des del departament de Formaci\u00f3, destaquen les 2.686 hores de formaci\u00f3 t\u00e8cnica metal\u00b7l\u00fargica espec\u00edfica i les 473 hores de formaci\u00f3 en Prevenci\u00f3 de Riscos Laborals (PRL) del sector metal\u00b7l\u00fargic.<\/p>\n<p>A l&#8217;Assemblea General, el <strong>President de l\u2019entitat, Santiago Ballest\u00e9<\/strong>, i la <strong>Vicepresidenta i Directora General, M. Rosa Fiol<\/strong>, han presentat els informes relatius a les tasques desenvolupades durant el darrer exercici i les perspectives de futur. En aquest sentit, destaca la continu\u00eftat amb la labor actual de la Junta Directiva, impulsant tots aquells serveis que ajudin a les empreses a poder cr\u00e9ixer i accedir a noves oportunitats, de forma sostenible, i mitjan\u00e7ant la digitalitzaci\u00f3, la cooperaci\u00f3, i assumint el repte d\u2019acompanyar-les perqu\u00e8 puguin comptar amb perfils adaptats a les noves necessitats dels mercats.<\/p>\n<p>Ballest\u00e9\u00a0ha concl\u00f2s l&#8217;acte assegurant que: \u201caquesta entitat, que porta cam\u00ed de celebrar els seus primers 50 anys d&#8217;hist\u00f2ria, est\u00e0 orgullosa del treball realitzat fins ara i que s&#8217;ha vist recompensat, al llarg dels anys, amb el suport de les empreses associades. Tamb\u00e9 ens sentim molt orgullosos del comportament del sector, enfront de les dificultats i especialment a les transformacions i canvis d&#8217;activitat, que dins del sector s&#8217;han produ\u00eft, per a poder salvaguardar el futur de les empreses. El futur \u00e9s cada vegada m\u00e9s incert i ple de sorpreses, per\u00f2 els riscos que aix\u00f2 suposa s&#8217;estan pal\u00b7liant amb esfor\u00e7, inversi\u00f3, canvis, estrat\u00e8gies i\u00a0innovaci\u00f3. Estem segurs que \u00e9s la millor manera d&#8217;afrontar l&#8217;avenir amb garanties\u201d.<\/p>\n","protected":false},"excerpt":{"rendered":"<p>Els vicepresidents seran Enrique Lastra (Phira Componentes Automoci\u00f3n, S.A.), Oriol Estrada (Mecalux, S.A.) i M. Rosa Fiol (AEBALL\/UPMBALL) L\u2019Assemblea ha aprovat els comptes corresponents al 2024, el pressupost per l\u2019any 2025, i la Mem\u00f2ria d\u2019activitats de l\u2019any passat, de la qual destaquen les 219 ofertes laborals gestionades pels associats, i la impartici\u00f3 de 2.686 hores de formaci\u00f3 t\u00e8cnica metal\u00b7l\u00fargica espec\u00edfica i 473 hores de formaci\u00f3 en Prevenci\u00f3 de Riscos Laborals del sector metal\u00b7l\u00fargic L&#8217;afiliaci\u00f3 del sector va augmentar l&#8217;1,6% i la taxa d&#8217;atur va descendir un 2,8%. \u201cAix\u00f2 ens fa pensar en la plena ocupaci\u00f3 en el sector\u201d indica Santiago Ballest\u00e9, president d\u2019UPMBALL La Uni\u00f3 Patronal Metal\u00b7l\u00fargica\u00a0de L&#8217;Hospitalet i el Baix Llobregat (UPMBALL)\u00a0ha\u00a0organitzat\u00a0l&#8217;Assemblea\u00a0General anual de l&#8217;entitat, celebrada\u00a0ahir. En la reuni\u00f3,\u00a0els\u00a0socis\u00a0han\u00a0aprovat\u00a0els\u00a0comptes\u00a0de l\u2019entitat\u00a0corresponents\u00a0a l\u2019exercici\u00a0anterior, el de l\u2019any\u00a02024,\u00a0aix\u00ed\u00a0com\u00a0el\u00a0pressupost\u00a0per\u00a0l\u2019exercici\u00a0en\u00a0curs, el 2025. Santiago Ballest\u00e9 (Estructuras Metalicas Baix Llobregat 2012, S.L. \/ President d&#8217;ACMIL&#8217;H) ha estat\u00a0reelegit president d\u2019UPMBALL. Els vicepresidents seran Enrique Lastra (Phira Componentes Automoci\u00f3n, S.A.), Oriol Estrada (Mecalux, S.A.) i M. Rosa Fiol (AEBALL\/\/UPMBALL). Ricard Hernando (Tecramcel, S.L. \/ President d&#8217;APEL&#8217;H) exercir\u00e0 de secretari\/tresorer, i els vocals seran Silvia Balcells (Associaci\u00f3 Professional d&#8217;Empresaris d&#8217;Electricitat, Fontaneria, Gas, Climatitzaci\u00f3 i Afins del Baix Llobregat), Francisco Jos\u00e9 Zapater (Metal\u00fargica Zaes, S.L.), Jordi Priu (Manufactura Moderna de Metales, [&hellip;]<\/p>\n","protected":false},"author":281,"featured_media":202334,"comment_status":"closed","ping_status":"closed","sticky":false,"template":"","format":"standard","meta":{"_links_to":"","_links_to_target":""},"categories":[8407],"tags":[],"acf":[],"wps_subtitle":"","_links":{"self":[{"href":"https:\/\/www.foment.com\/es\/wp-json\/wp\/v2\/posts\/202336"}],"collection":[{"href":"https:\/\/www.foment.com\/es\/wp-json\/wp\/v2\/posts"}],"about":[{"href":"https:\/\/www.foment.com\/es\/wp-json\/wp\/v2\/types\/post"}],"author":[{"embeddable":true,"href":"https:\/\/www.foment.com\/es\/wp-json\/wp\/v2\/users\/281"}],"replies":[{"embeddable":true,"href":"https:\/\/www.foment.com\/es\/wp-json\/wp\/v2\/comments?post=202336"}],"version-history":[{"count":1,"href":"https:\/\/www.foment.com\/es\/wp-json\/wp\/v2\/posts\/202336\/revisions"}],"predecessor-version":[{"id":202337,"href":"https:\/\/www.foment.com\/es\/wp-json\/wp\/v2\/posts\/202336\/revisions\/202337"}],"wp:featuredmedia":[{"embeddable":true,"href":"https:\/\/www.foment.com\/es\/wp-json\/wp\/v2\/media\/202334"}],"wp:attachment":[{"href":"https:\/\/www.foment.com\/es\/wp-json\/wp\/v2\/media?parent=202336"}],"wp:term":[{"taxonomy":"category","embeddable":true,"href":"https:\/\/www.foment.com\/es\/wp-json\/wp\/v2\/categories?post=202336"},{"taxonomy":"post_tag","embeddable":true,"href":"https:\/\/www.foment.com\/es\/wp-json\/wp\/v2\/tags?post=202336"}],"curies":[{"name":"wp","href":"https:\/\/api.w.org\/{rel}","templated":true}]}}