{"id":202392,"date":"2025-05-29T11:34:52","date_gmt":"2025-05-29T09:34:52","guid":{"rendered":"https:\/\/www.foment.com\/?p=202392"},"modified":"2025-05-29T14:21:38","modified_gmt":"2025-05-29T12:21:38","slug":"foment-del-treball-refuerza-con-varios-acuerdos-estrategicos-el-eje-economico-cataluna-marruecos-con-el-horizonte-del-mundial-de-futbol-de-2030","status":"publish","type":"post","link":"https:\/\/www.foment.com\/es\/foment-del-treball-refuerza-con-varios-acuerdos-estrategicos-el-eje-economico-cataluna-marruecos-con-el-horizonte-del-mundial-de-futbol-de-2030\/","title":{"rendered":"Foment del Treball refuerza con varios acuerdos estrat\u00e9gicos el eje econ\u00f3mico Catalu\u00f1a-Marruecos con el horizonte del Mundial de F\u00fatbol de 2030"},"content":{"rendered":"<ul>\n<li>La patronal catalana y una treintena de empresarios cierran varios convenios con socios locales de los sectores industrial, tecnol\u00f3gico y de infraestructuras<\/li>\n<li>Josep S\u00e1nchez Llibre anuncia una nueva visita institucional antes de un a\u00f1o: \u00abVolveremos con proyectos a\u00fan m\u00e1s importantes\u00bb<\/li>\n<li>Foment consolida su papel como plataforma de di\u00e1logo entre Europa, \u00c1frica y el Mediterr\u00e1neo<\/li>\n<\/ul>\n<p>Foment del Treball ha culminado con \u00e9xito su <strong>misi\u00f3n empresarial e institucional en Marruecos, celebrada del 27 al 29 de mayo<\/strong>, con una intensa agenda de reuniones de primer nivel y la formalizaci\u00f3n de varios convenios de colaboraci\u00f3n entre empresas catalanas y marroqu\u00edes. Cabe destacar que m\u00e1s de 1.500 compa\u00f1\u00edas catalanas exportan a Marruecos y unas doscientas est\u00e1n instaladas en el pa\u00eds. La celebraci\u00f3n en 2030 del Mundial de F\u00fatbol en Marruecos, junto con Espa\u00f1a y Portugal, ha abierto un horizonte de inversi\u00f3n muy prometedor, como ya se percibi\u00f3 en la \u00faltima visita de la patronal el a\u00f1o pasado.<\/p>\n<p>Con este esp\u00edritu, la expedici\u00f3n, liderada por el presidente <strong>Josep S\u00e1nchez Llibre<\/strong>, ha mantenido varias reuniones con instituciones de alto nivel en <strong>T\u00e1nger, Rabat y Casablanca<\/strong>, acompa\u00f1ada por <strong>una delegaci\u00f3n de treinta empresarios de sectores estrat\u00e9gicos de Catalu\u00f1a<\/strong>. Esta misi\u00f3n recoge el testigo del trabajo que durante a\u00f1os ha llevado a cabo Foment en esta regi\u00f3n del norte de \u00c1frica, de gran valor estrat\u00e9gico para el tejido empresarial catal\u00e1n. Fruto de estos encuentros se han abierto nuevas v\u00edas de colaboraci\u00f3n en \u00e1mbitos como la industria textil t\u00e9cnica, la log\u00edstica, las energ\u00edas renovables y la construcci\u00f3n industrial, entre otros.<\/p>\n<p>El presidente de Foment del Treball, Josep S\u00e1nchez Llibre, ha destacado el alto nivel de los contactos y el compromiso mutuo de dar continuidad a las relaciones econ\u00f3micas entre Catalu\u00f1a y Marruecos. Es m\u00e1s, S\u00e1nchez Llibre ha manifestado que <strong>\u00abantes de un a\u00f1o volveremos a Marruecos con proyectos a\u00fan m\u00e1s importantes; de hecho, hoy ya hay compa\u00f1\u00edas que est\u00e1n cerrando acuerdos con empresas catalanas\u00bb<\/strong>. El l\u00edder patronal catal\u00e1n ha expuesto que \u00abformamos un equipo de Champions League con la embajada espa\u00f1ola, el Consejo Econ\u00f3mico Marruecos-Espa\u00f1a (CEMAES), Foment y el Gobierno marroqu\u00ed, que ya est\u00e1 dando frutos espectaculares\u00bb.<\/p>\n<p>Por su parte, en uno de los encuentros mantenidos, el ministro de Inversi\u00f3n de Marruecos, <strong>Karim Zidane<\/strong>, ha puesto en valor el potencial de futuro de esta colaboraci\u00f3n: \u00abHay grandes oportunidades de inversi\u00f3n; algunas ya se est\u00e1n materializando, y otras esperamos que se hagan realidad muy pronto\u00bb y ha rematado: \u00abos pido que lo hagamos juntos\u00bb.<\/p>\n<p>El copresidente de CEMAES, <strong>Adil Rais<\/strong>, ha subrayado el papel activo de Foment: \u00abEs un socio estrat\u00e9gico no solo para las empresas catalanas, sino tambi\u00e9n para el gobierno y el tejido empresarial de Marruecos. Juntos, podemos llegar mucho m\u00e1s lejos\u00bb.<\/p>\n<p>Por su parte, <strong>Clemente Gonz\u00e1lez<\/strong>, tambi\u00e9n copresidente de CEMAES, ha destacado que \u00abla proximidad del gobierno marroqu\u00ed con la empresa privada facilita la implantaci\u00f3n de las empresas espa\u00f1olas\u00bb.<\/p>\n<p>Finalmente, el embajador de Espa\u00f1a en Marruecos, <strong>Enrique Ojeda<\/strong>, ha elogiado la iniciativa catalana: \u00abUna patronal como Foment ha contribuido a crear una relaci\u00f3n constructiva entre Catalu\u00f1a y Espa\u00f1a con Marruecos y, por tanto, nos felicitamos por este <strong>esp\u00edritu positivo del sector privado catal\u00e1n, que refuerza v\u00ednculos entre el Atl\u00e1ntico y el Mediterr\u00e1neo<\/strong>, entre Europa y \u00c1frica. Un buen ejemplo es la oportunidad del Mundial 2030&#8243;.<\/p>\n<p>Las empresas participantes han representado \u00e1mbitos como la log\u00edstica internacional, la gesti\u00f3n aduanera, el sector qu\u00edmico orientado a la exportaci\u00f3n y la sostenibilidad, la ingenier\u00eda de infraestructuras, el sector financiero, el ferrocarril, la ac\u00fastica, el dise\u00f1o de interiores, las tecnolog\u00edas digitales (SaaS) y la fabricaci\u00f3n industrial de materiales t\u00e9cnicos, entre otros.<\/p>\n<p>Durante la misi\u00f3n, la delegaci\u00f3n de Foment ha mantenido encuentros con <strong>autoridades pol\u00edticas y agentes econ\u00f3micos de primer nivel<\/strong>, tales como:<\/p>\n<ul>\n<li>El Gobernador de T\u00e1nger<\/li>\n<li>El Presidente de la Regi\u00f3n de T\u00e1nger-Tetu\u00e1n-Alhucemas<\/li>\n<li>El Ministro de Industria y Comercio de Marruecos<\/li>\n<li>El Ministro de Inversi\u00f3n, Convergencia y Evaluaci\u00f3n de Pol\u00edticas P\u00fablicas (MICEPP)<\/li>\n<li>El Secretario General de Transici\u00f3n Energ\u00e9tica<\/li>\n<li>Representantes del Centro Regional de Inversiones de T\u00e1nger (CRI)<\/li>\n<li>Directivos de Casablanca Finance City (CFC)<\/li>\n<li>Otras entidades estrat\u00e9gicas como la Tangier Automotive City y la Tecn\u00f3polis de Nouaceur<\/li>\n<\/ul>\n<div class=\"flexslider wpb_content_element\"><ul class=\"slides\"><li><img src=\"https:\/\/www.foment.com\/wp-content\/uploads\/2025\/05\/Marroc-0.jpeg\" alt=\"\" \/><\/li><li><img src=\"https:\/\/www.foment.com\/wp-content\/uploads\/2025\/05\/Marroc-1-scaled.jpeg\" alt=\"\" \/><\/li><li><img src=\"https:\/\/www.foment.com\/wp-content\/uploads\/2025\/05\/Marroc-2-scaled.jpeg\" alt=\"\" \/><\/li><li><img src=\"https:\/\/www.foment.com\/wp-content\/uploads\/2025\/05\/Marroc-3-scaled.jpeg\" alt=\"\" \/><\/li><li><img src=\"https:\/\/www.foment.com\/wp-content\/uploads\/2025\/05\/Marroc-4-scaled.jpeg\" alt=\"\" \/><\/li><li><img src=\"https:\/\/www.foment.com\/wp-content\/uploads\/2025\/05\/Marroc-5-scaled.jpeg\" alt=\"\" \/><\/li><li><img src=\"https:\/\/www.foment.com\/wp-content\/uploads\/2025\/05\/Marroc-6-scaled.jpeg\" alt=\"\" \/><\/li><li><img src=\"https:\/\/www.foment.com\/wp-content\/uploads\/2025\/05\/Marroc-8-scaled.jpeg\" alt=\"\" \/><\/li><li><img src=\"https:\/\/www.foment.com\/wp-content\/uploads\/2025\/05\/Marroc-9.jpeg\" alt=\"\" \/><\/li><li><img src=\"https:\/\/www.foment.com\/wp-content\/uploads\/2025\/05\/Marroc-11-scaled.jpeg\" alt=\"\" \/><\/li><li><img src=\"https:\/\/www.foment.com\/wp-content\/uploads\/2025\/05\/WhatsApp-Image-2025-05-29-at-12.35.52-scaled.jpeg\" alt=\"\" \/><\/li><li><img src=\"https:\/\/www.foment.com\/wp-content\/uploads\/2025\/05\/WhatsApp-Image-2025-05-29-at-12.35.53-scaled.jpeg\" alt=\"\" \/><\/li><\/ul><\/div>\n","protected":false},"excerpt":{"rendered":"<p>La patronal catalana y una treintena de empresarios cierran varios convenios con socios locales de los sectores industrial, tecnol\u00f3gico y de infraestructuras Josep S\u00e1nchez Llibre anuncia una nueva visita institucional antes de un a\u00f1o: \u00abVolveremos con proyectos a\u00fan m\u00e1s importantes\u00bb Foment consolida su papel como plataforma de di\u00e1logo entre Europa, \u00c1frica y el Mediterr\u00e1neo Foment del Treball ha culminado con \u00e9xito su misi\u00f3n empresarial e institucional en Marruecos, celebrada del 27 al 29 de mayo, con una intensa agenda de reuniones de primer nivel y la formalizaci\u00f3n de varios convenios de colaboraci\u00f3n entre empresas catalanas y marroqu\u00edes. Cabe destacar que m\u00e1s de 1.500 compa\u00f1\u00edas catalanas exportan a Marruecos y unas doscientas est\u00e1n instaladas en el pa\u00eds. La celebraci\u00f3n en 2030 del Mundial de F\u00fatbol en Marruecos, junto con Espa\u00f1a y Portugal, ha abierto un horizonte de inversi\u00f3n muy prometedor, como ya se percibi\u00f3 en la \u00faltima visita de la patronal el a\u00f1o pasado. Con este esp\u00edritu, la expedici\u00f3n, liderada por el presidente Josep S\u00e1nchez Llibre, ha mantenido varias reuniones con instituciones de alto nivel en T\u00e1nger, Rabat y Casablanca, acompa\u00f1ada por una delegaci\u00f3n de treinta empresarios de sectores estrat\u00e9gicos de Catalu\u00f1a. Esta misi\u00f3n recoge el testigo del trabajo que durante [&hellip;]<\/p>\n","protected":false},"author":281,"featured_media":202348,"comment_status":"closed","ping_status":"closed","sticky":false,"template":"","format":"standard","meta":{"_links_to":"","_links_to_target":""},"categories":[114,69,72,5714],"tags":[],"acf":[],"wps_subtitle":"","_links":{"self":[{"href":"https:\/\/www.foment.com\/es\/wp-json\/wp\/v2\/posts\/202392"}],"collection":[{"href":"https:\/\/www.foment.com\/es\/wp-json\/wp\/v2\/posts"}],"about":[{"href":"https:\/\/www.foment.com\/es\/wp-json\/wp\/v2\/types\/post"}],"author":[{"embeddable":true,"href":"https:\/\/www.foment.com\/es\/wp-json\/wp\/v2\/users\/281"}],"replies":[{"embeddable":true,"href":"https:\/\/www.foment.com\/es\/wp-json\/wp\/v2\/comments?post=202392"}],"version-history":[{"count":4,"href":"https:\/\/www.foment.com\/es\/wp-json\/wp\/v2\/posts\/202392\/revisions"}],"predecessor-version":[{"id":202407,"href":"https:\/\/www.foment.com\/es\/wp-json\/wp\/v2\/posts\/202392\/revisions\/202407"}],"wp:featuredmedia":[{"embeddable":true,"href":"https:\/\/www.foment.com\/es\/wp-json\/wp\/v2\/media\/202348"}],"wp:attachment":[{"href":"https:\/\/www.foment.com\/es\/wp-json\/wp\/v2\/media?parent=202392"}],"wp:term":[{"taxonomy":"category","embeddable":true,"href":"https:\/\/www.foment.com\/es\/wp-json\/wp\/v2\/categories?post=202392"},{"taxonomy":"post_tag","embeddable":true,"href":"https:\/\/www.foment.com\/es\/wp-json\/wp\/v2\/tags?post=202392"}],"curies":[{"name":"wp","href":"https:\/\/api.w.org\/{rel}","templated":true}]}}