{"id":202440,"date":"2025-06-02T09:35:05","date_gmt":"2025-06-02T07:35:05","guid":{"rendered":"https:\/\/www.foment.com\/?p=202440"},"modified":"2025-06-02T12:05:34","modified_gmt":"2025-06-02T10:05:34","slug":"fundacion-mapfre-y-foment-del-treball-comprometidos-con-la-insercion-laboral","status":"publish","type":"post","link":"https:\/\/www.foment.com\/es\/fundacion-mapfre-y-foment-del-treball-comprometidos-con-la-insercion-laboral\/","title":{"rendered":"Fundaci\u00f3n Mapfre y Foment del Treball comprometidos con la inserci\u00f3n laboral"},"content":{"rendered":"<ul>\n<li>Foment dinamiza el Programa Social de Empleo de Fundaci\u00f3n MAPFRE y sus proyectos a favor de la formaci\u00f3n y empleabilidad de la poblaci\u00f3n vulnerable: Juntos Somos Capaces y Accedemos<\/li>\n<li>Accedemos ofrece 450 ayudas econ\u00f3micas a pymes, aut\u00f3nomos y entidades sociales para impulsar la contrataci\u00f3n<\/li>\n<li>Juntos Somos Capaces ha logrado que m\u00e1s de 6.500 personas con discapacidad hayan tenido una oportunidad laboral<\/li>\n<\/ul>\n<p>Fundaci\u00f3n MAPFRE y Foment del Treball, han renovado hoy el <strong>acuerdo de colaboraci\u00f3n para dinamizar el Programa Social de Empleo de Fundaci\u00f3n MAPFRE<\/strong>. Proyectos como <strong>Juntos Somos Capaces<\/strong>, que apoya a personas con discapacidad intelectual o con problemas de salud mental fomentando su integraci\u00f3n sociolaboral o como la convocatoria de ayudas a la contrataci\u00f3n <strong>\u201cAccedemos\u201d<\/strong>, que pretende fomentar el acceso al mercado laboral de las personas desempleadas a trav\u00e9s del apoyo a pymes, aut\u00f3nomos y entidades sociales con necesidad de contratar.<\/p>\n<p>En la presentaci\u00f3n han participado <strong>David Tornos<\/strong>, secretario general de Foment; <strong>C\u00e9sar S\u00e1nchez<\/strong>, director territorial de la patronal; <strong>Laure\u00e0 Folch<\/strong>, director ejecutivo de la misma; <strong>Joaquim Mir\u00f3<\/strong>, director general territorial de MAPFRE; y <strong>N\u00faria Santos<\/strong>, gestora de Programa Social de Empleo de Fundaci\u00f3n MAPFRE en Catalu\u00f1a y Baleares.<\/p>\n<p>Joaquim Mir\u00f3 ha agradecido a Foment del Treball \u201csu gran compromiso apoyando a las empresas, en especial a las peque\u00f1as empresas, aut\u00f3nomos y entidades sociales de Catalu\u00f1a, adem\u00e1s, ha se\u00f1alado que la captaci\u00f3n de talento va m\u00e1s all\u00e1 de estigmas y prejuicios porque la inclusi\u00f3n laboral beneficia y enriquece a todas las organizaciones. Romper barreras es una responsabilidad compartida\u201d.<\/p>\n<p>David Tornos ha puesto en valor los proyectos de Fundaci\u00f3n MAPFRE y ha destacado las posibilidades que ofrece trabajar con personas en situaci\u00f3n de vulnerabilidad: \u201ccuya inserci\u00f3n laboral es esencial para avanzar hacia una sociedad m\u00e1s inclusiva, m\u00e1s justa y solidaria\u201d. Tambi\u00e9n ha resaltado que \u201ccolaboraciones como esta permiten a Foment reforzar su compromiso con la cohesi\u00f3n social, implicando al tejido empresarial catal\u00e1n en iniciativas que no solo generan empleo, sino que transforman vidas y fortalecen el desarrollo econ\u00f3mico desde una perspectiva de responsabilidad compartida\u201d.<\/p>\n<p>Por su parte, C\u00e9sar S\u00e1nchez ha se\u00f1alado que \u201cla Convocatoria de Ayudas Accedemos, supone un impulso para el desarrollo de las peque\u00f1as empresas y aut\u00f3nomos que tanto apoyo necesitan. Gracias a iniciativas como estas, las zonas rurales est\u00e1n respaldadas y con apoyo para generar nuevos puestos de trabajo necesarios para las peque\u00f1as empresas con menos recursos\u201d, ha a\u00f1adido S\u00e1nchez.<\/p>\n<p><span style=\"color: #d12238;\"><strong>La Convocatoria de Ayudas al Empleo \u201cAccedemos 2025\u201d<\/strong><\/span><\/p>\n<p>Con este programa de ayudas al empleo se pretende facilitar la contrataci\u00f3n de los colectivos con mayores dificultades para encontrar un empleo:\u00a0<strong>menores de 30 a\u00f1os, mayores de 50 a\u00f1os y otros colectivos vulnerables<\/strong>. Adem\u00e1s, se busca generar tambi\u00e9n mayores oportunidades en el \u00e1mbito rural fomentando el arraigo en estos territorios.<\/p>\n<p>En el marco de la renovaci\u00f3n de este convenio Foment ha impulsado dos jornadas formativas de la convocatoria Accedemos 2025, la primera el pasado 9 de mayo dirigida a socios y Comisiones de Foment\u00a0 y la segunda el 22 de mayo con las organizaciones Territoriales miembros del Consell territorial de la PIME de Foment.<\/p>\n<p>En esta edici\u00f3n se otorgar\u00e1n <strong>450 ayudas<\/strong> a nivel nacional para nuevos <strong>contratos de trabajo indefinidos<\/strong> suscritos <strong>con posterioridad al 1 de enero del 2025<\/strong>, que estar\u00e1n dotadas de 515 \u20ac mensuales para los contratos a jornada completa; y 310 \u20ac para los contratos a jornada parcial, m\u00ednimo 20 horas, por una duraci\u00f3n <strong>m\u00e1xima de 9 meses<\/strong>. Adem\u00e1s, con car\u00e1cter extraordinario, se ofrecen <strong>60 ayudas adicionales para las poblaciones afectadas por la DANA<\/strong>*.<\/p>\n<p>El plazo de presentaci\u00f3n finaliza con la concesi\u00f3n total de las 450 ayudas, o hasta el 30 de septiembre de 2025<\/p>\n<p><strong>Las bases completas de la convocatoria est\u00e1n disponibles en<\/strong>\u00a0<a href=\"https:\/\/www.fundacionmapfre.org\/premios-ayudas\/convocatorias\/contratacion\/ayudas-empleo\/\" target=\"_blank\" rel=\"noopener\">https:\/\/www.fundacionmapfre.org\/premios-ayudas\/convocatorias\/contratacion\/ayudas-empleo\/<\/a><\/p>\n<p>&nbsp;<\/p>\n<p>*Poblaciones recogidas en el Real Decreto Ley 06\/2024 de 05 de noviembre.<div class=\"flexslider wpb_content_element\"><ul class=\"slides\"><li><img src=\"https:\/\/www.foment.com\/wp-content\/uploads\/2025\/06\/DSC_0469-1-scaled.jpg\" alt=\"\" \/><\/li><li><img src=\"https:\/\/www.foment.com\/wp-content\/uploads\/2025\/06\/DSC_0460-1-scaled.jpg\" alt=\"\" \/><\/li><li><img src=\"https:\/\/www.foment.com\/wp-content\/uploads\/2025\/06\/DSC_0463-scaled.jpg\" alt=\"\" \/><\/li><li><img src=\"https:\/\/www.foment.com\/wp-content\/uploads\/2025\/06\/DSC_0462-scaled.jpg\" alt=\"\" \/><\/li><\/ul><\/div>\n","protected":false},"excerpt":{"rendered":"<p>Foment dinamiza el Programa Social de Empleo de Fundaci\u00f3n MAPFRE y sus proyectos a favor de la formaci\u00f3n y empleabilidad de la poblaci\u00f3n vulnerable: Juntos Somos Capaces y Accedemos Accedemos ofrece 450 ayudas econ\u00f3micas a pymes, aut\u00f3nomos y entidades sociales para impulsar la contrataci\u00f3n Juntos Somos Capaces ha logrado que m\u00e1s de 6.500 personas con discapacidad hayan tenido una oportunidad laboral Fundaci\u00f3n MAPFRE y Foment del Treball, han renovado hoy el acuerdo de colaboraci\u00f3n para dinamizar el Programa Social de Empleo de Fundaci\u00f3n MAPFRE. Proyectos como Juntos Somos Capaces, que apoya a personas con discapacidad intelectual o con problemas de salud mental fomentando su integraci\u00f3n sociolaboral o como la convocatoria de ayudas a la contrataci\u00f3n \u201cAccedemos\u201d, que pretende fomentar el acceso al mercado laboral de las personas desempleadas a trav\u00e9s del apoyo a pymes, aut\u00f3nomos y entidades sociales con necesidad de contratar. En la presentaci\u00f3n han participado David Tornos, secretario general de Foment; C\u00e9sar S\u00e1nchez, director territorial de la patronal; Laure\u00e0 Folch, director ejecutivo de la misma; Joaquim Mir\u00f3, director general territorial de MAPFRE; y N\u00faria Santos, gestora de Programa Social de Empleo de Fundaci\u00f3n MAPFRE en Catalu\u00f1a y Baleares. Joaquim Mir\u00f3 ha agradecido a Foment del Treball \u201csu gran [&hellip;]<\/p>\n","protected":false},"author":281,"featured_media":202442,"comment_status":"closed","ping_status":"closed","sticky":false,"template":"","format":"standard","meta":{"_links_to":"","_links_to_target":""},"categories":[1821,114,7534,5714,73],"tags":[7820],"acf":[],"wps_subtitle":"","_links":{"self":[{"href":"https:\/\/www.foment.com\/es\/wp-json\/wp\/v2\/posts\/202440"}],"collection":[{"href":"https:\/\/www.foment.com\/es\/wp-json\/wp\/v2\/posts"}],"about":[{"href":"https:\/\/www.foment.com\/es\/wp-json\/wp\/v2\/types\/post"}],"author":[{"embeddable":true,"href":"https:\/\/www.foment.com\/es\/wp-json\/wp\/v2\/users\/281"}],"replies":[{"embeddable":true,"href":"https:\/\/www.foment.com\/es\/wp-json\/wp\/v2\/comments?post=202440"}],"version-history":[{"count":6,"href":"https:\/\/www.foment.com\/es\/wp-json\/wp\/v2\/posts\/202440\/revisions"}],"predecessor-version":[{"id":202479,"href":"https:\/\/www.foment.com\/es\/wp-json\/wp\/v2\/posts\/202440\/revisions\/202479"}],"wp:featuredmedia":[{"embeddable":true,"href":"https:\/\/www.foment.com\/es\/wp-json\/wp\/v2\/media\/202442"}],"wp:attachment":[{"href":"https:\/\/www.foment.com\/es\/wp-json\/wp\/v2\/media?parent=202440"}],"wp:term":[{"taxonomy":"category","embeddable":true,"href":"https:\/\/www.foment.com\/es\/wp-json\/wp\/v2\/categories?post=202440"},{"taxonomy":"post_tag","embeddable":true,"href":"https:\/\/www.foment.com\/es\/wp-json\/wp\/v2\/tags?post=202440"}],"curies":[{"name":"wp","href":"https:\/\/api.w.org\/{rel}","templated":true}]}}