{"id":206542,"date":"2025-09-25T12:41:15","date_gmt":"2025-09-25T10:41:15","guid":{"rendered":"https:\/\/www.foment.com\/?p=206542"},"modified":"2025-09-25T12:49:00","modified_gmt":"2025-09-25T10:49:00","slug":"cataluna-y-el-norte-de-portugal-establecen-un-puente-aereo-empresarial-para-reforzar-la-cooperacion-economica","status":"publish","type":"post","link":"https:\/\/www.foment.com\/es\/cataluna-y-el-norte-de-portugal-establecen-un-puente-aereo-empresarial-para-reforzar-la-cooperacion-economica\/","title":{"rendered":"Catalu\u00f1a y el Norte de Portugal establecen un puente a\u00e9reo empresarial para reforzar la cooperaci\u00f3n econ\u00f3mica"},"content":{"rendered":"<ul>\n<li>Las relaciones entre ambos territorios son hist\u00f3ricas y crecientes con una relaci\u00f3n de inversi\u00f3n mutua robusta<\/li>\n<li>Josep S\u00e1nchez Llibre: \u201cEsta alianza se basa en un comercio s\u00f3lido, inversiones crecientes y un entramado empresarial compartido\u201d<\/li>\n<\/ul>\n<p>Foment del Treball ha acogido hoy un encuentro institucional y empresarial con la Associa\u00e7\u00e3o Empresarial de Portugal (AEP) para profundizar en las relaciones econ\u00f3micas entre Catalu\u00f1a y el norte de Portugal. La reuni\u00f3n ha contado con la participaci\u00f3n del Honorable Sr. Miquel S\u00e0mper, conseller de Empresa y Trabajo de la Generalitat, la c\u00f3nsul de Portugal en Barcelona, \u200b\u200bIndira Rodrigues Noronha, el profesor Jos\u00e9 Luis da Rocha Ceia, vicepresidente de la AEP, y el Doctor Paulo Dinis, director ejecutivo de la Fundaci\u00f3n AEP, as\u00ed como Ramon Font, delegado de la Sociedad Barcelonesa de Estudios Econ\u00f3micos y Sociales (SBEES) en Portugal, entre otros representantes empresariales e institucionales.<\/p>\n<p>El acto ha sido encabezado por el presidente de Foment del Treball, Josep S\u00e1nchez Llibre, quien ha destacado que \u00abeste encuentro consolida un aut\u00e9ntico puente a\u00e9reo empresarial entre Catalu\u00f1a y el norte de Portugal, basado en un comercio s\u00f3lido, inversiones crecientes y un entramado empresarial compartido, una alianza de futuro\u00bb.<\/p>\n<p>El encuentro ha puesto de manifiesto que Catalu\u00f1a y Portugal comparten un tejido empresarial din\u00e1mico y complementario, que se expresa ya en un comercio diversificado y en una relaci\u00f3n de inversi\u00f3n mutua. La consolidaci\u00f3n de este puente a\u00e9reo empresarial tiene como objetivo ampliar las oportunidades de crecimiento e innovaci\u00f3n en sectores estrat\u00e9gicos como automoci\u00f3n, pl\u00e1sticos, maquinaria, servicios financieros y log\u00edstica.<\/p>\n<p><span style=\"color: #d12238;\"><strong>Relaciones comerciales e inversiones<\/strong><\/span><\/p>\n<p>Los datos expuestos durante la reuni\u00f3n evidencian la importancia estrat\u00e9gica de la relaci\u00f3n ya hist\u00f3rica y creciente:<\/p>\n<ul>\n<li>Comercio bilateral: en 2023 Catalu\u00f1a export\u00f3 a Portugal por un valor de 6.287 millones de euros, un 5% m\u00e1s que en 2022.<\/li>\n<li>Inversi\u00f3n: Catalu\u00f1a invirti\u00f3 en Portugal 189,7 millones de euros en los \u00faltimos cinco a\u00f1os, especialmente en servicios financieros, comercio e ingenier\u00eda civil, mientras que Portugal invirti\u00f3 81 millones de euros en Catalu\u00f1a, con peso en la industria qu\u00edmica y la publicidad.<\/li>\n<li>Presencia empresarial: actualmente operan en Portugal 783 filiales de 594 empresas catalanas. En Catalu\u00f1a existen 155 filiales de 130 empresas portuguesas.<\/li>\n<\/ul>\n<p>Al concluir, se ha subrayado la voluntad de dar continuidad a esta alianza y de trabajar juntos para situar a Catalu\u00f1a y el norte de Portugal como motores econ\u00f3micos en el \u00e1mbito ib\u00e9rico y europeo.<div class=\"flexslider wpb_content_element\"><ul class=\"slides\"><li><img src=\"https:\/\/www.foment.com\/wp-content\/uploads\/2025\/09\/photo_5956253284975102690_w.jpg\" alt=\"\" \/><\/li><li><img src=\"https:\/\/www.foment.com\/wp-content\/uploads\/2025\/09\/photo_5956253284975102692_w.jpg\" alt=\"\" \/><\/li><li><img src=\"https:\/\/www.foment.com\/wp-content\/uploads\/2025\/09\/photo_5956253284975102671_w.jpg\" alt=\"\" \/><\/li><li><img src=\"https:\/\/www.foment.com\/wp-content\/uploads\/2025\/09\/photo_5956253284975102681_w.jpg\" alt=\"\" \/><\/li><li><img src=\"https:\/\/www.foment.com\/wp-content\/uploads\/2025\/09\/photo_5956253284975102686_w.jpg\" alt=\"\" \/><\/li><li><img src=\"https:\/\/www.foment.com\/wp-content\/uploads\/2025\/09\/photo_5956253284975102669_w.jpg\" alt=\"\" \/><\/li><li><img src=\"https:\/\/www.foment.com\/wp-content\/uploads\/2025\/09\/photo_5956253284975102693_w.jpg\" alt=\"\" \/><\/li><li><img src=\"https:\/\/www.foment.com\/wp-content\/uploads\/2025\/09\/photo_5956253284975102679_w.jpg\" alt=\"\" \/><\/li><li><img src=\"https:\/\/www.foment.com\/wp-content\/uploads\/2025\/09\/photo_5956253284975102670_w.jpg\" alt=\"\" \/><\/li><li><img src=\"https:\/\/www.foment.com\/wp-content\/uploads\/2025\/09\/photo_5956253284975102672_w.jpg\" alt=\"\" \/><\/li><li><img src=\"https:\/\/www.foment.com\/wp-content\/uploads\/2025\/09\/photo_5956253284975102673_w.jpg\" alt=\"\" \/><\/li><li><img src=\"https:\/\/www.foment.com\/wp-content\/uploads\/2025\/09\/photo_5956253284975102677_w.jpg\" alt=\"\" \/><\/li><li><img src=\"https:\/\/www.foment.com\/wp-content\/uploads\/2025\/09\/photo_5956253284975102674_w.jpg\" alt=\"\" \/><\/li><li><img src=\"https:\/\/www.foment.com\/wp-content\/uploads\/2025\/09\/photo_5956253284975102676_w.jpg\" alt=\"\" \/><\/li><li><img src=\"https:\/\/www.foment.com\/wp-content\/uploads\/2025\/09\/photo_5956253284975102695_w.jpg\" alt=\"\" \/><\/li><li><img src=\"https:\/\/www.foment.com\/wp-content\/uploads\/2025\/09\/photo_5956253284975102684_w.jpg\" alt=\"\" \/><\/li><\/ul><\/div>\n","protected":false},"excerpt":{"rendered":"<p>Las relaciones entre ambos territorios son hist\u00f3ricas y crecientes con una relaci\u00f3n de inversi\u00f3n mutua robusta Josep S\u00e1nchez Llibre: \u201cEsta alianza se basa en un comercio s\u00f3lido, inversiones crecientes y un entramado empresarial compartido\u201d Foment del Treball ha acogido hoy un encuentro institucional y empresarial con la Associa\u00e7\u00e3o Empresarial de Portugal (AEP) para profundizar en las relaciones econ\u00f3micas entre Catalu\u00f1a y el norte de Portugal. La reuni\u00f3n ha contado con la participaci\u00f3n del Honorable Sr. Miquel S\u00e0mper, conseller de Empresa y Trabajo de la Generalitat, la c\u00f3nsul de Portugal en Barcelona, \u200b\u200bIndira Rodrigues Noronha, el profesor Jos\u00e9 Luis da Rocha Ceia, vicepresidente de la AEP, y el Doctor Paulo Dinis, director ejecutivo de la Fundaci\u00f3n AEP, as\u00ed como Ramon Font, delegado de la Sociedad Barcelonesa de Estudios Econ\u00f3micos y Sociales (SBEES) en Portugal, entre otros representantes empresariales e institucionales. El acto ha sido encabezado por el presidente de Foment del Treball, Josep S\u00e1nchez Llibre, quien ha destacado que \u00abeste encuentro consolida un aut\u00e9ntico puente a\u00e9reo empresarial entre Catalu\u00f1a y el norte de Portugal, basado en un comercio s\u00f3lido, inversiones crecientes y un entramado empresarial compartido, una alianza de futuro\u00bb. El encuentro ha puesto de manifiesto que Catalu\u00f1a y Portugal comparten [&hellip;]<\/p>\n","protected":false},"author":281,"featured_media":206489,"comment_status":"closed","ping_status":"closed","sticky":false,"template":"","format":"standard","meta":{"_links_to":"","_links_to_target":""},"categories":[114,69,72,5714],"tags":[7523],"acf":[],"wps_subtitle":"","_links":{"self":[{"href":"https:\/\/www.foment.com\/es\/wp-json\/wp\/v2\/posts\/206542"}],"collection":[{"href":"https:\/\/www.foment.com\/es\/wp-json\/wp\/v2\/posts"}],"about":[{"href":"https:\/\/www.foment.com\/es\/wp-json\/wp\/v2\/types\/post"}],"author":[{"embeddable":true,"href":"https:\/\/www.foment.com\/es\/wp-json\/wp\/v2\/users\/281"}],"replies":[{"embeddable":true,"href":"https:\/\/www.foment.com\/es\/wp-json\/wp\/v2\/comments?post=206542"}],"version-history":[{"count":4,"href":"https:\/\/www.foment.com\/es\/wp-json\/wp\/v2\/posts\/206542\/revisions"}],"predecessor-version":[{"id":206546,"href":"https:\/\/www.foment.com\/es\/wp-json\/wp\/v2\/posts\/206542\/revisions\/206546"}],"wp:featuredmedia":[{"embeddable":true,"href":"https:\/\/www.foment.com\/es\/wp-json\/wp\/v2\/media\/206489"}],"wp:attachment":[{"href":"https:\/\/www.foment.com\/es\/wp-json\/wp\/v2\/media?parent=206542"}],"wp:term":[{"taxonomy":"category","embeddable":true,"href":"https:\/\/www.foment.com\/es\/wp-json\/wp\/v2\/categories?post=206542"},{"taxonomy":"post_tag","embeddable":true,"href":"https:\/\/www.foment.com\/es\/wp-json\/wp\/v2\/tags?post=206542"}],"curies":[{"name":"wp","href":"https:\/\/api.w.org\/{rel}","templated":true}]}}