{"id":20940,"date":"2014-11-13T09:00:06","date_gmt":"2014-11-13T08:00:06","guid":{"rendered":"http:\/\/foment.itartech.com\/?p=20940"},"modified":"2016-10-31T11:07:00","modified_gmt":"2016-10-31T10:07:00","slug":"foment-da-apoyo-unanime-la-candidatura-juan-rosell-la-presidencia-la-ceoe","status":"publish","type":"post","link":"https:\/\/www.foment.com\/es\/foment-da-apoyo-unanime-la-candidatura-juan-rosell-la-presidencia-la-ceoe\/","title":{"rendered":"Foment da apoyo un\u00e1nime a la candidatura de Juan Rosell a la presidencia de la CEOE"},"content":{"rendered":"<section class=\"wpb-content-wrapper\"><p>[vc_row][vc_column width=\u00bb1\/1&#8243;][vc_column_text]Foment del Treball mantiene a Juan Rosell como uno de los 45 representantes que tiene la instituci\u00f3n en la Asamblea de la CEOE y le da su apoyo un\u00e1nime a la candidatura que encabeza para la reelecci\u00f3n como presidente de la CEOE, Confederaci\u00f3n Espa\u00f1ola de Organizaciones Empresariales. La patronal espa\u00f1ola celebrar\u00e1 elecciones el pr\u00f3ximo 17 de diciembre de 2014 y Juan Rosell optar\u00e1 a revalidar la presidencia que alcanz\u00f3 el a\u00f1o 2010, tambi\u00e9n con el apoyo de Foment.<\/p>\n<p>&nbsp;<\/p>\n<p><strong>Representante de Foment en la Asamblea General de CEOE<\/strong><\/p>\n<p>Seg\u00fan rigen los Estatutos de la CEOE, el censo electoral est\u00e1 integrado por los miembros de la Asamblea General con derecho a voto, que conformar\u00e1n la composici\u00f3n de la Asamblea General del d\u00eda 17 de diciembre. Los miembros de pleno derecho tienen hasta 25 d\u00edas naturales antes de la celebraci\u00f3n de la Asamblea Electoral para comunicar e identificar sus vocales-representantes a la Asamblea General y a la Junta Directiva de acuerdo con el n\u00famero de representantes otorgados por la Junta Directiva de CEOE a cada organizaci\u00f3n asociada. En este sentido, Foment dispone de 45 representantes en la Asamblea General y uno de ellos volver\u00e1 a ser Juan Rosell.<\/p>\n<p>Juan Rosell fue el presidente durante 15 a\u00f1os de la hist\u00f3rica patronal Foment del Treball, que promovi\u00f3 la creaci\u00f3n en 1978 de la CEOE.[\/vc_column_text][\/vc_column][\/vc_row]<\/p>\n<\/section>","protected":false},"excerpt":{"rendered":"<p>[vc_row][vc_column width=\u00bb1\/1&#8243;][vc_column_text]Foment del Treball mantiene a Juan Rosell como uno de los 45 representantes que tiene la instituci\u00f3n en la Asamblea de la CEOE y le da su apoyo un\u00e1nime a la candidatura que encabeza para la reelecci\u00f3n como presidente de la CEOE, Confederaci\u00f3n Espa\u00f1ola de Organizaciones Empresariales. La patronal espa\u00f1ola celebrar\u00e1 elecciones el pr\u00f3ximo 17 de diciembre de 2014 y Juan Rosell optar\u00e1 a revalidar la presidencia que alcanz\u00f3 el a\u00f1o 2010, tambi\u00e9n con el apoyo de Foment. &nbsp; Representante de Foment en la Asamblea General de CEOE Seg\u00fan rigen los Estatutos de la CEOE, el censo electoral est\u00e1 integrado por los miembros de la Asamblea General con derecho a voto, que conformar\u00e1n la composici\u00f3n de la Asamblea General del d\u00eda 17 de diciembre. Los miembros de pleno derecho tienen hasta 25 d\u00edas naturales antes de la celebraci\u00f3n de la Asamblea Electoral para comunicar e identificar sus vocales-representantes a la Asamblea General y a la Junta Directiva de acuerdo con el n\u00famero de representantes otorgados por la Junta Directiva de CEOE a cada organizaci\u00f3n asociada. En este sentido, Foment dispone de 45 representantes en la Asamblea General y uno de ellos volver\u00e1 a ser Juan Rosell. Juan Rosell fue [&hellip;]<\/p>\n","protected":false},"author":24,"featured_media":20941,"comment_status":"closed","ping_status":"closed","sticky":false,"template":"","format":"standard","meta":{"_links_to":"","_links_to_target":""},"categories":[68],"tags":[],"acf":[],"wps_subtitle":"La patronal catalana compta amb 45 representants a l\u2019Assemblea de la confederaci\u00f3 empresarial espanyola","_links":{"self":[{"href":"https:\/\/www.foment.com\/es\/wp-json\/wp\/v2\/posts\/20940"}],"collection":[{"href":"https:\/\/www.foment.com\/es\/wp-json\/wp\/v2\/posts"}],"about":[{"href":"https:\/\/www.foment.com\/es\/wp-json\/wp\/v2\/types\/post"}],"author":[{"embeddable":true,"href":"https:\/\/www.foment.com\/es\/wp-json\/wp\/v2\/users\/24"}],"replies":[{"embeddable":true,"href":"https:\/\/www.foment.com\/es\/wp-json\/wp\/v2\/comments?post=20940"}],"version-history":[{"count":0,"href":"https:\/\/www.foment.com\/es\/wp-json\/wp\/v2\/posts\/20940\/revisions"}],"wp:featuredmedia":[{"embeddable":true,"href":"https:\/\/www.foment.com\/es\/wp-json\/wp\/v2\/media\/20941"}],"wp:attachment":[{"href":"https:\/\/www.foment.com\/es\/wp-json\/wp\/v2\/media?parent=20940"}],"wp:term":[{"taxonomy":"category","embeddable":true,"href":"https:\/\/www.foment.com\/es\/wp-json\/wp\/v2\/categories?post=20940"},{"taxonomy":"post_tag","embeddable":true,"href":"https:\/\/www.foment.com\/es\/wp-json\/wp\/v2\/tags?post=20940"}],"curies":[{"name":"wp","href":"https:\/\/api.w.org\/{rel}","templated":true}]}}