{"id":21151,"date":"2015-02-02T09:00:17","date_gmt":"2015-02-02T08:00:17","guid":{"rendered":"http:\/\/foment.itartech.com\/?p=21151"},"modified":"2016-10-31T11:11:22","modified_gmt":"2016-10-31T10:11:22","slug":"la-adecaf-firma-primero-los-convenios-promovidos-foment-fepime-la-generalitat-la-acreditacion-competencias-profesionales-los-trabajadores","status":"publish","type":"post","link":"https:\/\/www.foment.com\/es\/la-adecaf-firma-primero-los-convenios-promovidos-foment-fepime-la-generalitat-la-acreditacion-competencias-profesionales-los-trabajadores\/","title":{"rendered":"La ADECAF firma el primero de los convenios promovidos por Foment, Fepime y la Generalitat para la acreditaci\u00f3n de competencias profesionales de los trabajadores"},"content":{"rendered":"<section class=\"wpb-content-wrapper\"><p>[vc_row][vc_column width=\u00bb1\/1&#8243;][vc_column_text]La Patronal catalana de Empresarios de Clubes Catalanes de Fitness, ADECAF, ha firmado el primero de los convenios promovidos por Foment, Fepime y la Generalitat para realizar el proceso de Acreditaci\u00f3n de Competencias Profesionales para los trabajadores que las hayan adquirido a trav\u00e9s de la experiencia laboral o de v\u00edas no formales de formaci\u00f3n. En concreto, permitir\u00e1 la Acreditaci\u00f3n de Competencias Profesionales para los trabajadores de las empresas asociadas a ADECAF, dentro del sector del Fitness, que est\u00e1n actualmente trabajando en salas de Fitness, en salas de Actividades Dirigidas con Soporte Musical y en Instrucci\u00f3n en Yoga. El convenio lo ha firmado con la Direcci\u00f3 General de la Formaci\u00f3 Professional Inicial i Ensenyament de R\u00e8gim Especial del Departament d\u2019Ensenyament y con la Secretaria General de l\u2019Esport y el Consell Catal\u00e0 de l\u2019Esport.<\/p>\n<p>Este convenio se deriva del <strong>convenio marco de colaboraci\u00f3n<\/strong> -firmado en junio de 2014- entre la Generalitat de Catalunya -mediante el Servei d&#8217;Ocupaci\u00f3 de Catalunya y el Departament d&#8217;Ensenyament-, y Foment del Treball Nacional y FEPIME-Catalunya. El objetivo es facilitar la acreditaci\u00f3n de los trabajadores de las empresas asociadas a Foment del Treball Nacional y FEPIME y a sus organizaciones sectoriales y territoriales.<\/p>\n<p>El convenio posibilita la realizaci\u00f3n de una convocatoria espec\u00edfica de acreditaci\u00f3n de competencias con un total de 372 plazas. El Departament d&#8217;Ensenyament, la Secretaria General de l\u2019Esport y la Asociaci\u00f3n de Empresarios de Clubes Catalanes de Fitness colaborar\u00e1n en la gesti\u00f3n de la convocatoria. Estas actuaciones se realizar\u00e1n en centros docentes designados por el Departament d&#8217;Ensenyament y la Secretaria General de l\u2019Esport.<\/p>\n<ul>\n<li>Acondicionamiento f\u00edsico en sala de entrenamiento polivalente (\u00c1mbito del acondicionamiento f\u00edsico)<\/li>\n<li>Acondicionamiento f\u00edsico en grupo con soporte musical (\u00c1mbito del acondicionamiento f\u00edsico)<\/li>\n<li>Instrucci\u00f3n en yoga (\u00c1mbito del yoga)<\/li>\n<\/ul>\n<p>La acreditaci\u00f3n de las competencias facilita a los profesionales del fitness y del yoga el logro de los requisitos para su inscripci\u00f3n en el Registro Oficial. La Ley del ejercicio de las profesiones del deporte (Ley 3\/2008 de 23 de abril) obliga a los profesionales a la inscripci\u00f3n en el Registro Oficial de Profesionales del Deporte de Catalu\u00f1a. Para obtener la inscripci\u00f3n en el Registro se debe disponer de la titulaci\u00f3n necesaria para el ejercicio de la actividad, o el documento de habilitaci\u00f3n o acreditaci\u00f3n, o validaci\u00f3n o reconocimiento, seg\u00fan corresponda.<\/p>\n<p>ADECAF est\u00e1 asociada a Foment del Treball Nacional y FEPIME y tiene, entre otras finalidades, la de promover la formaci\u00f3n del personal que est\u00e1 vinculado, en este caso, el personal del \u00e1mbito del fitness y el \u00e1mbito del yoga.[\/vc_column_text][\/vc_column][\/vc_row]<\/p>\n<\/section>","protected":false},"excerpt":{"rendered":"<p>[vc_row][vc_column width=\u00bb1\/1&#8243;][vc_column_text]La Patronal catalana de Empresarios de Clubes Catalanes de Fitness, ADECAF, ha firmado el primero de los convenios promovidos por Foment, Fepime y la Generalitat para realizar el proceso de Acreditaci\u00f3n de Competencias Profesionales para los trabajadores que las hayan adquirido a trav\u00e9s de la experiencia laboral o de v\u00edas no formales de formaci\u00f3n. En concreto, permitir\u00e1 la Acreditaci\u00f3n de Competencias Profesionales para los trabajadores de las empresas asociadas a ADECAF, dentro del sector del Fitness, que est\u00e1n actualmente trabajando en salas de Fitness, en salas de Actividades Dirigidas con Soporte Musical y en Instrucci\u00f3n en Yoga. El convenio lo ha firmado con la Direcci\u00f3 General de la Formaci\u00f3 Professional Inicial i Ensenyament de R\u00e8gim Especial del Departament d\u2019Ensenyament y con la Secretaria General de l\u2019Esport y el Consell Catal\u00e0 de l\u2019Esport. Este convenio se deriva del convenio marco de colaboraci\u00f3n -firmado en junio de 2014- entre la Generalitat de Catalunya -mediante el Servei d&#8217;Ocupaci\u00f3 de Catalunya y el Departament d&#8217;Ensenyament-, y Foment del Treball Nacional y FEPIME-Catalunya. El objetivo es facilitar la acreditaci\u00f3n de los trabajadores de las empresas asociadas a Foment del Treball Nacional y FEPIME y a sus organizaciones sectoriales y territoriales. El convenio posibilita la [&hellip;]<\/p>\n","protected":false},"author":24,"featured_media":21152,"comment_status":"closed","ping_status":"closed","sticky":false,"template":"","format":"standard","meta":{"_links_to":"","_links_to_target":""},"categories":[113],"tags":[],"acf":[],"wps_subtitle":"Gracias a este proceso, se podr\u00e1 regularizar la situaci\u00f3n de personas que a\u00fan est\u00e1n pendientes de acceder al Registro de Profesionales del Deporte de Catalu\u00f1a","_links":{"self":[{"href":"https:\/\/www.foment.com\/es\/wp-json\/wp\/v2\/posts\/21151"}],"collection":[{"href":"https:\/\/www.foment.com\/es\/wp-json\/wp\/v2\/posts"}],"about":[{"href":"https:\/\/www.foment.com\/es\/wp-json\/wp\/v2\/types\/post"}],"author":[{"embeddable":true,"href":"https:\/\/www.foment.com\/es\/wp-json\/wp\/v2\/users\/24"}],"replies":[{"embeddable":true,"href":"https:\/\/www.foment.com\/es\/wp-json\/wp\/v2\/comments?post=21151"}],"version-history":[{"count":0,"href":"https:\/\/www.foment.com\/es\/wp-json\/wp\/v2\/posts\/21151\/revisions"}],"wp:featuredmedia":[{"embeddable":true,"href":"https:\/\/www.foment.com\/es\/wp-json\/wp\/v2\/media\/21152"}],"wp:attachment":[{"href":"https:\/\/www.foment.com\/es\/wp-json\/wp\/v2\/media?parent=21151"}],"wp:term":[{"taxonomy":"category","embeddable":true,"href":"https:\/\/www.foment.com\/es\/wp-json\/wp\/v2\/categories?post=21151"},{"taxonomy":"post_tag","embeddable":true,"href":"https:\/\/www.foment.com\/es\/wp-json\/wp\/v2\/tags?post=21151"}],"curies":[{"name":"wp","href":"https:\/\/api.w.org\/{rel}","templated":true}]}}