{"id":21225,"date":"2015-02-26T09:00:55","date_gmt":"2015-02-26T08:00:55","guid":{"rendered":"http:\/\/foment.itartech.com\/?p=21225"},"modified":"2023-11-24T14:37:10","modified_gmt":"2023-11-24T13:37:10","slug":"joaquim-gay-montella-las-misiones-empresariales-debemos-provocar-negocio-atraer-inversiones-localizar-socios","status":"publish","type":"post","link":"https:\/\/www.foment.com\/es\/joaquim-gay-montella-las-misiones-empresariales-debemos-provocar-negocio-atraer-inversiones-localizar-socios\/","title":{"rendered":"Joaquim Gay de Montell\u00e0: &#8220;En las misiones empresariales debemos provocar negocio, atraer inversiones y localizar socios&#8221;"},"content":{"rendered":"<section class=\"wpb-content-wrapper\"><p>[vc_row][vc_column width=\u00bb1\/1&#8243;][vc_column_text]El presidente de Foment, Joaquim Gay de Montell\u00e0, ha valorado el gran tir\u00f3n exportador de la econom\u00eda espa\u00f1ola, con Catalu\u00f1a al frente, en estos \u00faltimos quince a\u00f1os. Gay de Montell\u00e0 ha sido el ponente invitado en la primera sesi\u00f3n del ciclo<em> Di\u00e0legs d&#8217;Internacionalitzaci\u00f3 Barcelona<\/em> y ha animado a los empresarios a multiplicar el esfuerzo exportador: \u00abhay estudios que afirman que el 40% del PIB en 2030 provendr\u00e1 de la exportaci\u00f3n\u00bb.<\/p>\n<p>Gay de Montell\u00e0, seg\u00fan el formato de la sesi\u00f3n, ha respondido a las preguntas de los periodistas Jos\u00e9 Mar\u00eda Triper, Olga Grau y Manel P\u00e9rez. Gay de Montell\u00e0 ha reflexionado sobre las delegaciones comerciales que se organizan conjuntamente entre el sector p\u00fablico y privado: \u00abEn las misiones empresariales debemos provocar negocio, atraer inversiones y localizar socios\u00bb.[\/vc_column_text][\/vc_column][\/vc_row]<\/p>\n<\/section>","protected":false},"excerpt":{"rendered":"<p>[vc_row][vc_column width=\u00bb1\/1&#8243;][vc_column_text]El presidente de Foment, Joaquim Gay de Montell\u00e0, ha valorado el gran tir\u00f3n exportador de la econom\u00eda espa\u00f1ola, con Catalu\u00f1a al frente, en estos \u00faltimos quince a\u00f1os. Gay de Montell\u00e0 ha sido el ponente invitado en la primera sesi\u00f3n del ciclo Di\u00e0legs d&#8217;Internacionalitzaci\u00f3 Barcelona y ha animado a los empresarios a multiplicar el esfuerzo exportador: \u00abhay estudios que afirman que el 40% del PIB en 2030 provendr\u00e1 de la exportaci\u00f3n\u00bb. Gay de Montell\u00e0, seg\u00fan el formato de la sesi\u00f3n, ha respondido a las preguntas de los periodistas Jos\u00e9 Mar\u00eda Triper, Olga Grau y Manel P\u00e9rez. Gay de Montell\u00e0 ha reflexionado sobre las delegaciones comerciales que se organizan conjuntamente entre el sector p\u00fablico y privado: \u00abEn las misiones empresariales debemos provocar negocio, atraer inversiones y localizar socios\u00bb.[\/vc_column_text][\/vc_column][\/vc_row]<\/p>\n","protected":false},"author":24,"featured_media":21226,"comment_status":"closed","ping_status":"closed","sticky":false,"template":"","format":"standard","meta":{"_links_to":"","_links_to_target":""},"categories":[72],"tags":[],"acf":[],"wps_subtitle":"El presidente de Foment es el ponente invitado a la primera sesi\u00f3n de Di\u00e0legs d\u2019Internacionalitzaci\u00f3 Barcelona","_links":{"self":[{"href":"https:\/\/www.foment.com\/es\/wp-json\/wp\/v2\/posts\/21225"}],"collection":[{"href":"https:\/\/www.foment.com\/es\/wp-json\/wp\/v2\/posts"}],"about":[{"href":"https:\/\/www.foment.com\/es\/wp-json\/wp\/v2\/types\/post"}],"author":[{"embeddable":true,"href":"https:\/\/www.foment.com\/es\/wp-json\/wp\/v2\/users\/24"}],"replies":[{"embeddable":true,"href":"https:\/\/www.foment.com\/es\/wp-json\/wp\/v2\/comments?post=21225"}],"version-history":[{"count":1,"href":"https:\/\/www.foment.com\/es\/wp-json\/wp\/v2\/posts\/21225\/revisions"}],"predecessor-version":[{"id":174611,"href":"https:\/\/www.foment.com\/es\/wp-json\/wp\/v2\/posts\/21225\/revisions\/174611"}],"wp:featuredmedia":[{"embeddable":true,"href":"https:\/\/www.foment.com\/es\/wp-json\/wp\/v2\/media\/21226"}],"wp:attachment":[{"href":"https:\/\/www.foment.com\/es\/wp-json\/wp\/v2\/media?parent=21225"}],"wp:term":[{"taxonomy":"category","embeddable":true,"href":"https:\/\/www.foment.com\/es\/wp-json\/wp\/v2\/categories?post=21225"},{"taxonomy":"post_tag","embeddable":true,"href":"https:\/\/www.foment.com\/es\/wp-json\/wp\/v2\/tags?post=21225"}],"curies":[{"name":"wp","href":"https:\/\/api.w.org\/{rel}","templated":true}]}}