{"id":21230,"date":"2015-03-02T09:00:45","date_gmt":"2015-03-02T08:00:45","guid":{"rendered":"http:\/\/foment.itartech.com\/?p=21230"},"modified":"2017-06-13T14:49:29","modified_gmt":"2017-06-13T12:49:29","slug":"foment-presenta-renovados-todos-los-organos-consultivos-ante-asamblea-general","status":"publish","type":"post","link":"https:\/\/www.foment.com\/es\/foment-presenta-renovados-todos-los-organos-consultivos-ante-asamblea-general\/","title":{"rendered":"Foment presenta renovados todos los \u00f3rganos consultivos ante Asamblea General"},"content":{"rendered":"<section class=\"wpb-content-wrapper\"><p>[vc_row][vc_column width=\u00bb1\/1&#8243;][vc_column_text]Foment del Treball presenta hoy ante la Asamblea General la renovaci\u00f3n de todos los \u00f3rganos consultivos \u2013Consejo Asesor, Consejo Consultivo y comisiones asesoras- tras las elecciones del pasado 4 de diciembre para la presidencia y Junta Directiva de la instituci\u00f3n. De este modo, el presidente Joaquim Gay de Montell\u00e0, inicia el segundo mandato con el prop\u00f3sito de dinamizar la actividad de la organizaci\u00f3n desde la pluralidad, la unidad y la independencia. \u201cLa unidad es un valor que es necesario conservar por encima de todo\u201d, considera Gay de Montell\u00e0 en su discurso ante la Asamblea General de Foment.<\/p>\n<p>Durante los meses de enero y febrero Foment del Treball ha constituido un total de 11 comisiones (Medio Ambiente, Emprendedores, Industria, Internacional, Turismo y Servicios, Infraestructuras, Uni\u00f3n Europea y Programas Europeos, Fiscal y Econom\u00eda, Innovaci\u00f3n, Formaci\u00f3n, Laboral y Recursos Humanos) durante un proceso abierto y participativo. Pr\u00e1cticamente todas las comisiones ya han definido su plan de trabajo que tiene el objetivo de contribuir al crecimiento del peso de la industria en Catalunya desde la perspectiva de la innovaci\u00f3n, la internacionalizaci\u00f3n y la formaci\u00f3n.<\/p>\n<p>Gay de Montell\u00e0 destac\u00f3 ante la Asamblea el impulso de Foment a la creaci\u00f3n de un centenar de empresas a partir del asesoramiento a un total de 800 proyectos. \u201cHa sido un trabajo \u2013se\u00f1ala Gay de Montell\u00e0- que ha contado con el apoyo y la participaci\u00f3n de las organizaciones patronales de Girona, Tarragona i Lleida y con la colaboraci\u00f3n de Afaemme\u201d.<\/p>\n<p>Con todos los \u00f3rganos de Gobierno renovados, las comisiones y los grupos de trabajo, Foment cuenta con la estructura t\u00e9cnica necesaria para contribuir acompa\u00f1ar a las administraciones en la creaci\u00f3n del entorno m\u00e1s favorable para las empresas. En este sentido, Gay de Montell\u00e0 anunci\u00f3 la celebraci\u00f3n en el mes de junio de una cumbre por la Industria. \u201cLa industria \u2013explica el presidente de Foment- es un pilar fundamental de nuestra identidad empresarial y la llave de\u00a0 nuestro futuro como sociedad\u201d<\/p>\n<p>&nbsp;<\/p>\n<h3><strong>Internacionalizaci\u00f3n e innovaci\u00f3n<\/strong><\/h3>\n<p>Catalunya es a d\u00eda de hoy una de las regiones m\u00e1s industrializadas de Europa y tiene la capacidad de conseguir el objetivo de situar la industria en el 20% del PIB, tal y como han marcado las directrices comunitarias. Esto s\u00f3lo es posible si las empresas catalanas afrontan los retos de la internacionalizaci\u00f3n y la innovaci\u00f3n. Desde la Comisi\u00f3n de Internacional y la vicepresidencia de la CEOE, Foment ha previsto una potente acci\u00f3n exterior para favorecer la apertura a nuevos mercados, formalizar alianzas con socios extranjeros y captar inversiones.<\/p>\n<p>Respecto a la Innovaci\u00f3n, Foment ha reforzado su comisi\u00f3n para promover la transici\u00f3n hacia la econom\u00eda digital consolidando el uso de les TIC. La econom\u00eda digital requiere\u00a0 nuevos procesos, nuevas relaciones con los clientes, el dise\u00f1o de nuevos servicios y productos y, al final, el desarrollo de nuevos\u00a0 modelos de negocio.<\/p>\n<h3><strong>La Formaci\u00f3n<\/strong><\/h3>\n<p>Respecto a la Formaci\u00f3n, Foment ha creado un nuevo departamento T\u00e9cnico dedicado al conocimiento y la formaci\u00f3n profesional que, junto a la Comisi\u00f3n de Formaci\u00f3n, tiene el prop\u00f3sito de promover en Catalunya un nuevo sistema de formaci\u00f3n m\u00e1s conectado con las necesidades laborales y la oferta de las empresas. En este sentido, el Presidente de Foment se mostr\u00f3 cr\u00edtico con el real Decreto de Reforma de la Formaci\u00f3n.<\/p>\n<p>\u201cLos empresarios \u2013apunta el pres9idente de Foment en su discurso- somos los que conocemos mejor las necesidades y prioridades formativas de las empresas y de los trabajadores y, por tanto, es impensable que la ley que prepara el Gobierno nos aparte de la gesti\u00f3n de los fondos y de la implantaci\u00f3n efectiva de esta formaci\u00f3n\u201d.[\/vc_column_text][\/vc_column][\/vc_row]<\/p>\n<\/section>","protected":false},"excerpt":{"rendered":"<p>[vc_row][vc_column width=\u00bb1\/1&#8243;][vc_column_text]Foment del Treball presenta hoy ante la Asamblea General la renovaci\u00f3n de todos los \u00f3rganos consultivos \u2013Consejo Asesor, Consejo Consultivo y comisiones asesoras- tras las elecciones del pasado 4 de diciembre para la presidencia y Junta Directiva de la instituci\u00f3n. De este modo, el presidente Joaquim Gay de Montell\u00e0, inicia el segundo mandato con el prop\u00f3sito de dinamizar la actividad de la organizaci\u00f3n desde la pluralidad, la unidad y la independencia. \u201cLa unidad es un valor que es necesario conservar por encima de todo\u201d, considera Gay de Montell\u00e0 en su discurso ante la Asamblea General de Foment. Durante los meses de enero y febrero Foment del Treball ha constituido un total de 11 comisiones (Medio Ambiente, Emprendedores, Industria, Internacional, Turismo y Servicios, Infraestructuras, Uni\u00f3n Europea y Programas Europeos, Fiscal y Econom\u00eda, Innovaci\u00f3n, Formaci\u00f3n, Laboral y Recursos Humanos) durante un proceso abierto y participativo. Pr\u00e1cticamente todas las comisiones ya han definido su plan de trabajo que tiene el objetivo de contribuir al crecimiento del peso de la industria en Catalunya desde la perspectiva de la innovaci\u00f3n, la internacionalizaci\u00f3n y la formaci\u00f3n. Gay de Montell\u00e0 destac\u00f3 ante la Asamblea el impulso de Foment a la creaci\u00f3n de un centenar de empresas [&hellip;]<\/p>\n","protected":false},"author":24,"featured_media":21231,"comment_status":"closed","ping_status":"closed","sticky":false,"template":"","format":"standard","meta":{"_links_to":"","_links_to_target":""},"categories":[68],"tags":[646],"acf":[],"wps_subtitle":"El ministro Crist\u00f3bal Montoro se reune con los miembros de la Asamblea de Foment para debatir sobre la actualidad econ\u00f3mica del pa\u00eds","_links":{"self":[{"href":"https:\/\/www.foment.com\/es\/wp-json\/wp\/v2\/posts\/21230"}],"collection":[{"href":"https:\/\/www.foment.com\/es\/wp-json\/wp\/v2\/posts"}],"about":[{"href":"https:\/\/www.foment.com\/es\/wp-json\/wp\/v2\/types\/post"}],"author":[{"embeddable":true,"href":"https:\/\/www.foment.com\/es\/wp-json\/wp\/v2\/users\/24"}],"replies":[{"embeddable":true,"href":"https:\/\/www.foment.com\/es\/wp-json\/wp\/v2\/comments?post=21230"}],"version-history":[{"count":0,"href":"https:\/\/www.foment.com\/es\/wp-json\/wp\/v2\/posts\/21230\/revisions"}],"wp:featuredmedia":[{"embeddable":true,"href":"https:\/\/www.foment.com\/es\/wp-json\/wp\/v2\/media\/21231"}],"wp:attachment":[{"href":"https:\/\/www.foment.com\/es\/wp-json\/wp\/v2\/media?parent=21230"}],"wp:term":[{"taxonomy":"category","embeddable":true,"href":"https:\/\/www.foment.com\/es\/wp-json\/wp\/v2\/categories?post=21230"},{"taxonomy":"post_tag","embeddable":true,"href":"https:\/\/www.foment.com\/es\/wp-json\/wp\/v2\/tags?post=21230"}],"curies":[{"name":"wp","href":"https:\/\/api.w.org\/{rel}","templated":true}]}}