{"id":212303,"date":"2026-01-09T13:03:04","date_gmt":"2026-01-09T12:03:04","guid":{"rendered":"https:\/\/www.foment.com\/?p=212303"},"modified":"2026-01-09T13:03:04","modified_gmt":"2026-01-09T12:03:04","slug":"josep-sanchez-llibre-considera-claramente-insuficiente-la-nueva-propuesta-de-financiacion-autonomica-que-presenta-el-gobierno-central-2","status":"publish","type":"post","link":"https:\/\/www.foment.com\/es\/josep-sanchez-llibre-considera-claramente-insuficiente-la-nueva-propuesta-de-financiacion-autonomica-que-presenta-el-gobierno-central-2\/","title":{"rendered":"Josep S\u00e1nchez Llibre considera \u00abclaramente insuficiente\u00bb la nueva propuesta de financiaci\u00f3n auton\u00f3mica que presenta el Gobierno Central"},"content":{"rendered":"<ul>\n<li>Foment del Treball reitera que es necesario que la Agencia Tributaria de Catalu\u00f1a recaude, gestione, liquide e inspeccione todos los impuestos<\/li>\n<li>Josep S\u00e1nchez Llibre: \u201cEsperamos que los nuevos ingresos sirvan para bajar impuestos y mejorar la productividad\u201d<\/li>\n<\/ul>\n<p>El presidente de Foment del Treball, <strong>Josep S\u00e1nchez Llibre<\/strong>, considera \u201cclaramente insuficiente\u201d <strong>la nueva propuesta de financiaci\u00f3n auton\u00f3mica que presenta el Gobierno Central<\/strong>, fruto de un pacto del presidente Pedro S\u00e1nchez con el presidente de ERC, Oriol Junqueras, porque no resuelve los d\u00e9ficits hist\u00f3ricos y estructurales que tiene Catalu\u00f1a en su financiaci\u00f3n y en la inversi\u00f3n en infraestructuras. Sin conocer todav\u00eda todos los detalles de la propuesta, que supondr\u00eda la recepci\u00f3n de 4.700 millones de euros para Catalu\u00f1a, desde Foment del Treball se recuerda que su posicionamiento siempre ha sido ambicioso y ha reclamado una Agencia Tributaria Catalana que recaude, gestione, liquide e inspeccione todos los impuestos generados en Catalu\u00f1a y con capacidad normativa. Cabe destacar que es necesario adecuar la Agencia actual para hacer frente a esta nueva realidad.<\/p>\n<p>La patronal catalana recuerda que <strong>Catalu\u00f1a sufre un d\u00e9ficit estructural en financiaci\u00f3n y tambi\u00e9n en inversi\u00f3n en infraestructuras<\/strong>. La falta de inversi\u00f3n en infraestructuras durante los \u00faltimos 14 a\u00f1os supone un d\u00e9ficit de 42.500 millones de euros. Con estas premisas, Foment solo puede se\u00f1alar que el modelo que ha presentado el Gobierno central, fruto de este pacto con ERC, es insuficiente. Adem\u00e1s, del modelo presentado por la ministra de Hacienda, Mar\u00eda Jes\u00fas Montero, no ha quedado claro si se garantiza la ordinalidad o si es tan solo un deseo. El modelo est\u00e1 vigente desde 2009 y caducado desde 2014, y se ha demostrado perjudicial para todas las comunidades aut\u00f3nomas, incluida Catalu\u00f1a.<\/p>\n<p>El presidente de Foment, Josep S\u00e1nchez Llibre, ha indicado que \u201csi bien es positivo para Catalu\u00f1a acceder a m\u00e1s financiaci\u00f3n, <strong>no vemos el cambio de modelo que hace falta para mejorar su financiaci\u00f3n e incrementar las inversiones en infraestructuras<\/strong>\u201d. S\u00e1nchez Llibre ha a\u00f1adido que \u201cestos 4.700 millones de euros ser\u00e1n bienvenidos, y esperamos que estos nuevos ingresos sirvan para bajar impuestos e implementar pol\u00edticas p\u00fablicas que ayuden a mejorar la productividad, as\u00ed como aliviar la presi\u00f3n que soportan las familias\u201d.<\/p>\n<p>Foment ha defendido y defiende que el nuevo sistema de financiaci\u00f3n debe ser sostenible para mantener los servicios p\u00fablicos y equitativo, y eso requiere respetar el principio de ordinalidad. Actualmente, <strong>Catalu\u00f1a es la segunda comunidad (sin contar las de r\u00e9gimen foral) en PIB per c\u00e1pita, pero cae al d\u00e9cimo lugar en recursos recibidos<\/strong>, y baja hasta el decimocuarto cuando se corrige por el coste de vida. La patronal catalana promueve aplicar la solidaridad interterritorial, pero rechaza que las comunidades que m\u00e1s aportan acaben siendo las que menos reciben. Los mecanismos de nivelaci\u00f3n deben garantizar que, una vez operan, la renta familiar disponible per c\u00e1pita en los territorios que m\u00e1s aportan no quede por debajo de la de los que menos aportan.<\/p>\n<p>La participaci\u00f3n de la Generalitat en impuestos como el IVA o el IRPF aumenta ligeramente, pero no de manera sustancial. Si se trata de mejorar la financiaci\u00f3n de la Generalitat de Catalu\u00f1a, es inequ\u00edvoco manifestar que la reforma del modelo es insuficiente.<\/p>\n","protected":false},"excerpt":{"rendered":"<p>Foment del Treball reitera que es necesario que la Agencia Tributaria de Catalu\u00f1a recaude, gestione, liquide e inspeccione todos los impuestos Josep S\u00e1nchez Llibre: \u201cEsperamos que los nuevos ingresos sirvan para bajar impuestos y mejorar la productividad\u201d El presidente de Foment del Treball, Josep S\u00e1nchez Llibre, considera \u201cclaramente insuficiente\u201d la nueva propuesta de financiaci\u00f3n auton\u00f3mica que presenta el Gobierno Central, fruto de un pacto del presidente Pedro S\u00e1nchez con el presidente de ERC, Oriol Junqueras, porque no resuelve los d\u00e9ficits hist\u00f3ricos y estructurales que tiene Catalu\u00f1a en su financiaci\u00f3n y en la inversi\u00f3n en infraestructuras. Sin conocer todav\u00eda todos los detalles de la propuesta, que supondr\u00eda la recepci\u00f3n de 4.700 millones de euros para Catalu\u00f1a, desde Foment del Treball se recuerda que su posicionamiento siempre ha sido ambicioso y ha reclamado una Agencia Tributaria Catalana que recaude, gestione, liquide e inspeccione todos los impuestos generados en Catalu\u00f1a y con capacidad normativa. Cabe destacar que es necesario adecuar la Agencia actual para hacer frente a esta nueva realidad. La patronal catalana recuerda que Catalu\u00f1a sufre un d\u00e9ficit estructural en financiaci\u00f3n y tambi\u00e9n en inversi\u00f3n en infraestructuras. La falta de inversi\u00f3n en infraestructuras durante los \u00faltimos 14 a\u00f1os supone un d\u00e9ficit de [&hellip;]<\/p>\n","protected":false},"author":281,"featured_media":200713,"comment_status":"closed","ping_status":"closed","sticky":false,"template":"","format":"standard","meta":{"_links_to":"","_links_to_target":""},"categories":[114,69,1655,5714],"tags":[],"acf":[],"wps_subtitle":"","_links":{"self":[{"href":"https:\/\/www.foment.com\/es\/wp-json\/wp\/v2\/posts\/212303"}],"collection":[{"href":"https:\/\/www.foment.com\/es\/wp-json\/wp\/v2\/posts"}],"about":[{"href":"https:\/\/www.foment.com\/es\/wp-json\/wp\/v2\/types\/post"}],"author":[{"embeddable":true,"href":"https:\/\/www.foment.com\/es\/wp-json\/wp\/v2\/users\/281"}],"replies":[{"embeddable":true,"href":"https:\/\/www.foment.com\/es\/wp-json\/wp\/v2\/comments?post=212303"}],"version-history":[{"count":1,"href":"https:\/\/www.foment.com\/es\/wp-json\/wp\/v2\/posts\/212303\/revisions"}],"predecessor-version":[{"id":212304,"href":"https:\/\/www.foment.com\/es\/wp-json\/wp\/v2\/posts\/212303\/revisions\/212304"}],"wp:featuredmedia":[{"embeddable":true,"href":"https:\/\/www.foment.com\/es\/wp-json\/wp\/v2\/media\/200713"}],"wp:attachment":[{"href":"https:\/\/www.foment.com\/es\/wp-json\/wp\/v2\/media?parent=212303"}],"wp:term":[{"taxonomy":"category","embeddable":true,"href":"https:\/\/www.foment.com\/es\/wp-json\/wp\/v2\/categories?post=212303"},{"taxonomy":"post_tag","embeddable":true,"href":"https:\/\/www.foment.com\/es\/wp-json\/wp\/v2\/tags?post=212303"}],"curies":[{"name":"wp","href":"https:\/\/api.w.org\/{rel}","templated":true}]}}