{"id":21261,"date":"2015-03-09T09:00:51","date_gmt":"2015-03-09T08:00:51","guid":{"rendered":"http:\/\/foment.itartech.com\/?p=21261"},"modified":"2016-10-31T11:14:20","modified_gmt":"2016-10-31T10:14:20","slug":"joaquim-gay-montella-representa-los-empresarios-espanoles-la-cumbre-institucional-centroamerica-espana","status":"publish","type":"post","link":"https:\/\/www.foment.com\/es\/joaquim-gay-montella-representa-los-empresarios-espanoles-la-cumbre-institucional-centroamerica-espana\/","title":{"rendered":"Joaquim Gay de Montell\u00e0 representa a los empresarios espa\u00f1oles en la Cumbre institucional Centroam\u00e9rica-Espa\u00f1a"},"content":{"rendered":"<section class=\"wpb-content-wrapper\"><p>[vc_row][vc_column width=\u00bb1\/1&#8243;][vc_column_text]El vicepresidente de CEOE y presidente de Foment, Joaquim Gay de Montell\u00e0, ha resaltado que Espa\u00f1a es el primer inversor y el segundo proveedor de bienes m\u00e1s importante de la UE en el Sistema de Integraci\u00f3n Centroamericana (SICA), durante su intervenci\u00f3n en el Encuentro Empresarial SICA-Espa\u00f1a, en el marco de la Cumbre de Presidentes que se celebra hoy en Ciudad de Guatemala.<\/p>\n<div><\/div>\n<div>En el encuentro entre empresarios espa\u00f1oles y guatemaltecos se han analizado las experiencias de empresas espa\u00f1olas en la regi\u00f3n del SICA (Belice, Guatemala, Honduras, El Salvador, Nicaragua, Costa Rica y Panam\u00e1) \u00a0y las oportunidades de inversi\u00f3n en la zona. La clausura ha contado con la participaci\u00f3n de los presidentes de Gobierno de Espa\u00f1a y Guatemala, Mariano Rajoy y Otto P\u00e9rez Molina.<\/div>\n<div><\/div>\n<div>En la apertura, Gay de Montell\u00e0 ha se\u00f1alado que nuestras empresas pueden aportar conocimientos y experiencias \u00fatiles a las instituciones de los pa\u00edses miembros del SICA que, como la Agencia Nacional para el Desarrollo de Infraestructura Econ\u00f3mica de Guatemala, est\u00e1n implicados en el desarrollo de proyectos encaminados a vertebrar la subregi\u00f3n e integrarla mejor con los mercados de Sudam\u00e9rica, Am\u00e9rica del Norte y el Pac\u00edfico.<\/div>\n<p>[\/vc_column_text]<div class=\"spacer\" style=\"height: 20px;\"><\/div><div class=\"single_image wpb_content_element align-center    \" data-animation=\"none\" data-delay=\"0\"><img width=\"600\" height=\"400\" src=\"https:\/\/www.foment.com\/wp-content\/uploads\/2016\/10\/Encuentro-Empresarial-SICA-Espan\u0303a-Gay-de-Montella-600.jpg\" class=\"attachment-full\" alt=\"\" loading=\"lazy\" title=\"Encuentro Empresarial SICA-Espa\u00f1a-Gay-de-Montella-600\" srcset=\"https:\/\/www.foment.com\/wp-content\/uploads\/2016\/10\/Encuentro-Empresarial-SICA-Espan\u0303a-Gay-de-Montella-600.jpg 600w, https:\/\/www.foment.com\/wp-content\/uploads\/2016\/10\/Encuentro-Empresarial-SICA-Espan\u0303a-Gay-de-Montella-600-300x200.jpg 300w\" sizes=\"(max-width: 600px) 100vw, 600px\" \/><span class=\"single_image_caption\">Joaquim Gay de Montell\u00e0, ha resaltado que Espa\u00f1a es el primer inversor y el segundo proveedor de bienes m\u00e1s importante de la UE en el Sistema de Integraci\u00f3n Centroamericana (SICA)\u200b. \u00a9 Alejandro Sandoval<\/span><\/div><div class=\"spacer\" style=\"height: 20px;\"><\/div>[vc_column_text]<\/p>\n<div>CEOE ha alabado los esfuerzos realizados por el SICA y los gobiernos nacionales para alcanzar la prosperidad en la zona. Ha destacado la integraci\u00f3n econ\u00f3mica regional, la apertura hacia el exterior mediante la firma de acuerdos comerciales con otras \u00e1reas econ\u00f3micas, el refuerzo de la gobernanza econ\u00f3mica y la apuesta por la seguridad jur\u00eddica.<\/div>\n<p>&nbsp;<\/p>\n<div>A nivel bilateral, Gay de Montell\u00e0 ha explicado que adem\u00e1s de los acuerdos (Acuerdo de Asociaci\u00f3n entre la UE y Centroam\u00e9rica), se requieren acciones complementarias para favorecer el comercio y la inversi\u00f3n. Por un lado, ha hablado de mantener e intensificar las visitas institucionales con un fuerte componente empresarial. Por otra parte, hay que completar la red de acuerdos econ\u00f3micos bilaterales, mediante la negociaci\u00f3n de los acuerdos para evitar la Doble Imposici\u00f3n; y por \u00faltimo, aprovechar el marco establecido en los acuerdos suscritos por la Cooperaci\u00f3n Espa\u00f1ola con el SICA, para intensificar la cooperaci\u00f3n en la integraci\u00f3n econ\u00f3mica regional, el refuerzo de la gobernanza econ\u00f3mica o el di\u00e1logo social.<\/div>\n<p>&nbsp;<\/p>\n<div>En la apertura del Encuentro Empresarial SICA-Espa\u00f1a tambi\u00e9n han participado Ministro de Econom\u00eda de la Rep\u00fablica de Guatemala, Sergio de la Torre; el secretario de Estado de Comercio, Jaime Garc\u00eda-Legaz; el presidente de CACIF, Hermann Gir\u00f3n D\u00e9lery; y el vicepresidente de la C\u00e1mara de Espa\u00f1a, Miguel Valls. Por parte de CEOE, adem\u00e1s de su vicepresidente, ha asistido al encuentro el director del Gabinete de Presidencia, Relaciones internacionales e Institucionales de CEOE, Narciso Casado.<\/div>\n<p>&nbsp;<\/p>\n<h3><strong>Cumbre de Presidentes<\/strong><\/h3>\n<div>M\u00e1s tarde, en la Cumbre de Presidentes SICA-Espa\u00f1a \u2013en la que ha intervenido representando a los empresarios espa\u00f1oles\u2013, Gay de Montell\u00e1 ha resaltado la importancia del Tratado de Libre Comercio entre Estados Unidos, Centroam\u00e9rica y Rep\u00fablica Dominicana (CAFTA) y el Acuerdo de Asociaci\u00f3n entre la Uni\u00f3n Europea y Centroam\u00e9rica, ya que suponen dos pasos fundamentales en el proceso de inserci\u00f3n de la zona en la econom\u00eda global, y en el incremento de la competitividad de las empresas.<\/div>\n<p>&nbsp;<\/p>\n<div>Por otro lado, ha explicado que, si bien las negociaciones comerciales multilaterales en la OMS est\u00e1n moment\u00e1neamente paralizadas, considera que es fundamental el apoyo a las mismas, as\u00ed como el respaldo a la r\u00e1pida aplicaci\u00f3n del Tratado de Facilitaci\u00f3n del Comercio. Este \u00faltimo ayudar\u00eda a la eliminaci\u00f3n de trabas innecesarias en las tramitaciones aduaneras y transmitir\u00eda un mensaje positivo sobre el futuro de las negociaciones comerciales multilaterales y de la propia OMC.<\/div>\n<p>&nbsp;<\/p>\n<h3><strong>Mejora del clima de negocios<\/strong><\/h3>\n<div>Gay de Montell\u00e0 ha recalcado que \u201cCEOE y las organizaciones empresariales de Centroam\u00e9rica y de la Rep\u00fablica Dominicana, representamos una plataforma id\u00f3nea para reforzar el di\u00e1logo social, mejorar el clima de negocios, mediante propuestas al SICA y facilitar el intercambio de conocimientos en infinidad de \u00e1mbitos, como la formaci\u00f3n profesional, con el fin de incrementar la competitividad de las empresas y potenciar el tejido productivo local en la regi\u00f3n\u201d.<\/div>\n<p>&nbsp;<\/p>\n<div>En este sentido, ha concluido que en el \u00e1mbito de la gobernanza, el Consejo Econ\u00f3mico y Social de Espa\u00f1a (CES), del que forma parte la CEOE, est\u00e1 contribuyendo a consolidar el di\u00e1logo social institucional, mediante el refuerzo de los CES de Panam\u00e1, Rep\u00fablica Dominicana, Honduras y Guatemala.<\/div>\n<p>&nbsp;<\/p>\n<h3><strong>Reuni\u00f3n de organizaciones empresariales en Madrid<\/strong><\/h3>\n<div>Durante su estancia en Guatemala, Gay de Montell\u00e0 y Casado han mantenido tambi\u00e9n una reuni\u00f3n de trabajo con el presidente del Comit\u00e9 Coordinador de Asociaciones Agr\u00edcolas, Comerciales, Industriales y Financieras (la patronal guatemalteca) CACIF, Hermann Gir\u00f3n, y miembros de su directiva. El objetivo de esta reuni\u00f3n es analizar la colaboraci\u00f3n entre las dos organizaciones, adem\u00e1s de preparar la XXVI Reuni\u00f3n de Presidentes de Organizaciones Empresariales Iberoamericanas, que se celebrar\u00e1 en el mes de junio en Madrid.<\/div>\n<p>&nbsp;<\/p>\n<div>Las Reuniones de Presidentes de Organizaciones Empresariales tendr\u00e1n car\u00e1cter anual, coincidiendo con las Cumbres Pol\u00edticas Iberoamericanas (la \u00faltima, la n\u00famero XXV, se celebr\u00f3 en Veracruz, M\u00e9xico). El a\u00f1o en que no haya cumbre pol\u00edtica, la reuni\u00f3n se celebrar\u00e1 en Madrid, y ser\u00e1 organizada por CEOE y la OIE.<\/div>\n<p>[\/vc_column_text][\/vc_column][\/vc_row]<\/p>\n<\/section>","protected":false},"excerpt":{"rendered":"<p>[vc_row][vc_column width=\u00bb1\/1&#8243;][vc_column_text]El vicepresidente de CEOE y presidente de Foment, Joaquim Gay de Montell\u00e0, ha resaltado que Espa\u00f1a es el primer inversor y el segundo proveedor de bienes m\u00e1s importante de la UE en el Sistema de Integraci\u00f3n Centroamericana (SICA), durante su intervenci\u00f3n en el Encuentro Empresarial SICA-Espa\u00f1a, en el marco de la Cumbre de Presidentes que se celebra hoy en Ciudad de Guatemala. En el encuentro entre empresarios espa\u00f1oles y guatemaltecos se han analizado las experiencias de empresas espa\u00f1olas en la regi\u00f3n del SICA (Belice, Guatemala, Honduras, El Salvador, Nicaragua, Costa Rica y Panam\u00e1) \u00a0y las oportunidades de inversi\u00f3n en la zona. La clausura ha contado con la participaci\u00f3n de los presidentes de Gobierno de Espa\u00f1a y Guatemala, Mariano Rajoy y Otto P\u00e9rez Molina. En la apertura, Gay de Montell\u00e0 ha se\u00f1alado que nuestras empresas pueden aportar conocimientos y experiencias \u00fatiles a las instituciones de los pa\u00edses miembros del SICA que, como la Agencia Nacional para el Desarrollo de Infraestructura Econ\u00f3mica de Guatemala, est\u00e1n implicados en el desarrollo de proyectos encaminados a vertebrar la subregi\u00f3n e integrarla mejor con los mercados de Sudam\u00e9rica, Am\u00e9rica del Norte y el Pac\u00edfico. [\/vc_column_text][vc_column_text] CEOE ha alabado los esfuerzos realizados por el SICA y [&hellip;]<\/p>\n","protected":false},"author":24,"featured_media":21265,"comment_status":"closed","ping_status":"closed","sticky":false,"template":"","format":"standard","meta":{"_links_to":"","_links_to_target":""},"categories":[72],"tags":[],"acf":[],"wps_subtitle":"\u200bEspa\u00f1a es el primer inversor y el segundo proveedor de bienes m\u00e1s importantes de la UE en la regi\u00f3n del SICA","_links":{"self":[{"href":"https:\/\/www.foment.com\/es\/wp-json\/wp\/v2\/posts\/21261"}],"collection":[{"href":"https:\/\/www.foment.com\/es\/wp-json\/wp\/v2\/posts"}],"about":[{"href":"https:\/\/www.foment.com\/es\/wp-json\/wp\/v2\/types\/post"}],"author":[{"embeddable":true,"href":"https:\/\/www.foment.com\/es\/wp-json\/wp\/v2\/users\/24"}],"replies":[{"embeddable":true,"href":"https:\/\/www.foment.com\/es\/wp-json\/wp\/v2\/comments?post=21261"}],"version-history":[{"count":0,"href":"https:\/\/www.foment.com\/es\/wp-json\/wp\/v2\/posts\/21261\/revisions"}],"wp:featuredmedia":[{"embeddable":true,"href":"https:\/\/www.foment.com\/es\/wp-json\/wp\/v2\/media\/21265"}],"wp:attachment":[{"href":"https:\/\/www.foment.com\/es\/wp-json\/wp\/v2\/media?parent=21261"}],"wp:term":[{"taxonomy":"category","embeddable":true,"href":"https:\/\/www.foment.com\/es\/wp-json\/wp\/v2\/categories?post=21261"},{"taxonomy":"post_tag","embeddable":true,"href":"https:\/\/www.foment.com\/es\/wp-json\/wp\/v2\/tags?post=21261"}],"curies":[{"name":"wp","href":"https:\/\/api.w.org\/{rel}","templated":true}]}}