{"id":21274,"date":"2015-03-12T09:00:12","date_gmt":"2015-03-12T08:00:12","guid":{"rendered":"http:\/\/foment.itartech.com\/?p=21274"},"modified":"2016-10-31T11:15:04","modified_gmt":"2016-10-31T10:15:04","slug":"la-variacion-anual-del-indice-general-precios-suaviza-caida-mes-febrero","status":"publish","type":"post","link":"https:\/\/www.foment.com\/es\/la-variacion-anual-del-indice-general-precios-suaviza-caida-mes-febrero\/","title":{"rendered":"La variaci\u00f3n anual del \u00edndice general de precios suaviza su ca\u00edda en el mes de febrero"},"content":{"rendered":"<section class=\"wpb-content-wrapper\"><p>[vc_row][vc_column width=\u00bb1\/1&#8243;][vc_column_text]La variaci\u00f3n anual del \u00edndice general de precios suaviza su ca\u00edda en el mes de febrero, con una reducci\u00f3n del 1,1% en Espa\u00f1a y del 0,8% en Catalu\u00f1a, lo que implica que los precios han descendido a un ritmo menor que el mes pasado. Cabe destacar, que la bajada de los precios se ha moderado en casi todas las CCAA (salvo Canarias), y que la disminuci\u00f3n del IPC en Catalu\u00f1a ha sido de las menores en comparaci\u00f3n con las otras CCAA.[\/vc_column_text]<div class=\"spacer\" style=\"height: 20px;\"><\/div><div class=\"single_image wpb_content_element align-center    \" data-animation=\"none\" data-delay=\"0\"><img width=\"600\" height=\"337\" src=\"https:\/\/www.foment.com\/wp-content\/uploads\/2016\/10\/Foment-del-Treball-IPC-febrero-2015-CAST-600.jpg\" class=\"attachment-full\" alt=\"\" loading=\"lazy\" title=\"foment-del-treball-ipc-febrero-2015-cast-600\" srcset=\"https:\/\/www.foment.com\/wp-content\/uploads\/2016\/10\/Foment-del-Treball-IPC-febrero-2015-CAST-600.jpg 600w, https:\/\/www.foment.com\/wp-content\/uploads\/2016\/10\/Foment-del-Treball-IPC-febrero-2015-CAST-600-300x169.jpg 300w\" sizes=\"(max-width: 600px) 100vw, 600px\" \/><span class=\"single_image_caption\">La variaci\u00f3n anual del \u00edndice general de precios suaviza su ca\u00edda en el mes de febrero<\/span><\/div><div class=\"spacer\" style=\"height: 20px;\"><\/div>[vc_column_text]<\/p>\n<div>Los grupos que han tenido una mayor influencia al alza han sido: transporte, cuyo aumento se explica por la subida de los precios de los carburantes y lubricantes; y alimentos y bebidas no alcoh\u00f3licas, por el incremento del precio de las legumbres y hortalizas y de los aceites, as\u00ed como por el hecho de que el precio de las frutas secas no ha bajado como lo hizo el a\u00f1o pasado.<\/div>\n<p>&nbsp;<\/p>\n<div>Cabe destacar, que la inflaci\u00f3n subyacente \u2013\u00edndice general sin alimentos no elaborados ni productos energ\u00e9ticos\u2013 se ha mantenido en el mismo nivel del mes anterior, con lo cual el precio de los componentes m\u00e1s estables de la cesta de la compra ha aumentado un 0,2% en t\u00e9rminos anuales.<\/div>\n<p>&nbsp;<\/p>\n<div>Si se analiza la variaci\u00f3n mes a mes, de los doce grupos que conforman la cesta de la compra representativa para la elaboraci\u00f3n del IPC, se han observado reducciones s\u00f3lo dos de ellos: vestido y calzado y vivienda. En el resto de los grupos ha registrado un incremento de precios, llevando la variaci\u00f3n mensual del IPC al 0,2%.<\/div>\n<p>&nbsp;<\/p>\n<div>En este sentido, el \u00edndice de precios del grupo alimentos sin elaboraci\u00f3n y productos energ\u00e9ticos ha registrado un repunte del 1,2% en t\u00e9rminos mensuales, aunque en comparaci\u00f3n con el mismo mes del 2014 la disminuci\u00f3n ha sido del 6,3%. En particular, destaca el aumento del 1,4% de productos energ\u00e9ticos y del 4,1% de carburantes y combustibles de enero a febrero.<\/div>\n<p>&nbsp;<\/p>\n<div>Finalmente, al considerar el indicador de inflaci\u00f3n armonizado (IPCA) \u2013que permite realizar una comparaci\u00f3n con la evoluci\u00f3n de los precios en la Eurozona\u2013 se aprecia que el diferencial de inflaci\u00f3n con la Uni\u00f3n Monetaria contin\u00faa siendo negativo (-0,9 p.p.) ya que el IPCA en Europa ha descendido un 0,3% mientras que en Espa\u00f1a ha bajado un 1,2%, en t\u00e9rminos anuales. Cabe se\u00f1alar, que esta diferencia se ha mantenido estable en los \u00faltimos meses.<\/div>\n<p>[\/vc_column_text][\/vc_column][\/vc_row]<\/p>\n<\/section>","protected":false},"excerpt":{"rendered":"<p>[vc_row][vc_column width=\u00bb1\/1&#8243;][vc_column_text]La variaci\u00f3n anual del \u00edndice general de precios suaviza su ca\u00edda en el mes de febrero, con una reducci\u00f3n del 1,1% en Espa\u00f1a y del 0,8% en Catalu\u00f1a, lo que implica que los precios han descendido a un ritmo menor que el mes pasado. Cabe destacar, que la bajada de los precios se ha moderado en casi todas las CCAA (salvo Canarias), y que la disminuci\u00f3n del IPC en Catalu\u00f1a ha sido de las menores en comparaci\u00f3n con las otras CCAA.[\/vc_column_text][vc_column_text] Los grupos que han tenido una mayor influencia al alza han sido: transporte, cuyo aumento se explica por la subida de los precios de los carburantes y lubricantes; y alimentos y bebidas no alcoh\u00f3licas, por el incremento del precio de las legumbres y hortalizas y de los aceites, as\u00ed como por el hecho de que el precio de las frutas secas no ha bajado como lo hizo el a\u00f1o pasado. &nbsp; Cabe destacar, que la inflaci\u00f3n subyacente \u2013\u00edndice general sin alimentos no elaborados ni productos energ\u00e9ticos\u2013 se ha mantenido en el mismo nivel del mes anterior, con lo cual el precio de los componentes m\u00e1s estables de la cesta de la compra ha aumentado un 0,2% en t\u00e9rminos [&hellip;]<\/p>\n","protected":false},"author":24,"featured_media":0,"comment_status":"closed","ping_status":"closed","sticky":false,"template":"","format":"standard","meta":{"_links_to":"","_links_to_target":""},"categories":[69],"tags":[],"acf":[],"wps_subtitle":"\u200bEn febrero, el IPC ha descendido en t\u00e9rminos anuales un 1,1% en Espa\u00f1a, mientras que en Catalu\u00f1a ha bajado un 0,8%","_links":{"self":[{"href":"https:\/\/www.foment.com\/es\/wp-json\/wp\/v2\/posts\/21274"}],"collection":[{"href":"https:\/\/www.foment.com\/es\/wp-json\/wp\/v2\/posts"}],"about":[{"href":"https:\/\/www.foment.com\/es\/wp-json\/wp\/v2\/types\/post"}],"author":[{"embeddable":true,"href":"https:\/\/www.foment.com\/es\/wp-json\/wp\/v2\/users\/24"}],"replies":[{"embeddable":true,"href":"https:\/\/www.foment.com\/es\/wp-json\/wp\/v2\/comments?post=21274"}],"version-history":[{"count":0,"href":"https:\/\/www.foment.com\/es\/wp-json\/wp\/v2\/posts\/21274\/revisions"}],"wp:attachment":[{"href":"https:\/\/www.foment.com\/es\/wp-json\/wp\/v2\/media?parent=21274"}],"wp:term":[{"taxonomy":"category","embeddable":true,"href":"https:\/\/www.foment.com\/es\/wp-json\/wp\/v2\/categories?post=21274"},{"taxonomy":"post_tag","embeddable":true,"href":"https:\/\/www.foment.com\/es\/wp-json\/wp\/v2\/tags?post=21274"}],"curies":[{"name":"wp","href":"https:\/\/api.w.org\/{rel}","templated":true}]}}