{"id":217863,"date":"2026-04-28T08:24:31","date_gmt":"2026-04-28T06:24:31","guid":{"rendered":"https:\/\/www.foment.com\/?p=217863"},"modified":"2026-04-28T09:51:09","modified_gmt":"2026-04-28T07:51:09","slug":"28-de-abril-de-2026-dia-internacional-de-la-seguridad-y-la-salud-en-el-trabajo","status":"publish","type":"post","link":"https:\/\/www.foment.com\/es\/28-de-abril-de-2026-dia-internacional-de-la-seguridad-y-la-salud-en-el-trabajo\/","title":{"rendered":"28 de abril de 2026. D\u00eda internacional de la Seguridad y la Salud en el Trabajo"},"content":{"rendered":"<section class=\"wpb-content-wrapper\"><p>[vc_row][vc_column width=\u00bb1\/1&#8243;][vc_single_image image=\u00bb217877&#8243; img_size=\u00bblarge\u00bb][\/vc_column][\/vc_row][vc_row][vc_column width=\u00bb1\/1&#8243;][vc_column_text]<\/p>\n<p style=\"text-align: justify;\">El <strong>Departament d\u2019Empresa i Treball de la Generalitat de Catalunya y las organizaciones patronales y sindicales m\u00e1s representativas de Catalu\u00f1a<\/strong>, cada 28 de abril conmemoran el D\u00eda Internacional de la Seguridad y Salud en el Trabajo, con la edici\u00f3n del cartel premiado del proyecto \u00abLa prevenci\u00f3n, un valor seguro\u00bb impulsado por el ICSSL dentro del programa \u00abTalento creativo y empresa\u00bb, del Departament d\u2019Educaci\u00f3 i Formaci\u00f3 Professional, dirigido a Escuelas de Artes Pl\u00e1sticas i Dise\u00f1o-EAPD.<\/p>\n<p style=\"text-align: justify;\">Para la conmemoraci\u00f3n del 28 de abril de 2026, se ha seleccionado el cartel \u00ab<strong>En el trabajo hay que actival el Modo Seguro<\/strong>\u00bb de la alumna Laia Guasch P\u00e9rez de la Escuela de Arte y Superior de Dise\u00f1o Serra i Abella.<\/p>\n<p style=\"text-align: justify;\">Por otro lado, cada 28 de abril, la<strong> Organizaci\u00f3n Internacional del Trabajo (OIT)<\/strong> conmemora el D\u00eda Mundial de la Seguridad y la Salud en el trabajo, centr\u00e1ndose en un tema relacionado con la seguridad y la salud laboral.<\/p>\n<p style=\"text-align: justify;\">Este a\u00f1o 2026, el tema de la campa\u00f1a de la OIT se centrar\u00e1 en los factores psicosociales y en<strong> garantizar un entorno psicosocial saludable en el trabajo<\/strong>.<\/p>\n<p>[\/vc_column_text][\/vc_column][\/vc_row][vc_row text_align=\u00bbcenter\u00bb top_padding=\u00bb40&#8243;][vc_column width=\u00bb1\/2&#8243;][vc_single_image image=\u00bb218571&#8243; img_size=\u00bbmedium\u00bb alignment=\u00bbcenter\u00bb]<a href=\"https:\/\/treball.gencat.cat\/ca\/ambits\/seguretat_i_salut_laboral\/promocio_i_campanyes\/28-abr\/2026\/\" target=\"_self\" class=\"button color-2 medium \" style=\"border-radius: 2px;\">Descargar cartel<\/a>[\/vc_column][vc_column width=\u00bb1\/2&#8243;][vc_single_image image=\u00bb217872&#8243; img_size=\u00bbmedium\u00bb alignment=\u00bbcenter\u00bb]<a href=\"https:\/\/trello.com\/1\/cards\/69a01e1dee56586bb5f63cbe\/attachments\/69a01e1dee56586bb5f63ce9\/download\/OSH2026_visuel_2026_SPA_RGB.jpg\" target=\"_self\" class=\"button color-2 medium \" style=\"border-radius: 2px;\">Descargar cartel<\/a>[\/vc_column][\/vc_row]<\/p>\n<\/section>","protected":false},"excerpt":{"rendered":"<p>[vc_row][vc_column width=\u00bb1\/1&#8243;][vc_single_image image=\u00bb217877&#8243; img_size=\u00bblarge\u00bb][\/vc_column][\/vc_row][vc_row][vc_column width=\u00bb1\/1&#8243;][vc_column_text] El Departament d\u2019Empresa i Treball de la Generalitat de Catalunya y las organizaciones patronales y sindicales m\u00e1s representativas de Catalu\u00f1a, cada 28 de abril conmemoran el D\u00eda Internacional de la Seguridad y Salud en el Trabajo, con la edici\u00f3n del cartel premiado del proyecto \u00abLa prevenci\u00f3n, un valor seguro\u00bb impulsado por el ICSSL dentro del programa \u00abTalento creativo y empresa\u00bb, del Departament d\u2019Educaci\u00f3 i Formaci\u00f3 Professional, dirigido a Escuelas de Artes Pl\u00e1sticas i Dise\u00f1o-EAPD. Para la conmemoraci\u00f3n del 28 de abril de 2026, se ha seleccionado el cartel \u00abEn el trabajo hay que actival el Modo Seguro\u00bb de la alumna Laia Guasch P\u00e9rez de la Escuela de Arte y Superior de Dise\u00f1o Serra i Abella. Por otro lado, cada 28 de abril, la Organizaci\u00f3n Internacional del Trabajo (OIT) conmemora el D\u00eda Mundial de la Seguridad y la Salud en el trabajo, centr\u00e1ndose en un tema relacionado con la seguridad y la salud laboral. Este a\u00f1o 2026, el tema de la campa\u00f1a de la OIT se centrar\u00e1 en los factores psicosociales y en garantizar un entorno psicosocial saludable en el trabajo. [\/vc_column_text][\/vc_column][\/vc_row][vc_row text_align=\u00bbcenter\u00bb top_padding=\u00bb40&#8243;][vc_column width=\u00bb1\/2&#8243;][vc_single_image image=\u00bb218571&#8243; img_size=\u00bbmedium\u00bb alignment=\u00bbcenter\u00bb][\/vc_column][vc_column width=\u00bb1\/2&#8243;][vc_single_image image=\u00bb217872&#8243; img_size=\u00bbmedium\u00bb alignment=\u00bbcenter\u00bb][\/vc_column][\/vc_row]<\/p>\n","protected":false},"author":15,"featured_media":218605,"comment_status":"closed","ping_status":"closed","sticky":false,"template":"","format":"standard","meta":{"_links_to":"","_links_to_target":""},"categories":[216],"tags":[],"acf":[],"wps_subtitle":"<strong>Carteles conmemorativos del d\u00eda 28 de abril de 2026<\/strong>","_links":{"self":[{"href":"https:\/\/www.foment.com\/es\/wp-json\/wp\/v2\/posts\/217863"}],"collection":[{"href":"https:\/\/www.foment.com\/es\/wp-json\/wp\/v2\/posts"}],"about":[{"href":"https:\/\/www.foment.com\/es\/wp-json\/wp\/v2\/types\/post"}],"author":[{"embeddable":true,"href":"https:\/\/www.foment.com\/es\/wp-json\/wp\/v2\/users\/15"}],"replies":[{"embeddable":true,"href":"https:\/\/www.foment.com\/es\/wp-json\/wp\/v2\/comments?post=217863"}],"version-history":[{"count":11,"href":"https:\/\/www.foment.com\/es\/wp-json\/wp\/v2\/posts\/217863\/revisions"}],"predecessor-version":[{"id":218707,"href":"https:\/\/www.foment.com\/es\/wp-json\/wp\/v2\/posts\/217863\/revisions\/218707"}],"wp:featuredmedia":[{"embeddable":true,"href":"https:\/\/www.foment.com\/es\/wp-json\/wp\/v2\/media\/218605"}],"wp:attachment":[{"href":"https:\/\/www.foment.com\/es\/wp-json\/wp\/v2\/media?parent=217863"}],"wp:term":[{"taxonomy":"category","embeddable":true,"href":"https:\/\/www.foment.com\/es\/wp-json\/wp\/v2\/categories?post=217863"},{"taxonomy":"post_tag","embeddable":true,"href":"https:\/\/www.foment.com\/es\/wp-json\/wp\/v2\/tags?post=217863"}],"curies":[{"name":"wp","href":"https:\/\/api.w.org\/{rel}","templated":true}]}}