{"id":218775,"date":"2026-04-26T15:03:00","date_gmt":"2026-04-26T13:03:00","guid":{"rendered":"https:\/\/www.foment.com\/?p=218775"},"modified":"2026-04-26T15:03:00","modified_gmt":"2026-04-26T13:03:00","slug":"el-pacte-industrial-i-aemes-smart-aposten-per-la-mobilitat-sostenible-com-a-palanca-de-desenvolupament-industrial-i-territorial","status":"publish","type":"post","link":"https:\/\/www.foment.com\/es\/el-pacte-industrial-i-aemes-smart-aposten-per-la-mobilitat-sostenible-com-a-palanca-de-desenvolupament-industrial-i-territorial\/","title":{"rendered":"El Pacte Industrial i AEMES Smart aposten per la mobilitat sostenible com a palanca de desenvolupament industrial i territorial"},"content":{"rendered":"<ul>\n<li>La jornada \u201cUn nou marc per a la mobilitat sostenible\u201d ha explorat l\u2019impacte de la nova llei i el paper clau de les estrat\u00e8gies col\u00b7laboratives per refor\u00e7ar la competitivitat empresarial i territorial<\/li>\n<li>La sessi\u00f3 ha comptat amb el suport de la Fundaci\u00f3 \u201cla Caixa\u201d, l\u2019ATM, l\u2019AMB, l\u2019Oficina Zero d\u2019AEBALL i el F\u00f2rum Ind\u00fastria de la Mobilitat Sostenible del Pacte Industrial<\/li>\n<\/ul>\n<p data-olk-copy-source=\"MessageBody\">L\u2019<strong>Auditori del Palau Macaya<\/strong> ha acollit la jornada <strong>\u201cUn nou marc per a la mobilitat sostenible\u201d<\/strong>, organitzada per\u00a0<strong>AEMES Smart<\/strong>\u00a0i el\u00a0<strong>Pacte Industrial de la Regi\u00f3 Metropolitana de Barcelona<\/strong>.<\/p>\n<p>L\u2019acte, que ha comptat amb el suport de la\u00a0<strong>Fundaci\u00f3 \u201cla Caixa\u201d<\/strong>, l\u2019<strong>ATM<\/strong>, l\u2019<strong>AMB<\/strong>, l\u2019<strong>Oficina Zero d\u2019AEBALL<\/strong>\u00a0i el\u00a0<strong>F\u00f2rum Ind\u00fastria de la Mobilitat Sostenible del Pacte Industrial<\/strong>, ha tingut com a objectiu explorar el nou escenari de la mobilitat sostenible, amb especial atenci\u00f3 a l\u2019impacte de la nova llei i al paper clau de les estrat\u00e8gies col\u00b7laboratives per refor\u00e7ar la competitivitat empresarial i territorial.<\/p>\n<p>Amb aquesta iniciativa, els organitzadors han volgut anar m\u00e9s enll\u00e0 d\u2019un simple espai de debat per consolidar una plataforma estable de reflexi\u00f3, col\u00b7laboraci\u00f3 i acci\u00f3 compartida entre els diferents agents implicats. L\u2019objectiu \u00e9s avan\u00e7ar de manera decidida cap a un model de mobilitat m\u00e9s sostenible, per\u00f2 tamb\u00e9 m\u00e9s competitiu i plenament alineat amb els reptes econ\u00f2mics, socials i ambientals que afronta el territori.<\/p>\n<p>En aquest sentit, s\u2019ha posat en relleu que la transformaci\u00f3 de la mobilitat no es pot entendre \u00fanicament des de la perspectiva de l\u2019oferta, sin\u00f3 que \u00e9s imprescindible impulsar tamb\u00e9 la demanda de solucions sostenibles. Aquest element \u00e9s clau per accelerar el desenvolupament i la consolidaci\u00f3 de l\u2019ecosistema industrial de la regi\u00f3 metropolitana de Barcelona, un entorn altament din\u00e0mic i innovador que ja est\u00e0 generant respostes concretes als nous reptes de mobilitat.<\/p>\n<p>Aquest ecosistema inclou empreses i iniciatives vinculades al desenvolupament de vehicles sostenibles, infraestructures de rec\u00e0rrega, sistemes energ\u00e8tics avan\u00e7ats i solucions intel\u00b7ligents de gesti\u00f3 de la mobilitat, entre d\u2019altres. Tot plegat configura una cadena de valor estrat\u00e8gica que no nom\u00e9s contribueix a la descarbonitzaci\u00f3, sin\u00f3 que tamb\u00e9 refor\u00e7a la competitivitat empresarial i la capacitat d\u2019atracci\u00f3 d\u2019inversions del territori.<\/p>\n<p>La jornada ha ofert\u00a0una visi\u00f3 pr\u00e0ctica i actualitzada dels canvis normatius, aix\u00ed com de les oportunitats que s\u2019obren per a les empreses i els territoris que aposten per models de mobilitat m\u00e9s eficients, innovadors i sostenibles. A trav\u00e9s de l\u2019intercanvi d\u2019experi\u00e8ncies i de bones pr\u00e0ctiques, s\u2019ha fomentat la cooperaci\u00f3 entre agents p\u00fablics i privats per impulsar solucions que generin valor econ\u00f2mic, social i ambiental.<\/p>\n<p>L\u2019acte s\u2019ha iniciat amb la benvinguda institucional a c\u00e0rrec de\u00a0<strong>Jordi Gazo,<\/strong>\u00a0vicepresident d\u2019AEMES Smart, i\u00a0<strong>Carles Rivera<\/strong>, coordinador gerent del Pacte Industrial. Seguidament,\u00a0<strong>Susi L\u00f3pez<\/strong>, directora general de Transports i Mobilitat de la Generalitat de Catalunya, ha ofert una pon\u00e8ncia sobre la nova llei i el marc normatiu de la mobilitat.<\/p>\n<p><strong>Jordi Gazo<\/strong>\u00a0ha destacat que \u201cen un moment en qu\u00e8 la transici\u00f3 energ\u00e8tica i la descarbonitzaci\u00f3 del transport s\u00f3n una prioritat,\u00a0<strong>\u00e9s imprescindible que tots els actors implicats treballem alineats i amb una visi\u00f3 compartida. La nova normativa ens marca el cam\u00ed, per\u00f2 som nosaltres \u2013des del territori i des de la ind\u00fastria\u2013 qui hem de transformar-la en resultats tangibles<\/strong>\u201d.<\/p>\n<p><strong>Carles Rivera<\/strong>\u00a0ha assenyalat que\u00a0<strong>\u201ctenim l\u2019objectiu compartit que la mobilitat sostenible no sigui nom\u00e9s una exig\u00e8ncia normativa, sin\u00f3 una aut\u00e8ntica palanca de transformaci\u00f3 econ\u00f2mica, territorial i social\u201d<\/strong>. En aquest sentit, ha afegit que\u201cel m\u00f3n local hi t\u00e9 un paper fonamental: els ajuntaments i les administracions de proximitat s\u00f3n una pe\u00e7a clau per aterrar les pol\u00edtiques de mobilitat i convertir-les en millores tangibles, en col\u00b7laboraci\u00f3 amb les empreses\u201d.<\/p>\n<p>La jornada ha incl\u00f2s dues taules rodones. La primera, centrada en solucions per adaptar les empreses a la nova normativa, que ha comptat amb representants de\u00a0<strong>SEAT &amp; CUPRA (Lourdes Bueno)<\/strong>,\u00a0<strong>EURECAT (Laia Garriga)<\/strong>,\u00a0<strong>Floox (Jordi Gazo)<\/strong>,\u00a0<strong>BBVA (Carlos Mart\u00ednez)<\/strong>\u00a0i\u00a0<strong>Boehringer Ingelheim (M\u00f3nica S\u00e1nchez)<\/strong>, moderada per\u00a0<strong>Joan Guzman (Eclipse Partners)<\/strong>. La segona ha abordat els reptes i estrat\u00e8gies de les administracions locals per millorar la mobilitat laboral, amb la participaci\u00f3 de la\u00a0<strong>Diputaci\u00f3 de Barcelona (Jordi Boixader)<\/strong>, l\u2019<strong>AMB (Marc Iglesias), l&#8217;Ajuntament de Granollers (Laura Llavina)\u00a0<\/strong>i<strong>\u00a0l&#8217;Ajuntament de l&#8217;Hospitalet de Llobregat (Marc Segura)<\/strong>, sota la moderaci\u00f3 d\u2019<strong>Omar Minguill\u00f3n (Pacte Industrial i UGT de Catalunya).<\/strong><\/p>\n<p>A m\u00e9s, s\u2019ha presentat el nou\u00a0<strong>Pla Director de Mobilitat (pdM) 2026-2031<\/strong>, a c\u00e0rrec de\u00a0<strong>Manuel Vald\u00e9s<\/strong>\u00a0<strong>(ATM)<\/strong>, i el\u00a0<strong>Pla Metropolit\u00e0 de Mobilitat Urbana (PMMU) 2025-2030<\/strong>, de la m\u00e0 de\u00a0<strong>Maite P\u00e9rez<\/strong>\u00a0<strong>(AMB)<\/strong>, destacant les oportunitats que aquests instruments ofereixen al teixit empresarial.<\/p>\n<p>La jornada ha finalitzat amb un resum i l\u00ednies d\u2019acci\u00f3 a futur per part de\u00a0<strong>Neus Olea<\/strong>, directora d\u2019<strong>AEMES Smart<\/strong>.<\/p>\n","protected":false},"excerpt":{"rendered":"<p>La jornada \u201cUn nou marc per a la mobilitat sostenible\u201d ha explorat l\u2019impacte de la nova llei i el paper clau de les estrat\u00e8gies col\u00b7laboratives per refor\u00e7ar la competitivitat empresarial i territorial La sessi\u00f3 ha comptat amb el suport de la Fundaci\u00f3 \u201cla Caixa\u201d, l\u2019ATM, l\u2019AMB, l\u2019Oficina Zero d\u2019AEBALL i el F\u00f2rum Ind\u00fastria de la Mobilitat Sostenible del Pacte Industrial L\u2019Auditori del Palau Macaya ha acollit la jornada \u201cUn nou marc per a la mobilitat sostenible\u201d, organitzada per\u00a0AEMES Smart\u00a0i el\u00a0Pacte Industrial de la Regi\u00f3 Metropolitana de Barcelona. L\u2019acte, que ha comptat amb el suport de la\u00a0Fundaci\u00f3 \u201cla Caixa\u201d, l\u2019ATM, l\u2019AMB, l\u2019Oficina Zero d\u2019AEBALL\u00a0i el\u00a0F\u00f2rum Ind\u00fastria de la Mobilitat Sostenible del Pacte Industrial, ha tingut com a objectiu explorar el nou escenari de la mobilitat sostenible, amb especial atenci\u00f3 a l\u2019impacte de la nova llei i al paper clau de les estrat\u00e8gies col\u00b7laboratives per refor\u00e7ar la competitivitat empresarial i territorial. Amb aquesta iniciativa, els organitzadors han volgut anar m\u00e9s enll\u00e0 d\u2019un simple espai de debat per consolidar una plataforma estable de reflexi\u00f3, col\u00b7laboraci\u00f3 i acci\u00f3 compartida entre els diferents agents implicats. L\u2019objectiu \u00e9s avan\u00e7ar de manera decidida cap a un model de mobilitat m\u00e9s sostenible, per\u00f2 tamb\u00e9 m\u00e9s competitiu i plenament [&hellip;]<\/p>\n","protected":false},"author":281,"featured_media":218772,"comment_status":"closed","ping_status":"closed","sticky":false,"template":"","format":"standard","meta":{"_links_to":"","_links_to_target":""},"categories":[8407],"tags":[],"acf":[],"wps_subtitle":"","_links":{"self":[{"href":"https:\/\/www.foment.com\/es\/wp-json\/wp\/v2\/posts\/218775"}],"collection":[{"href":"https:\/\/www.foment.com\/es\/wp-json\/wp\/v2\/posts"}],"about":[{"href":"https:\/\/www.foment.com\/es\/wp-json\/wp\/v2\/types\/post"}],"author":[{"embeddable":true,"href":"https:\/\/www.foment.com\/es\/wp-json\/wp\/v2\/users\/281"}],"replies":[{"embeddable":true,"href":"https:\/\/www.foment.com\/es\/wp-json\/wp\/v2\/comments?post=218775"}],"version-history":[{"count":1,"href":"https:\/\/www.foment.com\/es\/wp-json\/wp\/v2\/posts\/218775\/revisions"}],"predecessor-version":[{"id":218776,"href":"https:\/\/www.foment.com\/es\/wp-json\/wp\/v2\/posts\/218775\/revisions\/218776"}],"wp:featuredmedia":[{"embeddable":true,"href":"https:\/\/www.foment.com\/es\/wp-json\/wp\/v2\/media\/218772"}],"wp:attachment":[{"href":"https:\/\/www.foment.com\/es\/wp-json\/wp\/v2\/media?parent=218775"}],"wp:term":[{"taxonomy":"category","embeddable":true,"href":"https:\/\/www.foment.com\/es\/wp-json\/wp\/v2\/categories?post=218775"},{"taxonomy":"post_tag","embeddable":true,"href":"https:\/\/www.foment.com\/es\/wp-json\/wp\/v2\/tags?post=218775"}],"curies":[{"name":"wp","href":"https:\/\/api.w.org\/{rel}","templated":true}]}}