{"id":218863,"date":"2026-04-27T14:12:02","date_gmt":"2026-04-27T12:12:02","guid":{"rendered":"https:\/\/www.foment.com\/?p=218863"},"modified":"2026-04-27T14:12:02","modified_gmt":"2026-04-27T12:12:02","slug":"quan-els-riscos-globals-esdevenen-riscos-locals-foment-i-linstitut-cerda-obren-un-cicle-per-reforcar-la-preparacio-empresarial","status":"publish","type":"post","link":"https:\/\/www.foment.com\/es\/quan-els-riscos-globals-esdevenen-riscos-locals-foment-i-linstitut-cerda-obren-un-cicle-per-reforcar-la-preparacio-empresarial\/","title":{"rendered":"Quan els riscos globals esdevenen riscos locals: Foment i l\u2019Institut Cerd\u00e0 obren un cicle per refor\u00e7ar la preparaci\u00f3 empresarial"},"content":{"rendered":"<p data-start=\"134\" data-end=\"415\">Foment del Treball, de la m\u00e0 de <strong>l\u2019Institut Cerd\u00e0<\/strong>, ha celebrat la primera sessi\u00f3 del cicle \u00abEmpreses preparades: claus per anticipar i gestionar riscos\u00bb, sota el t\u00edtol <strong>\u00abQuan els riscos globals esdevenen riscos locals: de la guerra de l\u2019Iran a la prosperitat de Catalunya\u00bb<\/strong>.<\/p>\n<p data-start=\"417\" data-end=\"1151\">En un entorn en qu\u00e8 els riscos evolucionen r\u00e0pid i sovint s\u2019entrecreuen, el cicle -format per <strong data-start=\"511\" data-end=\"528\">tres sessions-<\/strong> neix amb l\u2019objectiu de combinar una mirada informada sobre els principals riscos per a les empreses amb una aproximaci\u00f3 pr\u00e0ctica basada en experi\u00e8ncies, eines i bones pr\u00e0ctiques.<\/p>\n<p data-start=\"417\" data-end=\"1151\">En concret, aquesta primera sessi\u00f3 ha oferit una visi\u00f3 general del <strong data-start=\"782\" data-end=\"809\">panorama de riscos 2026<\/strong> a partir dels resultats de l\u2019<strong data-start=\"839\" data-end=\"883\">Observatori de Riscos per a les Empreses<\/strong> que l\u2019Institut Cerd\u00e0 elabora anualment des del 2022, mentre que les properes sessions aprofundiran, respectivament, en els riscos vinculats al m\u00f3n digital i en els derivats del context geopol\u00edtic amb impacte directe en mercats, cadenes de subministrament i operativa.<\/p>\n<h4 data-start=\"1153\" data-end=\"1237\"><span style=\"color: #d12238;\">Del panorama 2026 a l\u2019impacte operatiu: quan el lluny\u00e0 incideix en el dia a dia<\/span><\/h4>\n<p data-start=\"1239\" data-end=\"1552\">Posteriorment a la benvinguda de <strong data-start=\"1272\" data-end=\"1294\">Salvador Guillermo<\/strong>, director d\u2019Estudis i Economia de Foment del Treball, <strong data-start=\"1349\" data-end=\"1364\">Pere Torres<\/strong>, conseller de l\u2019Institut Cerd\u00e0 i director de l\u2019Observatori de Riscos, ha presentat com la inestabilitat del context actual intensifica alguns dels principals riscos previstos per al 2026.<\/p>\n<p data-start=\"1554\" data-end=\"1996\">En aquesta an\u00e0lisi, s\u2019han destacat riscos com les <strong data-start=\"1604\" data-end=\"1663\">guerres comercials i el ressorgiment del proteccionisme<\/strong>, la <strong data-start=\"1668\" data-end=\"1716\">fragilitat de les cadenes de subministrament<\/strong>, la insufici\u00e8ncia de les mesures d\u2019adaptaci\u00f3 i mitigaci\u00f3 davant el canvi clim\u00e0tic, i l\u2019augment de la dimensi\u00f3 i complexitat dels reptes de la <strong data-start=\"1859\" data-end=\"1877\">ciberseguretat<\/strong>, amb impactes directes sobre la presa de decisions, el prove\u00efment, els costos, els processos operatius i la confian\u00e7a.<\/p>\n<p data-start=\"1998\" data-end=\"2147\">A continuaci\u00f3, la sessi\u00f3 ha incorporat una <strong data-start=\"2041\" data-end=\"2072\">enquesta mitjan\u00e7ant codi QR<\/strong> per recollir percepcions i contrastar-les amb el marc de riscos presentat.<\/p>\n<h4 data-start=\"2149\" data-end=\"2243\"><span style=\"color: #d12238;\">Taula rodona empresarial: mapes de riscos, governan\u00e7a i aprenentatges<\/span><\/h4>\n<p data-start=\"2245\" data-end=\"2519\">Tot seguit, la jornada ha posat el focus en la pr\u00e0ctica amb una taula rodona centrada en <strong data-start=\"2334\" data-end=\"2390\">com es dissenyen i s\u2019actualitzen els mapes de riscos<\/strong>, qu\u00e8 ha funcionat quan s\u2019ha produ\u00eft una crisi o un incident i qu\u00e8 canvia en la resposta quan es materialitza un risc no previst.<\/p>\n<p data-start=\"2521\" data-end=\"2859\">Hi han participat <strong data-start=\"2539\" data-end=\"2555\">Raul Anguita<\/strong>, director d\u2019operacions territorials de Nedgia; <strong data-start=\"2603\" data-end=\"2619\">Eduard Filba<\/strong>, cap d\u2019equip d\u2019auditoria interna i control de riscos de Celsa, i <strong data-start=\"2685\" data-end=\"2700\">Ian Livesey<\/strong>, director de la divisi\u00f3 B2B i B2C de Moventis, amb la moderaci\u00f3 de <strong data-start=\"2768\" data-end=\"2785\">Marta Bellera<\/strong>, directora de l\u2019\u00e0rea de riscos, crisis i resili\u00e8ncia de l\u2019Institut Cerd\u00e0.<\/p>\n<p data-start=\"2861\" data-end=\"3189\">En aquest bloc, s\u2019ha remarcat la necessitat d\u2019enfortir la preparaci\u00f3 empresarial en un escenari d\u2019impredictibilitat, amb l\u2019atenci\u00f3 posada en elements com l\u2019an\u00e0lisi de riscos i vulnerabilitats, la selecci\u00f3 d\u2019escenaris plausibles, la governan\u00e7a del risc i l\u2019emerg\u00e8ncia, i la dotaci\u00f3 de recursos, formaci\u00f3 i sistemes de vigil\u00e0ncia.<\/p>\n<p data-start=\"3191\" data-end=\"3292\" data-is-last-node=\"\" data-is-only-node=\"\">Finalment, la cloenda ha anat a c\u00e0rrec de <strong data-start=\"3233\" data-end=\"3253\">Miguel Hern\u00e1ndez<\/strong>, director general de l\u2019Institut Cerd\u00e0.<\/p>\n<div class=\"flexslider wpb_content_element\"><ul class=\"slides\"><li><img src=\"https:\/\/www.foment.com\/wp-content\/uploads\/2026\/04\/DSC_0727-scaled.jpg\" alt=\"\" \/><\/li><li><img src=\"https:\/\/www.foment.com\/wp-content\/uploads\/2026\/04\/DSC_0735-scaled.jpg\" alt=\"\" \/><\/li><li><img src=\"https:\/\/www.foment.com\/wp-content\/uploads\/2026\/04\/DSC_0785-scaled.jpg\" alt=\"\" \/><\/li><li><img src=\"https:\/\/www.foment.com\/wp-content\/uploads\/2026\/04\/DSC_0840-scaled.jpg\" alt=\"\" \/><\/li><li><img src=\"https:\/\/www.foment.com\/wp-content\/uploads\/2026\/04\/DSC_0857-scaled.jpg\" alt=\"\" \/><\/li><li><img src=\"https:\/\/www.foment.com\/wp-content\/uploads\/2026\/04\/DSC_0871-scaled.jpg\" alt=\"\" \/><\/li><li><img src=\"https:\/\/www.foment.com\/wp-content\/uploads\/2026\/04\/DSC_0925-scaled.jpg\" alt=\"\" \/><\/li><li><img src=\"https:\/\/www.foment.com\/wp-content\/uploads\/2026\/04\/DSC_0875-scaled.jpg\" alt=\"\" \/><\/li><li><img src=\"https:\/\/www.foment.com\/wp-content\/uploads\/2026\/04\/DSC_0896-scaled.jpg\" alt=\"\" \/><\/li><li><img src=\"https:\/\/www.foment.com\/wp-content\/uploads\/2026\/04\/DSC_0879-scaled.jpg\" alt=\"\" \/><\/li><li><img src=\"https:\/\/www.foment.com\/wp-content\/uploads\/2026\/04\/DSC_0963-scaled.jpg\" alt=\"\" \/><\/li><\/ul><\/div>\n","protected":false},"excerpt":{"rendered":"<p>Foment del Treball, de la m\u00e0 de l\u2019Institut Cerd\u00e0, ha celebrat la primera sessi\u00f3 del cicle \u00abEmpreses preparades: claus per anticipar i gestionar riscos\u00bb, sota el t\u00edtol \u00abQuan els riscos globals esdevenen riscos locals: de la guerra de l\u2019Iran a la prosperitat de Catalunya\u00bb. En un entorn en qu\u00e8 els riscos evolucionen r\u00e0pid i sovint s\u2019entrecreuen, el cicle -format per tres sessions- neix amb l\u2019objectiu de combinar una mirada informada sobre els principals riscos per a les empreses amb una aproximaci\u00f3 pr\u00e0ctica basada en experi\u00e8ncies, eines i bones pr\u00e0ctiques. En concret, aquesta primera sessi\u00f3 ha oferit una visi\u00f3 general del panorama de riscos 2026 a partir dels resultats de l\u2019Observatori de Riscos per a les Empreses que l\u2019Institut Cerd\u00e0 elabora anualment des del 2022, mentre que les properes sessions aprofundiran, respectivament, en els riscos vinculats al m\u00f3n digital i en els derivats del context geopol\u00edtic amb impacte directe en mercats, cadenes de subministrament i operativa. Del panorama 2026 a l\u2019impacte operatiu: quan el lluny\u00e0 incideix en el dia a dia Posteriorment a la benvinguda de Salvador Guillermo, director d\u2019Estudis i Economia de Foment del Treball, Pere Torres, conseller de l\u2019Institut Cerd\u00e0 i director de l\u2019Observatori de Riscos, ha presentat com [&hellip;]<\/p>\n","protected":false},"author":281,"featured_media":218834,"comment_status":"closed","ping_status":"closed","sticky":false,"template":"","format":"standard","meta":{"_links_to":"","_links_to_target":""},"categories":[8407],"tags":[],"acf":[],"wps_subtitle":"","_links":{"self":[{"href":"https:\/\/www.foment.com\/es\/wp-json\/wp\/v2\/posts\/218863"}],"collection":[{"href":"https:\/\/www.foment.com\/es\/wp-json\/wp\/v2\/posts"}],"about":[{"href":"https:\/\/www.foment.com\/es\/wp-json\/wp\/v2\/types\/post"}],"author":[{"embeddable":true,"href":"https:\/\/www.foment.com\/es\/wp-json\/wp\/v2\/users\/281"}],"replies":[{"embeddable":true,"href":"https:\/\/www.foment.com\/es\/wp-json\/wp\/v2\/comments?post=218863"}],"version-history":[{"count":1,"href":"https:\/\/www.foment.com\/es\/wp-json\/wp\/v2\/posts\/218863\/revisions"}],"predecessor-version":[{"id":218864,"href":"https:\/\/www.foment.com\/es\/wp-json\/wp\/v2\/posts\/218863\/revisions\/218864"}],"wp:featuredmedia":[{"embeddable":true,"href":"https:\/\/www.foment.com\/es\/wp-json\/wp\/v2\/media\/218834"}],"wp:attachment":[{"href":"https:\/\/www.foment.com\/es\/wp-json\/wp\/v2\/media?parent=218863"}],"wp:term":[{"taxonomy":"category","embeddable":true,"href":"https:\/\/www.foment.com\/es\/wp-json\/wp\/v2\/categories?post=218863"},{"taxonomy":"post_tag","embeddable":true,"href":"https:\/\/www.foment.com\/es\/wp-json\/wp\/v2\/tags?post=218863"}],"curies":[{"name":"wp","href":"https:\/\/api.w.org\/{rel}","templated":true}]}}