{"id":218896,"date":"2026-04-27T17:54:54","date_gmt":"2026-04-27T15:54:54","guid":{"rendered":"https:\/\/www.foment.com\/?p=218896"},"modified":"2026-04-27T17:54:54","modified_gmt":"2026-04-27T15:54:54","slug":"el-projecte-manso-tanca-amb-avencos-clau-en-la-gestio-del-sol-i-la-vinya-davant-la-sequera-i-el-canvi-climatic","status":"publish","type":"post","link":"https:\/\/www.foment.com\/es\/el-projecte-manso-tanca-amb-avencos-clau-en-la-gestio-del-sol-i-la-vinya-davant-la-sequera-i-el-canvi-climatic\/","title":{"rendered":"El projecte MANSO tanca amb aven\u00e7os clau en la gesti\u00f3 del s\u00f2l i la vinya davant la sequera i el canvi clim\u00e0tic"},"content":{"rendered":"<ul>\n<li>El projecte valida estrat\u00e8gies innovadores de gesti\u00f3 del s\u00f2l i la vinya per millorar l\u2019efici\u00e8ncia h\u00eddrica<\/li>\n<li>La col\u00b7laboraci\u00f3 entre cellers i centres de recerca es consolida com a element essencial per a la transfer\u00e8ncia de coneixement al sector vitivin\u00edcola<\/li>\n<\/ul>\n<p>El <a href=\"https:\/\/www.youtube.com\/watch?v=8mhhBIdxDsc\" target=\"_blank\" rel=\"noopener\">projecte MANSO<\/a> (MAneig del S\u00d2l i vinya per a la lluita contra la sequera) arriba a la seva fase final despr\u00e9s d\u2019un per\u00edode de recerca aplicada orientat a analitzar i comparar diferents estrat\u00e8gies de gesti\u00f3 del s\u00f2l i de la vinya en un context de sequera extrema. La iniciativa neix de la situaci\u00f3 d\u2019estr\u00e8s h\u00eddric sever que va afectar el sector vitivin\u00edcola, amb vinyes que van mostrar debilitament i, en alguns casos, mortalitat de plantes, fet que va evidenciar la necessitat de generar coneixement cient\u00edfic aplicat per fer front als efectes del canvi clim\u00e0tic.<\/p>\n<p>El projecte s\u2019ha centrat a comprendre amb precisi\u00f3 la din\u00e0mica de l\u2019aigua al s\u00f2l i la seva interacci\u00f3 amb la vinya, especialment en sistemes de sec\u00e0. Davant la manca de dades robustes que validessin les diferents pr\u00e0ctiques de maneig existents, la iniciativa ha incorporat una forta component tecnol\u00f2gica, amb la instal\u00b7laci\u00f3 de sensors que han perm\u00e8s monitorar de manera cont\u00ednua el s\u00f2l, la planta i les condicions ambientals, aportant una visi\u00f3 m\u00e9s precisa del funcionament del sistema vit\u00edcola en situacions de sequera.<\/p>\n<p>Una de les principals l\u00ednies de treball ha estat la comparaci\u00f3 de diferents t\u00e8cniques de gesti\u00f3 del s\u00f2l, amb especial atenci\u00f3 a la introducci\u00f3 de cobertes vegetals. Aquesta pr\u00e0ctica s\u2019ha analitzat com una eina capa\u00e7 de millorar l\u2019estructura del s\u00f2l, augmentar la biodiversitat, reduir l\u2019erosi\u00f3 i optimitzar la gesti\u00f3 de l\u2019aigua, a m\u00e9s de contribuir a una major efici\u00e8ncia energ\u00e8tica i sostenibilitat del sistema agrari. Els resultats obtinguts confirmen el seu potencial per augmentar la resili\u00e8ncia de la vinya davant escenaris de sequera cada cop m\u00e9s freq\u00fcents.<\/p>\n<p>Des de l\u2019\u00e0mbit de la recerca, es destaca el valor de disposar de dades s\u00f2lides per transformar la presa de decisions a la vinya. Alba Marco, t\u00e8cnica de la Universitat Rovira i Virgili, assenyala que \u201camb les dades podem deixar enrere la intu\u00efci\u00f3 i treballar amb una base cient\u00edfica s\u00f2lida. La sequera afecta tant el creixement de la vinya com la qualitat del ra\u00efm, incidint en par\u00e0metres com l\u2019acidesa o els sucres\u201d. En la mateixa l\u00ednia, \u00c1lvaro Villodres, de l\u2019IRTA, destaca el car\u00e0cter estrat\u00e8gic del projecte i la seva projecci\u00f3 futura, afirmant que \u201caquests assajos poden ser una refer\u00e8ncia per al sector a mitj\u00e0 i llarg termini i ajudar a transformar la gesti\u00f3 de la vinya\u201d. Villodres afegeix que \u201cles cobertes vegetals aporten beneficis estructurals i ambientals en qualsevol escenari clim\u00e0tic\u201d.<\/p>\n<p>Llu\u00eds Giralt, investigador de la secci\u00f3 de viticultura de l\u2019INCAVI, subratlla que \u201cel projecte ha desplegat una infraestructura tecnol\u00f2gica amb sensors que aporten informaci\u00f3 detallada del sistema s\u00f2l-planta-atmosfera\u201d. Tamb\u00e9 destaca que \u201c\u00e9s un projecte orientat a la vinya de sec\u00e0, on entendre la disponibilitat d\u2019aigua \u00e9s clau per a la seva sostenibilitat futura\u201d.<\/p>\n<p>Des del sector productiu, els cellers participants coincideixen a valorar positivament l\u2019aplicaci\u00f3 pr\u00e0ctica dels resultats, especialment per la millora en la presa de decisions a la vinya. Oscar Llombart (Bodegues Sumarroca) assenyala que \u201c\u00e9s imprescindible entendre millor el s\u00f2l per optimitzar els recursos h\u00eddrics disponibles durant l\u2019any\u201d. \u00c0lex Torell\u00f3 (Celler Kripta) destaca que \u201ccal aprendre a interpretar el s\u00f2l i les dades per prendre millors decisions a la vinya\u201d. Per la seva banda, Llu\u00eds Coll (Masia Vallformosa) posa en valor l\u2019impacte del projecte en la qualitat del producte final, afirmant que \u201caquests projectes permeten assessorar millor els viticultors i assegurar la qualitat i el moment \u00f2ptim de collita\u201d.<\/p>\n<p>En la mateixa l\u00ednia, el sector productiu tamb\u00e9 destaca la necessitat de donar continu\u00eftat a aquestes iniciatives per consolidar resultats i ampliar-ne l\u2019abast. Pere Llopart (Llopart) subratlla que \u201cels resultats en viticultura requereixen temps i cal continuar el projecte per obtenir m\u00e9s dades\u201d. Josep Jim\u00e9nez Garcia (Juv\u00e9 &amp; Camps) posa en relleu el canvi conceptual que ha implicat el projecte, afirmant que \u201chem fet un canvi de paradigma: hem aplicat criteris de regadiu a la viticultura de sec\u00e0\u201d.<\/p>\n<p>El projecte, coordinat per INNOVI i amb la participaci\u00f3 dels cellers Bodegues Sumarroca, Celler Kripta, Juv\u00e9&amp;Camps, Masia Vallformosa i Llopart, juntament amb els centres IRTA, INCAVI i la Universitat Rovira i Virgili, amb la col\u00b7laboraci\u00f3 d\u2019AECAVA, ha perm\u00e8s refor\u00e7ar la connexi\u00f3 entre recerca cient\u00edfica i sector productiu. Cofinan\u00e7at per la Uni\u00f3 Europea a trav\u00e9s de la intervenci\u00f3 7161 del Pla estrat\u00e8gic de la PAC (PEPAC) 2023-2027, aquest projecte pilot innovador es consolida com una eina clau per avan\u00e7ar cap a una viticultura m\u00e9s sostenible, eficient i preparada per als reptes clim\u00e0tics del futur.<\/p>\n<p>V\u00eddeo informatiu amb les conclusions: <a href=\"https:\/\/www.youtube.com\/watch?v=8mhhBIdxDsc\">Projecte MANSO: El MAneig del S\u00d2l i vinya per a la lluita contra la sequera<\/a><div class=\"flexslider wpb_content_element\"><ul class=\"slides\"><li><img src=\"https:\/\/www.foment.com\/wp-content\/uploads\/2026\/04\/MANSO-5-scaled.jpg\" alt=\"\" \/><\/li><li><img src=\"https:\/\/www.foment.com\/wp-content\/uploads\/2026\/04\/MANSO.-Foto-2-scaled.jpg\" alt=\"\" \/><\/li><li><img src=\"https:\/\/www.foment.com\/wp-content\/uploads\/2026\/04\/MANSO.-Foto-3.jpg\" alt=\"\" \/><\/li><\/ul><\/div>\n","protected":false},"excerpt":{"rendered":"<p>El projecte valida estrat\u00e8gies innovadores de gesti\u00f3 del s\u00f2l i la vinya per millorar l\u2019efici\u00e8ncia h\u00eddrica La col\u00b7laboraci\u00f3 entre cellers i centres de recerca es consolida com a element essencial per a la transfer\u00e8ncia de coneixement al sector vitivin\u00edcola El projecte MANSO (MAneig del S\u00d2l i vinya per a la lluita contra la sequera) arriba a la seva fase final despr\u00e9s d\u2019un per\u00edode de recerca aplicada orientat a analitzar i comparar diferents estrat\u00e8gies de gesti\u00f3 del s\u00f2l i de la vinya en un context de sequera extrema. La iniciativa neix de la situaci\u00f3 d\u2019estr\u00e8s h\u00eddric sever que va afectar el sector vitivin\u00edcola, amb vinyes que van mostrar debilitament i, en alguns casos, mortalitat de plantes, fet que va evidenciar la necessitat de generar coneixement cient\u00edfic aplicat per fer front als efectes del canvi clim\u00e0tic. El projecte s\u2019ha centrat a comprendre amb precisi\u00f3 la din\u00e0mica de l\u2019aigua al s\u00f2l i la seva interacci\u00f3 amb la vinya, especialment en sistemes de sec\u00e0. Davant la manca de dades robustes que validessin les diferents pr\u00e0ctiques de maneig existents, la iniciativa ha incorporat una forta component tecnol\u00f2gica, amb la instal\u00b7laci\u00f3 de sensors que han perm\u00e8s monitorar de manera cont\u00ednua el s\u00f2l, la planta i les [&hellip;]<\/p>\n","protected":false},"author":281,"featured_media":218885,"comment_status":"closed","ping_status":"closed","sticky":false,"template":"","format":"standard","meta":{"_links_to":"","_links_to_target":""},"categories":[8407],"tags":[],"acf":[],"wps_subtitle":"","_links":{"self":[{"href":"https:\/\/www.foment.com\/es\/wp-json\/wp\/v2\/posts\/218896"}],"collection":[{"href":"https:\/\/www.foment.com\/es\/wp-json\/wp\/v2\/posts"}],"about":[{"href":"https:\/\/www.foment.com\/es\/wp-json\/wp\/v2\/types\/post"}],"author":[{"embeddable":true,"href":"https:\/\/www.foment.com\/es\/wp-json\/wp\/v2\/users\/281"}],"replies":[{"embeddable":true,"href":"https:\/\/www.foment.com\/es\/wp-json\/wp\/v2\/comments?post=218896"}],"version-history":[{"count":1,"href":"https:\/\/www.foment.com\/es\/wp-json\/wp\/v2\/posts\/218896\/revisions"}],"predecessor-version":[{"id":218897,"href":"https:\/\/www.foment.com\/es\/wp-json\/wp\/v2\/posts\/218896\/revisions\/218897"}],"wp:featuredmedia":[{"embeddable":true,"href":"https:\/\/www.foment.com\/es\/wp-json\/wp\/v2\/media\/218885"}],"wp:attachment":[{"href":"https:\/\/www.foment.com\/es\/wp-json\/wp\/v2\/media?parent=218896"}],"wp:term":[{"taxonomy":"category","embeddable":true,"href":"https:\/\/www.foment.com\/es\/wp-json\/wp\/v2\/categories?post=218896"},{"taxonomy":"post_tag","embeddable":true,"href":"https:\/\/www.foment.com\/es\/wp-json\/wp\/v2\/tags?post=218896"}],"curies":[{"name":"wp","href":"https:\/\/api.w.org\/{rel}","templated":true}]}}