{"id":218906,"date":"2026-04-28T12:09:33","date_gmt":"2026-04-28T10:09:33","guid":{"rendered":"https:\/\/www.foment.com\/?p=218906"},"modified":"2026-04-28T15:03:39","modified_gmt":"2026-04-28T13:03:39","slug":"foment-del-treball-reclama-desde-bruselas-mantener-la-garantia-de-suministro-de-energia-electrica-que-proporciona-la-energia-nuclear","status":"publish","type":"post","link":"https:\/\/www.foment.com\/es\/foment-del-treball-reclama-desde-bruselas-mantener-la-garantia-de-suministro-de-energia-electrica-que-proporciona-la-energia-nuclear\/","title":{"rendered":"Foment del Treball reclama desde Bruselas mantener la garant\u00eda de suministro de energ\u00eda el\u00e9ctrica que proporciona la energ\u00eda nuclear"},"content":{"rendered":"<section class=\"wpb-content-wrapper\"><p>[vc_row][vc_column width=\u00bb1\/1&#8243;][vc_column_text]<\/p>\n<ul>\n<li>La patronal defiende que la neutralidad clim\u00e1tica solo ser\u00e1 viable si se garantiza una energ\u00eda estable, asequible y previsible para la industria<\/li>\n<li>Foment pide decisiones inmediatas en materia de redes, cogeneraci\u00f3n, gases renovables y continuidad de las tecnolog\u00edas que hoy aseguran el suministro<\/li>\n<\/ul>\n<p>Una delegaci\u00f3n de Foment del Treball encabezada por su presidente, <strong>Josep S\u00e1nchez Llibre<\/strong>, ha trasladado hoy a las instituciones europeas, un a\u00f1o despu\u00e9s del gran apag\u00f3n que vivi\u00f3 Espa\u00f1a, la necesidad de revisar la ejecuci\u00f3n de la transici\u00f3n energ\u00e9tica para que sea compatible con la competitividad industrial, la seguridad de suministro y el objetivo de neutralidad clim\u00e1tica. En concreto, Foment <strong>ha reclamado mantener la garant\u00eda de suministro de energ\u00eda el\u00e9ctrica que proporciona la energ\u00eda nuclear. Para ello, es necesario evitar la parada y el desmantelamiento de centrales nucleares en Espa\u00f1a como las de Almaraz, Trillo, Cofrentes, Vandell\u00f3s y Asc\u00f3.<\/strong><\/p>\n<p>En el actual contexto de tensi\u00f3n geopol\u00edtica y volatilidad de los mercados energ\u00e9ticos, la extensi\u00f3n de la vida \u00fatil de las centrales nucleares tendr\u00eda un impacto claramente positivo sobre la econom\u00eda espa\u00f1ola. <strong>Permitir\u00eda contener el precio de la electricidad, con un ahorro de casi 8.000 millones de euros anuales para los consumidores. Adem\u00e1s, evitar\u00eda un aumento de la factura el\u00e9ctrica del 23% para hogares y pymes y del 35% para la industria<\/strong>, reforzar\u00eda la garant\u00eda de suministro, reducir\u00eda la dependencia del gas y preservar\u00eda la actividad y el empleo cualificado. Tambi\u00e9n evitar\u00eda 21 millones de toneladas de CO2 anuales y m\u00e1s de 1.300 millones de euros en costes asociados a un mayor nivel de emisiones.<\/p>\n<p>Foment comparte plenamente el objetivo europeo de descarbonizaci\u00f3n, pero advierte de que esta transici\u00f3n no puede hacerse a costa de debilitar el tejido productivo. La industria necesita energ\u00eda limpia, s\u00ed, pero tambi\u00e9n energ\u00eda disponible, competitiva y previsible. Sin esta garant\u00eda, se pone en riesgo la inversi\u00f3n industrial, el empleo y la capacidad de reindustrializaci\u00f3n. Para S\u00e1nchez Llibre, <strong>\u201cno podemos esperar m\u00e1s para anunciar la ampliaci\u00f3n del ciclo productivo de las centrales nucleares existentes\u201d<\/strong>, y ha a\u00f1adido que <strong>\u201cqueremos descarbonizar la industria, no desindustrializar el pa\u00eds\u201d<\/strong>.<\/p>\n<p>Desde Bruselas, Foment ha reclamado a las instituciones europeas que refuercen la coordinaci\u00f3n energ\u00e9tica entre los Estados miembros y que impulsen un marco comunitario que aporte estabilidad regulatoria, contratos a largo plazo, menor volatilidad de precios y m\u00e1s facilidades para las inversiones industriales vinculadas a la descarbonizaci\u00f3n.<\/p>\n<p>Asimismo, insta a los gobiernos espa\u00f1ol y catal\u00e1n a adoptar las decisiones necesarias para dar seguridad al tejido productivo. En particular, Foment considera prioritario:<\/p>\n<ul>\n<li><strong>Garantizar un marco de continuidad para las infraestructuras de generaci\u00f3n<\/strong> que hoy aseguran el suministro en Catalu\u00f1a durante la transici\u00f3n.<\/li>\n<li><strong>Acelerar las inversiones en red y las interconexiones<\/strong> el\u00e9ctricas estrat\u00e9gicas.<\/li>\n<li><strong>Aprobar los instrumentos pendientes para impulsar la cogeneraci\u00f3n<\/strong>, clave para numerosos sectores industriales.<\/li>\n<li><strong>Fomentar el desarrollo del biog\u00e1s y del biometano<\/strong> para los procesos dif\u00edciles de electrificar.<\/li>\n<li><strong>Integrar definitivamente la pol\u00edtica energ\u00e9tica y la pol\u00edtica industrial<\/strong> en una misma estrategia de pa\u00eds.<\/li>\n<\/ul>\n<p>En Catalu\u00f1a, <strong>el Govern debe pedir al Gobierno central la ampliaci\u00f3n del ciclo productivo de las tres centrales nucleares operativas en el territorio<\/strong>, que producen el 60% de la energ\u00eda el\u00e9ctrica consumida en Catalu\u00f1a (20% de media en Espa\u00f1a). Hace falta previsibilidad y garant\u00eda de suministro para que la industria asuma las ingentes inversiones necesarias para electrificar parte del sistema productivo. La implantaci\u00f3n de fuentes renovables para la generaci\u00f3n el\u00e9ctrica en Catalu\u00f1a es deficitaria y no alcanzar\u00e1 los niveles necesarios para garantizar el suministro. La energ\u00eda nuclear, una energ\u00eda no emisiva, es clave para asegurar la descarbonizaci\u00f3n de los sectores productivos y la transici\u00f3n energ\u00e9tica. Sin energ\u00eda nuclear no podremos reducir las emisiones en Catalu\u00f1a. Sin energ\u00eda nuclear, Catalu\u00f1a no alcanzar\u00e1 la neutralidad clim\u00e1tica.[\/vc_column_text][vc_empty_space height=\u00bb10px\u00bb][\/vc_column][\/vc_row][vc_row][vc_column width=\u00bb1\/1&#8243;]<div class=\"single_image wpb_content_element align-left    \" data-animation=\"none\" data-delay=\"0\"><img width=\"2048\" height=\"1536\" src=\"https:\/\/www.foment.com\/wp-content\/uploads\/2026\/04\/abajo.jpeg\" class=\"attachment-full\" alt=\"\" loading=\"lazy\" title=\"abajo\" srcset=\"https:\/\/www.foment.com\/wp-content\/uploads\/2026\/04\/abajo.jpeg 2048w, https:\/\/www.foment.com\/wp-content\/uploads\/2026\/04\/abajo-300x225.jpeg 300w, https:\/\/www.foment.com\/wp-content\/uploads\/2026\/04\/abajo-1024x768.jpeg 1024w, https:\/\/www.foment.com\/wp-content\/uploads\/2026\/04\/abajo-768x576.jpeg 768w, https:\/\/www.foment.com\/wp-content\/uploads\/2026\/04\/abajo-1536x1152.jpeg 1536w, https:\/\/www.foment.com\/wp-content\/uploads\/2026\/04\/abajo-640x480.jpeg 640w\" sizes=\"(max-width: 2048px) 100vw, 2048px\" \/><\/div>[\/vc_column][\/vc_row]<\/p>\n<\/section>","protected":false},"excerpt":{"rendered":"<p>[vc_row][vc_column width=\u00bb1\/1&#8243;][vc_column_text] La patronal defiende que la neutralidad clim\u00e1tica solo ser\u00e1 viable si se garantiza una energ\u00eda estable, asequible y previsible para la industria Foment pide decisiones inmediatas en materia de redes, cogeneraci\u00f3n, gases renovables y continuidad de las tecnolog\u00edas que hoy aseguran el suministro Una delegaci\u00f3n de Foment del Treball encabezada por su presidente, Josep S\u00e1nchez Llibre, ha trasladado hoy a las instituciones europeas, un a\u00f1o despu\u00e9s del gran apag\u00f3n que vivi\u00f3 Espa\u00f1a, la necesidad de revisar la ejecuci\u00f3n de la transici\u00f3n energ\u00e9tica para que sea compatible con la competitividad industrial, la seguridad de suministro y el objetivo de neutralidad clim\u00e1tica. En concreto, Foment ha reclamado mantener la garant\u00eda de suministro de energ\u00eda el\u00e9ctrica que proporciona la energ\u00eda nuclear. Para ello, es necesario evitar la parada y el desmantelamiento de centrales nucleares en Espa\u00f1a como las de Almaraz, Trillo, Cofrentes, Vandell\u00f3s y Asc\u00f3. En el actual contexto de tensi\u00f3n geopol\u00edtica y volatilidad de los mercados energ\u00e9ticos, la extensi\u00f3n de la vida \u00fatil de las centrales nucleares tendr\u00eda un impacto claramente positivo sobre la econom\u00eda espa\u00f1ola. Permitir\u00eda contener el precio de la electricidad, con un ahorro de casi 8.000 millones de euros anuales para los consumidores. Adem\u00e1s, evitar\u00eda un aumento [&hellip;]<\/p>\n","protected":false},"author":284,"featured_media":218916,"comment_status":"closed","ping_status":"closed","sticky":false,"template":"","format":"standard","meta":{"_links_to":"","_links_to_target":""},"categories":[114,111,5714,1667],"tags":[],"acf":[],"wps_subtitle":"","_links":{"self":[{"href":"https:\/\/www.foment.com\/es\/wp-json\/wp\/v2\/posts\/218906"}],"collection":[{"href":"https:\/\/www.foment.com\/es\/wp-json\/wp\/v2\/posts"}],"about":[{"href":"https:\/\/www.foment.com\/es\/wp-json\/wp\/v2\/types\/post"}],"author":[{"embeddable":true,"href":"https:\/\/www.foment.com\/es\/wp-json\/wp\/v2\/users\/284"}],"replies":[{"embeddable":true,"href":"https:\/\/www.foment.com\/es\/wp-json\/wp\/v2\/comments?post=218906"}],"version-history":[{"count":5,"href":"https:\/\/www.foment.com\/es\/wp-json\/wp\/v2\/posts\/218906\/revisions"}],"predecessor-version":[{"id":218933,"href":"https:\/\/www.foment.com\/es\/wp-json\/wp\/v2\/posts\/218906\/revisions\/218933"}],"wp:featuredmedia":[{"embeddable":true,"href":"https:\/\/www.foment.com\/es\/wp-json\/wp\/v2\/media\/218916"}],"wp:attachment":[{"href":"https:\/\/www.foment.com\/es\/wp-json\/wp\/v2\/media?parent=218906"}],"wp:term":[{"taxonomy":"category","embeddable":true,"href":"https:\/\/www.foment.com\/es\/wp-json\/wp\/v2\/categories?post=218906"},{"taxonomy":"post_tag","embeddable":true,"href":"https:\/\/www.foment.com\/es\/wp-json\/wp\/v2\/tags?post=218906"}],"curies":[{"name":"wp","href":"https:\/\/api.w.org\/{rel}","templated":true}]}}