{"id":219003,"date":"2026-04-28T19:38:45","date_gmt":"2026-04-28T17:38:45","guid":{"rendered":"https:\/\/www.foment.com\/?p=219003"},"modified":"2026-04-28T19:38:45","modified_gmt":"2026-04-28T17:38:45","slug":"foment-del-treball-i-ey-aborden-latraccio-de-talent-i-la-mobilitat-internacional-des-duna-perspectiva-empresarial","status":"publish","type":"post","link":"https:\/\/www.foment.com\/es\/foment-del-treball-i-ey-aborden-latraccio-de-talent-i-la-mobilitat-internacional-des-duna-perspectiva-empresarial\/","title":{"rendered":"Foment del Treball i EY aborden l\u2019atracci\u00f3 de talent i la mobilitat internacional des d\u2019una perspectiva empresarial"},"content":{"rendered":"<p data-start=\"121\" data-end=\"423\">Foment del Treball i <strong data-start=\"142\" data-end=\"148\">EY<\/strong> han celebrat la trobada <strong data-start=\"173\" data-end=\"276\">\u201cAtracci\u00f3 de talent, mobilitat internacional i gesti\u00f3 migrat\u00f2ria des d\u2019una perspectiva empresarial\u201d<\/strong>, una sessi\u00f3 concebuda per analitzar els <strong data-start=\"317\" data-end=\"342\">reptes i oportunitats<\/strong> que afronten les organitzacions en un context global cada vegada m\u00e9s competitiu.<\/p>\n<p data-start=\"484\" data-end=\"925\">Durant la jornada, experts de l\u2019\u00e0mbit <strong data-start=\"522\" data-end=\"534\">econ\u00f2mic<\/strong>, <strong data-start=\"536\" data-end=\"545\">legal<\/strong> i de l\u2019<strong data-start=\"553\" data-end=\"570\">Administraci\u00f3<\/strong> han compartit la seva visi\u00f3 sobre les <strong data-start=\"609\" data-end=\"657\">tend\u00e8ncies econ\u00f2miques previstes per al 2026<\/strong>, el <strong data-start=\"662\" data-end=\"688\">marc normatiu espanyol<\/strong> i les principals <strong data-start=\"706\" data-end=\"722\">oportunitats<\/strong> que ofereix la legislaci\u00f3 migrat\u00f2ria per facilitar la captaci\u00f3 de <strong data-start=\"789\" data-end=\"813\">talent internacional<\/strong>. La sessi\u00f3 ha estat moderada per <strong data-start=\"847\" data-end=\"862\">David L\u00f3pez<\/strong>, <strong data-start=\"864\" data-end=\"914\">Senior Manager de People Advisory Services TAX<\/strong> a <strong data-start=\"917\" data-end=\"923\">EY<\/strong>.<\/p>\n<p data-start=\"927\" data-end=\"1120\">La trobada s\u2019ha plantejat com una ocasi\u00f3 per aprofundir en aspectes clau, resoldre dubtes i debatre sobre estrat\u00e8gies per refor\u00e7ar la capacitat d\u2019atracci\u00f3 i mobilitat de talent a les empreses.<\/p>\n<h4 data-start=\"1122\" data-end=\"1155\"><span style=\"color: #d12238;\">Desenvolupament de la sessi\u00f3<\/span><\/h4>\n<p data-start=\"1214\" data-end=\"1436\">La <strong data-start=\"1229\" data-end=\"1243\">benvinguda<\/strong> de la jornada ha anat a c\u00e0rrec de <strong data-start=\"1264\" data-end=\"1287\">M\u00aa Helena de Felipe<\/strong>, presidenta de la comissi\u00f3 internacional de Foment del Treball, i de <strong data-start=\"1357\" data-end=\"1371\">Lu\u00eds P\u00e9rez<\/strong>, president de la comissi\u00f3 Laboral i RRHH de Foment del Treball.<\/p>\n<p data-start=\"1438\" data-end=\"1641\">Posteriorment, <strong data-start=\"1453\" data-end=\"1474\">Juan Pablo Riesgo<\/strong>, soci responsable d\u2019<strong data-start=\"1495\" data-end=\"1510\">EY Insights<\/strong>, ha presentat les <strong data-start=\"1529\" data-end=\"1569\">perspectives econ\u00f2miques per al 2026<\/strong> i el seu impacte en la capacitat d\u2019atracci\u00f3 de talent de les empreses.<\/p>\n<p data-start=\"1643\" data-end=\"1904\">A continuaci\u00f3, <strong data-start=\"1658\" data-end=\"1673\">Judith Sans<\/strong>, s\u00f2cia responsable d\u2019<strong data-start=\"1695\" data-end=\"1723\">Integrated Mobile Talent<\/strong> de l\u2019\u00e0rea de <strong data-start=\"1737\" data-end=\"1765\">People Advisory Services<\/strong> d\u2019EY, ha abordat l\u2019<strong data-start=\"1785\" data-end=\"1826\">aproximaci\u00f3 al marc normatiu espanyol<\/strong>, aix\u00ed com les fortaleses i debilitats per a una atracci\u00f3 de talent eficient.<\/p>\n<p data-start=\"1906\" data-end=\"2155\">Seguidament, <strong data-start=\"1919\" data-end=\"1937\">Santiago Yerga<\/strong>, director general de la <strong data-start=\"1962\" data-end=\"1986\">DG Gesti\u00f3 Migrat\u00f2ria<\/strong> del <strong data-start=\"1991\" data-end=\"2032\">Ministeri d\u2019Inclusi\u00f3, Migracions i SS<\/strong>, ha exposat la <strong data-start=\"2048\" data-end=\"2083\">legislaci\u00f3 migrat\u00f2ria espanyola<\/strong> i les oportunitats empresarials per a la captaci\u00f3 de talent estranger.<\/p>\n<p data-start=\"2157\" data-end=\"2254\">Finalment, la sessi\u00f3 ha concl\u00f2s amb un <strong data-start=\"2196\" data-end=\"2223\">torn obert de preguntes<\/strong> i el tancament de la jornada.<\/p>\n<p data-start=\"2256\" data-end=\"2335\">La jornada s\u2019ha celebrat amb el suport d\u2019<strong data-start=\"2297\" data-end=\"2333\">ACCI\u00d3 (Generalitat de Catalunya)<\/strong>.<\/p>\n<div class=\"flexslider wpb_content_element\"><ul class=\"slides\"><li><img src=\"https:\/\/www.foment.com\/wp-content\/uploads\/2026\/04\/DSC_0079-scaled.jpg\" alt=\"\" \/><\/li><li><img src=\"https:\/\/www.foment.com\/wp-content\/uploads\/2026\/04\/DSC_0082-scaled.jpg\" alt=\"\" \/><\/li><li><img src=\"https:\/\/www.foment.com\/wp-content\/uploads\/2026\/04\/DSC_0071-scaled.jpg\" alt=\"\" \/><\/li><li><img src=\"https:\/\/www.foment.com\/wp-content\/uploads\/2026\/04\/ChatGPT-Image-28-abr-2026-19_03_04.png\" alt=\"\" \/><\/li><\/ul><\/div>\n","protected":false},"excerpt":{"rendered":"<p>Foment del Treball i EY han celebrat la trobada \u201cAtracci\u00f3 de talent, mobilitat internacional i gesti\u00f3 migrat\u00f2ria des d\u2019una perspectiva empresarial\u201d, una sessi\u00f3 concebuda per analitzar els reptes i oportunitats que afronten les organitzacions en un context global cada vegada m\u00e9s competitiu. Durant la jornada, experts de l\u2019\u00e0mbit econ\u00f2mic, legal i de l\u2019Administraci\u00f3 han compartit la seva visi\u00f3 sobre les tend\u00e8ncies econ\u00f2miques previstes per al 2026, el marc normatiu espanyol i les principals oportunitats que ofereix la legislaci\u00f3 migrat\u00f2ria per facilitar la captaci\u00f3 de talent internacional. La sessi\u00f3 ha estat moderada per David L\u00f3pez, Senior Manager de People Advisory Services TAX a EY. La trobada s\u2019ha plantejat com una ocasi\u00f3 per aprofundir en aspectes clau, resoldre dubtes i debatre sobre estrat\u00e8gies per refor\u00e7ar la capacitat d\u2019atracci\u00f3 i mobilitat de talent a les empreses. Desenvolupament de la sessi\u00f3 La benvinguda de la jornada ha anat a c\u00e0rrec de M\u00aa Helena de Felipe, presidenta de la comissi\u00f3 internacional de Foment del Treball, i de Lu\u00eds P\u00e9rez, president de la comissi\u00f3 Laboral i RRHH de Foment del Treball. Posteriorment, Juan Pablo Riesgo, soci responsable d\u2019EY Insights, ha presentat les perspectives econ\u00f2miques per al 2026 i el seu impacte en la capacitat d\u2019atracci\u00f3 de [&hellip;]<\/p>\n","protected":false},"author":281,"featured_media":218962,"comment_status":"closed","ping_status":"closed","sticky":false,"template":"","format":"standard","meta":{"_links_to":"","_links_to_target":""},"categories":[8407],"tags":[],"acf":[],"wps_subtitle":"","_links":{"self":[{"href":"https:\/\/www.foment.com\/es\/wp-json\/wp\/v2\/posts\/219003"}],"collection":[{"href":"https:\/\/www.foment.com\/es\/wp-json\/wp\/v2\/posts"}],"about":[{"href":"https:\/\/www.foment.com\/es\/wp-json\/wp\/v2\/types\/post"}],"author":[{"embeddable":true,"href":"https:\/\/www.foment.com\/es\/wp-json\/wp\/v2\/users\/281"}],"replies":[{"embeddable":true,"href":"https:\/\/www.foment.com\/es\/wp-json\/wp\/v2\/comments?post=219003"}],"version-history":[{"count":1,"href":"https:\/\/www.foment.com\/es\/wp-json\/wp\/v2\/posts\/219003\/revisions"}],"predecessor-version":[{"id":219005,"href":"https:\/\/www.foment.com\/es\/wp-json\/wp\/v2\/posts\/219003\/revisions\/219005"}],"wp:featuredmedia":[{"embeddable":true,"href":"https:\/\/www.foment.com\/es\/wp-json\/wp\/v2\/media\/218962"}],"wp:attachment":[{"href":"https:\/\/www.foment.com\/es\/wp-json\/wp\/v2\/media?parent=219003"}],"wp:term":[{"taxonomy":"category","embeddable":true,"href":"https:\/\/www.foment.com\/es\/wp-json\/wp\/v2\/categories?post=219003"},{"taxonomy":"post_tag","embeddable":true,"href":"https:\/\/www.foment.com\/es\/wp-json\/wp\/v2\/tags?post=219003"}],"curies":[{"name":"wp","href":"https:\/\/api.w.org\/{rel}","templated":true}]}}