{"id":219012,"date":"2026-04-29T16:13:43","date_gmt":"2026-04-29T14:13:43","guid":{"rendered":"https:\/\/www.foment.com\/?p=219012"},"modified":"2026-04-29T16:47:29","modified_gmt":"2026-04-29T14:47:29","slug":"jornada-tecnica-sobre-la-prevencion-de-la-exposicion-a-la-silice-cristalina-respirable","status":"publish","type":"post","link":"https:\/\/www.foment.com\/es\/jornada-tecnica-sobre-la-prevencion-de-la-exposicion-a-la-silice-cristalina-respirable\/","title":{"rendered":"Jornada T\u00e9cnica sobre la prevenci\u00f3n de la exposici\u00f3n a la S\u00edlice Cristalina Respirable"},"content":{"rendered":"<section class=\"wpb-content-wrapper\"><p>[vc_row][vc_column][vc_column_text]<\/p>\n<p style=\"text-align: justify;\">La jornada abord\u00f3, desde una perspectiva t\u00e9cnica y aplicada, las estrategias para reducir la exposici\u00f3n al polvo de s\u00edlice en el entorno laboral, actuando sobre la gesti\u00f3n de la exposici\u00f3n, el control en el foco y en el medio, as\u00ed como sobre la protecci\u00f3n directa de las personas trabajadoras.<\/p>\n<p style=\"text-align: justify;\">El programa incluy\u00f3 la participaci\u00f3n de representantes de organizaciones sectoriales y empresas especializadas, entre ellas FEDESMAR, el Gremi d\u2019\u00c0rids de Catalunya, la Federaci\u00f3 Catalana de la Pedra, as\u00ed como compa\u00f1\u00edas proveedoras de soluciones t\u00e9cnicas y equipos de protecci\u00f3n como Barin, Anzeve, Tecymacan, HX3-TCS, Makita, 3M, Moldex, Clyype y Dr\u00e4ger, que compartieron experiencias, soluciones tecnol\u00f3gicas y enfoques innovadores en prevenci\u00f3n y protecci\u00f3n frente a la SCR.<\/p>\n<p style=\"text-align: justify;\">Esta iniciativa se enmarca en la conmemoraci\u00f3n del primer aniversario de la Fundaci\u00f3n PREMIN, que durante su primer a\u00f1o de actividad ha desarrollado acciones orientadas a impulsar la sensibilizaci\u00f3n y concienciaci\u00f3n de empresas y trabajadores en materia de seguridad y salud laboral, promoviendo el conocimiento t\u00e9cnico y la adopci\u00f3n de medidas preventivas eficaces.<\/p>\n<p>[\/vc_column_text][\/vc_column][\/vc_row][vc_row top_padding=\u00bb20&#8243;][vc_column width=\u00bb1\/1&#8243;][vc_column_text]<\/p>\n<h1><span style=\"color: #d2112d;\">V\u00eddeo de la jornada<\/span><\/h1>\n<p>[\/vc_column_text][vc_video link=\u00bbhttps:\/\/youtu.be\/zHNs7MOeM0I\u00bb align=\u00bbcenter\u00bb]<div class=\"spacer\" style=\"height: 20px;\"><\/div>[\/vc_column][\/vc_row][vc_row top_padding=\u00bb20&#8243;][vc_column width=\u00bb1\/1&#8243;][vc_column_text]<\/p>\n<h1><span style=\"color: #d2112d;\">Sobre la Fundaci\u00f3n PREMIN<\/span><\/h1>\n<p>[\/vc_column_text][\/vc_column][\/vc_row][vc_row top_padding=\u00bb20&#8243;][vc_column width=\u00bb1\/1&#8243;][vc_column_text]<\/p>\n<p style=\"text-align: justify;\">La Fundaci\u00f3n PREMIN (Prevenci\u00f3n, Mitigaci\u00f3n e Investigaci\u00f3n de la Silicosis) nace con el objetivo de reducir la incidencia de la silicosis y otras enfermedades profesionales, mejorando la seguridad en el trabajo. Re\u00fane a empresas, asociaciones de afectados, centros de innovaci\u00f3n, entidades del \u00e1mbito de la seguridad laboral y organismos de certificaci\u00f3n para impulsar un enfoque integral en la prevenci\u00f3n y mitigaci\u00f3n de riesgos laborales. Entre sus primeras acciones destacan gu\u00edas de buenas pr\u00e1cticas y el impulso a la investigaci\u00f3n y la formaci\u00f3n en sectores como la miner\u00eda y la elaboraci\u00f3n de materiales.<\/p>\n<p>[\/vc_column_text][\/vc_column][\/vc_row][vc_row top_padding=\u00bb20&#8243;][vc_column width=\u00bb1\/2&#8243;]<a href=\"https:\/\/foment.com\" target=\"_self\" class=\"button color-2 medium \" style=\"border-radius: 2px;\">Ampliar Informaci\u00f3n<\/a>[\/vc_column][vc_column text_align=\u00bbcenter\u00bb width=\u00bb1\/2&#8243;][vc_single_image image=\u00bb219019&#8243; img_size=\u00bbmedium\u00bb alignment=\u00bbcenter\u00bb][\/vc_column][\/vc_row][vc_row][vc_column width=\u00bb1\/1&#8243;][\/vc_column][\/vc_row]<\/p>\n<\/section>","protected":false},"excerpt":{"rendered":"<p>[vc_row][vc_column][vc_column_text] La jornada abord\u00f3, desde una perspectiva t\u00e9cnica y aplicada, las estrategias para reducir la exposici\u00f3n al polvo de s\u00edlice en el entorno laboral, actuando sobre la gesti\u00f3n de la exposici\u00f3n, el control en el foco y en el medio, as\u00ed como sobre la protecci\u00f3n directa de las personas trabajadoras. El programa incluy\u00f3 la participaci\u00f3n de representantes de organizaciones sectoriales y empresas especializadas, entre ellas FEDESMAR, el Gremi d\u2019\u00c0rids de Catalunya, la Federaci\u00f3 Catalana de la Pedra, as\u00ed como compa\u00f1\u00edas proveedoras de soluciones t\u00e9cnicas y equipos de protecci\u00f3n como Barin, Anzeve, Tecymacan, HX3-TCS, Makita, 3M, Moldex, Clyype y Dr\u00e4ger, que compartieron experiencias, soluciones tecnol\u00f3gicas y enfoques innovadores en prevenci\u00f3n y protecci\u00f3n frente a la SCR. Esta iniciativa se enmarca en la conmemoraci\u00f3n del primer aniversario de la Fundaci\u00f3n PREMIN, que durante su primer a\u00f1o de actividad ha desarrollado acciones orientadas a impulsar la sensibilizaci\u00f3n y concienciaci\u00f3n de empresas y trabajadores en materia de seguridad y salud laboral, promoviendo el conocimiento t\u00e9cnico y la adopci\u00f3n de medidas preventivas eficaces. [\/vc_column_text][\/vc_column][\/vc_row][vc_row top_padding=\u00bb20&#8243;][vc_column width=\u00bb1\/1&#8243;][vc_column_text] V\u00eddeo de la jornada [\/vc_column_text][vc_video link=\u00bbhttps:\/\/youtu.be\/zHNs7MOeM0I\u00bb align=\u00bbcenter\u00bb][\/vc_column][\/vc_row][vc_row top_padding=\u00bb20&#8243;][vc_column width=\u00bb1\/1&#8243;][vc_column_text] Sobre la Fundaci\u00f3n PREMIN [\/vc_column_text][\/vc_column][\/vc_row][vc_row top_padding=\u00bb20&#8243;][vc_column width=\u00bb1\/1&#8243;][vc_column_text] La Fundaci\u00f3n PREMIN (Prevenci\u00f3n, Mitigaci\u00f3n e Investigaci\u00f3n de la Silicosis) nace con el [&hellip;]<\/p>\n","protected":false},"author":15,"featured_media":219016,"comment_status":"closed","ping_status":"closed","sticky":false,"template":"","format":"standard","meta":{"_links_to":"","_links_to_target":""},"categories":[6578,216],"tags":[985,417,1497],"acf":[],"wps_subtitle":"<strong>Esta iniciativa se enmarca en la conmemoraci\u00f3n del primer aniversario de la Fundaci\u00f3n PREMIN (Prevenci\u00f3n, Mitigaci\u00f3n e Investigaci\u00f3n de la Silicosis)<\/strong>","_links":{"self":[{"href":"https:\/\/www.foment.com\/es\/wp-json\/wp\/v2\/posts\/219012"}],"collection":[{"href":"https:\/\/www.foment.com\/es\/wp-json\/wp\/v2\/posts"}],"about":[{"href":"https:\/\/www.foment.com\/es\/wp-json\/wp\/v2\/types\/post"}],"author":[{"embeddable":true,"href":"https:\/\/www.foment.com\/es\/wp-json\/wp\/v2\/users\/15"}],"replies":[{"embeddable":true,"href":"https:\/\/www.foment.com\/es\/wp-json\/wp\/v2\/comments?post=219012"}],"version-history":[{"count":11,"href":"https:\/\/www.foment.com\/es\/wp-json\/wp\/v2\/posts\/219012\/revisions"}],"predecessor-version":[{"id":219116,"href":"https:\/\/www.foment.com\/es\/wp-json\/wp\/v2\/posts\/219012\/revisions\/219116"}],"wp:featuredmedia":[{"embeddable":true,"href":"https:\/\/www.foment.com\/es\/wp-json\/wp\/v2\/media\/219016"}],"wp:attachment":[{"href":"https:\/\/www.foment.com\/es\/wp-json\/wp\/v2\/media?parent=219012"}],"wp:term":[{"taxonomy":"category","embeddable":true,"href":"https:\/\/www.foment.com\/es\/wp-json\/wp\/v2\/categories?post=219012"},{"taxonomy":"post_tag","embeddable":true,"href":"https:\/\/www.foment.com\/es\/wp-json\/wp\/v2\/tags?post=219012"}],"curies":[{"name":"wp","href":"https:\/\/api.w.org\/{rel}","templated":true}]}}