{"id":219076,"date":"2026-04-29T14:06:19","date_gmt":"2026-04-29T12:06:19","guid":{"rendered":"https:\/\/www.foment.com\/?p=219076"},"modified":"2026-04-29T14:06:19","modified_gmt":"2026-04-29T12:06:19","slug":"foment-del-treball-obre-el-cicle-de-jornades-dual-2026-per-avancar-en-la-consolidacio-del-nou-model-de-formacio-professional","status":"publish","type":"post","link":"https:\/\/www.foment.com\/es\/foment-del-treball-obre-el-cicle-de-jornades-dual-2026-per-avancar-en-la-consolidacio-del-nou-model-de-formacio-professional\/","title":{"rendered":"Foment del Treball obre el Cicle de Jornades DUAL 2026 per avan\u00e7ar en la consolidaci\u00f3 del nou model de Formaci\u00f3 Professional"},"content":{"rendered":"<p data-start=\"130\" data-end=\"481\">Foment del Treball ha celebrat la primera sessi\u00f3 del <strong data-start=\"188\" data-end=\"219\">Cicle de Jornades DUAL 2026<\/strong>, un espai de reflexi\u00f3, coneixement i intercanvi orientat a avan\u00e7ar en la consolidaci\u00f3 del nou model de <strong data-start=\"323\" data-end=\"353\">Formaci\u00f3 Professional Dual<\/strong>, en un moment en qu\u00e8 la dualitzaci\u00f3 del sistema continua avan\u00e7ant cap a un model m\u00e9s integrat, flexible i orientat a resultats.<\/p>\n<p data-start=\"483\" data-end=\"873\">La jornada ha posat el focus en la necessitat de refor\u00e7ar la col\u00b7laboraci\u00f3 entre <strong data-start=\"564\" data-end=\"625\">administracions, centres de formaci\u00f3 i teixit empresarial<\/strong> per donar resposta als reptes de competitivitat, ocupabilitat i desenvolupament territorial. El nou model Dual refor\u00e7a el paper de l\u2019empresa com a <strong data-start=\"773\" data-end=\"791\">agent formador<\/strong> i incorpora el principi de corresponsabilitat en la qualificaci\u00f3 de les persones.<\/p>\n<p data-start=\"875\" data-end=\"1101\">Aquest canvi de paradigma implica avan\u00e7ar cap a un sistema en qu\u00e8 l\u2019empresa participa activament en la definici\u00f3, el desenvolupament i l\u2019avaluaci\u00f3 dels processos formatius, contribuint aix\u00ed a la generaci\u00f3 i retenci\u00f3 de talent.<\/p>\n<p data-start=\"1103\" data-end=\"1530\">Des de Foment del Treball s\u2019ha defensat hist\u00f2ricament que la implicaci\u00f3 empresarial en l\u2019FP \u00e9s clau tant per a la millora de la qualitat del sistema com per a l\u2019alineament entre l\u2019oferta formativa i les necessitats productives. Aquesta participaci\u00f3 requereix, alhora, un entorn que faciliti la implicaci\u00f3 de les empreses \u2014especialment de les pimes\u2014 amb instruments clars, seguretat jur\u00eddica i models de col\u00b7laboraci\u00f3 eficients.<\/p>\n<h4 data-start=\"1532\" data-end=\"1596\"><span style=\"color: #d12238;\">Una primera sessi\u00f3 centrada en el rol formador de l\u2019empresa<\/span><\/h4>\n<p data-start=\"1598\" data-end=\"1868\">En primer lloc, <strong data-start=\"1614\" data-end=\"1632\">Natalia Baldan<\/strong>, responsable de Coneixement i FP de Foment del Treball, ha presentat el nou <strong data-start=\"1709\" data-end=\"1740\">Cicle de Jornades DUAL 2026<\/strong>, que aquest any combina jornades d\u2019abast estrat\u00e8gic amb sessions territorials per traslladar el debat al conjunt del territori.<\/p>\n<p data-start=\"1870\" data-end=\"2110\">Tot seguit, <strong data-start=\"1882\" data-end=\"1904\">C\u00e9sar de la Fuente<\/strong>, cap d\u2019\u00e0rea del Departament d\u2019Educaci\u00f3 i Formaci\u00f3 de CEOE, ha abordat la <strong data-start=\"1978\" data-end=\"2021\">relaci\u00f3 contractual en la Formaci\u00f3 Dual<\/strong>, un dels aspectes clau per facilitar la participaci\u00f3 de les empreses en aquest nou marc.<\/p>\n<p data-start=\"2112\" data-end=\"2351\">Posteriorment, la sessi\u00f3 ha aprofundit en <strong data-start=\"2154\" data-end=\"2186\">el rol formador de l\u2019empresa<\/strong> amb les intervencions de <strong data-start=\"2212\" data-end=\"2231\">Patricia Garc\u00eda<\/strong>, presidenta institucional del grup Femxa, i <strong data-start=\"2276\" data-end=\"2289\">Neus Pons<\/strong>, directora i gerent de la Fundaci\u00f3 BCN Formaci\u00f3 Professional.<\/p>\n<p data-start=\"2353\" data-end=\"2755\">A continuaci\u00f3, s\u2019han compartit <strong data-start=\"2384\" data-end=\"2416\">exemples de bones pr\u00e0ctiques<\/strong> amb la participaci\u00f3 de <strong data-start=\"2440\" data-end=\"2459\">Montse Cerqueda<\/strong>, s\u00f2cia de Teixid\u00f3 Associats i degana de l\u2019Il\u00b7ltre. Col\u00b7legi de Graduats Socials de Barcelona, Girona i Lleida; <strong data-start=\"2571\" data-end=\"2594\">Manuel Puche Monton<\/strong>, de Siglo XXI Publicidad y Publicaciones SL, i <strong data-start=\"2642\" data-end=\"2667\">Raquel Alfaro Navarro<\/strong>, coordinadora de Formaci\u00f3 en Empresa de l\u2019Institut d\u2019Ind\u00fastria Sostenible de Barcelona.<\/p>\n<p data-start=\"2757\" data-end=\"2831\">La jornada ha concl\u00f2s amb un espai de <strong data-start=\"2795\" data-end=\"2804\">debat<\/strong> i la cloenda de la sessi\u00f3.<\/p>\n<p data-start=\"2833\" data-end=\"3230\">Al llarg de les diferents sessions del cicle s\u2019abordaran q\u00fcestions clau com el paper de l\u2019empresa com a agent formador i estrat\u00e8gia de competitivitat, la funci\u00f3 dels organismes intermedis en el territori, la governan\u00e7a del sistema, els nous models de tutoritzaci\u00f3 i la connexi\u00f3 entre la Formaci\u00f3 Professional, la universitat i les microcredencials en el marc de l\u2019aprenentatge al llarg de la vida.<\/p>\n<section class=\"text-token-text-primary w-full focus:outline-none [--shadow-height:45px] has-data-writing-block:pointer-events-none has-data-writing-block:-mt-(--shadow-height) has-data-writing-block:pt-(--shadow-height) [&amp;:has([data-writing-block])&gt;*]:pointer-events-auto [content-visibility:auto] supports-[content-visibility:auto]:[contain-intrinsic-size:auto_100lvh] R6Vx5W_threadScrollVars scroll-mb-[calc(var(--scroll-root-safe-area-inset-bottom,0px)+var(--thread-response-height))] scroll-mt-[calc(var(--header-height)+min(200px,max(70px,20svh)))]\" dir=\"auto\" data-turn-id=\"request-698b4436-9ca4-8330-a322-408368ed8ba7-0\" data-testid=\"conversation-turn-36\" data-scroll-anchor=\"false\" data-turn=\"assistant\">\n<div class=\"text-base my-auto mx-auto pb-10 [--thread-content-margin:var(--thread-content-margin-xs,calc(var(--spacing)*4))] @w-sm\/main:[--thread-content-margin:var(--thread-content-margin-sm,calc(var(--spacing)*6))] @w-lg\/main:[--thread-content-margin:var(--thread-content-margin-lg,calc(var(--spacing)*16))] px-(--thread-content-margin)\">\n<div class=\"[--thread-content-max-width:40rem] @w-lg\/main:[--thread-content-max-width:48rem] mx-auto max-w-(--thread-content-max-width) flex-1 group\/turn-messages focus-visible:outline-hidden relative flex w-full min-w-0 flex-col agent-turn\">\n<div class=\"flex max-w-full flex-col gap-4 grow\">\n<div class=\"min-h-8 text-message relative flex w-full flex-col items-end gap-2 text-start break-words whitespace-normal outline-none keyboard-focused:focus-ring [.text-message+&amp;]:mt-1\" dir=\"auto\" tabindex=\"0\" data-message-author-role=\"assistant\" data-message-id=\"266bde6a-9079-4f76-8382-fd7722bae6bc\" data-message-model-slug=\"gpt-5-5-thinking\" data-turn-start-message=\"true\">\n<div class=\"flex w-full flex-col gap-1 empty:hidden\">\n<div class=\"markdown prose dark:prose-invert w-full wrap-break-word light markdown-new-styling\">\n<p data-start=\"3477\" data-end=\"3550\" data-is-last-node=\"\" data-is-only-node=\"\">La sessi\u00f3 s\u2019ha celebrat amb el suport de la <strong data-start=\"3521\" data-end=\"3549\">Generalitat de Catalunya<\/strong>.<\/p>\n<\/div>\n<\/div>\n<\/div>\n<\/div>\n<\/div>\n<\/div>\n<\/section>\n<div class=\"flexslider wpb_content_element\"><ul class=\"slides\"><li><img src=\"https:\/\/www.foment.com\/wp-content\/uploads\/2026\/04\/Formacio-8-scaled.jpg\" alt=\"\" \/><\/li><li><img src=\"https:\/\/www.foment.com\/wp-content\/uploads\/2026\/04\/Formacio-11-scaled.jpg\" alt=\"\" \/><\/li><li><img src=\"https:\/\/www.foment.com\/wp-content\/uploads\/2026\/04\/Formacio-6-scaled.jpg\" alt=\"\" \/><\/li><li><img src=\"https:\/\/www.foment.com\/wp-content\/uploads\/2026\/04\/Formacio-3-scaled.jpg\" alt=\"\" \/><\/li><li><img src=\"https:\/\/www.foment.com\/wp-content\/uploads\/2026\/04\/Formacio-2-scaled.jpg\" alt=\"\" \/><\/li><li><img src=\"https:\/\/www.foment.com\/wp-content\/uploads\/2026\/04\/Formacio-7-scaled.jpg\" alt=\"\" \/><\/li><li><img src=\"https:\/\/www.foment.com\/wp-content\/uploads\/2026\/04\/Formacio-1-scaled.jpg\" alt=\"\" \/><\/li><li><img src=\"https:\/\/www.foment.com\/wp-content\/uploads\/2026\/04\/Formacio-10-scaled.jpg\" alt=\"\" \/><\/li><li><img src=\"https:\/\/www.foment.com\/wp-content\/uploads\/2026\/04\/Formacio-14-scaled.jpg\" alt=\"\" \/><\/li><li><img src=\"https:\/\/www.foment.com\/wp-content\/uploads\/2026\/04\/Formacio-17-scaled.jpg\" alt=\"\" \/><\/li><li><img src=\"https:\/\/www.foment.com\/wp-content\/uploads\/2026\/04\/Formacio-15-scaled.jpg\" alt=\"\" \/><\/li><\/ul><\/div>\n","protected":false},"excerpt":{"rendered":"<p>Foment del Treball ha celebrat la primera sessi\u00f3 del Cicle de Jornades DUAL 2026, un espai de reflexi\u00f3, coneixement i intercanvi orientat a avan\u00e7ar en la consolidaci\u00f3 del nou model de Formaci\u00f3 Professional Dual, en un moment en qu\u00e8 la dualitzaci\u00f3 del sistema continua avan\u00e7ant cap a un model m\u00e9s integrat, flexible i orientat a resultats. La jornada ha posat el focus en la necessitat de refor\u00e7ar la col\u00b7laboraci\u00f3 entre administracions, centres de formaci\u00f3 i teixit empresarial per donar resposta als reptes de competitivitat, ocupabilitat i desenvolupament territorial. El nou model Dual refor\u00e7a el paper de l\u2019empresa com a agent formador i incorpora el principi de corresponsabilitat en la qualificaci\u00f3 de les persones. Aquest canvi de paradigma implica avan\u00e7ar cap a un sistema en qu\u00e8 l\u2019empresa participa activament en la definici\u00f3, el desenvolupament i l\u2019avaluaci\u00f3 dels processos formatius, contribuint aix\u00ed a la generaci\u00f3 i retenci\u00f3 de talent. Des de Foment del Treball s\u2019ha defensat hist\u00f2ricament que la implicaci\u00f3 empresarial en l\u2019FP \u00e9s clau tant per a la millora de la qualitat del sistema com per a l\u2019alineament entre l\u2019oferta formativa i les necessitats productives. Aquesta participaci\u00f3 requereix, alhora, un entorn que faciliti la implicaci\u00f3 de les empreses \u2014especialment de les [&hellip;]<\/p>\n","protected":false},"author":281,"featured_media":219038,"comment_status":"closed","ping_status":"closed","sticky":false,"template":"","format":"standard","meta":{"_links_to":"","_links_to_target":""},"categories":[8407],"tags":[],"acf":[],"wps_subtitle":"","_links":{"self":[{"href":"https:\/\/www.foment.com\/es\/wp-json\/wp\/v2\/posts\/219076"}],"collection":[{"href":"https:\/\/www.foment.com\/es\/wp-json\/wp\/v2\/posts"}],"about":[{"href":"https:\/\/www.foment.com\/es\/wp-json\/wp\/v2\/types\/post"}],"author":[{"embeddable":true,"href":"https:\/\/www.foment.com\/es\/wp-json\/wp\/v2\/users\/281"}],"replies":[{"embeddable":true,"href":"https:\/\/www.foment.com\/es\/wp-json\/wp\/v2\/comments?post=219076"}],"version-history":[{"count":1,"href":"https:\/\/www.foment.com\/es\/wp-json\/wp\/v2\/posts\/219076\/revisions"}],"predecessor-version":[{"id":219077,"href":"https:\/\/www.foment.com\/es\/wp-json\/wp\/v2\/posts\/219076\/revisions\/219077"}],"wp:featuredmedia":[{"embeddable":true,"href":"https:\/\/www.foment.com\/es\/wp-json\/wp\/v2\/media\/219038"}],"wp:attachment":[{"href":"https:\/\/www.foment.com\/es\/wp-json\/wp\/v2\/media?parent=219076"}],"wp:term":[{"taxonomy":"category","embeddable":true,"href":"https:\/\/www.foment.com\/es\/wp-json\/wp\/v2\/categories?post=219076"},{"taxonomy":"post_tag","embeddable":true,"href":"https:\/\/www.foment.com\/es\/wp-json\/wp\/v2\/tags?post=219076"}],"curies":[{"name":"wp","href":"https:\/\/api.w.org\/{rel}","templated":true}]}}