{"id":219083,"date":"2026-04-29T15:50:08","date_gmt":"2026-04-29T13:50:08","guid":{"rendered":"https:\/\/www.foment.com\/?p=219083"},"modified":"2026-04-29T15:50:08","modified_gmt":"2026-04-29T13:50:08","slug":"pep-garcia-presenta-el-consell-territorial-de-la-pime-de-foment-a-coell","status":"publish","type":"post","link":"https:\/\/www.foment.com\/es\/pep-garcia-presenta-el-consell-territorial-de-la-pime-de-foment-a-coell\/","title":{"rendered":"Pep Garcia presenta el Consell Territorial de la PIME de Foment a COELL"},"content":{"rendered":"<ul>\n<li>\u201cVolem elevar la veu de les petites empreses del territori\u201d, afirma el president del CTP en la seva visita al Comit\u00e8 Executiu de la patronal lleidatana per explicar-ne el eixos d\u2019actuaci\u00f3<\/li>\n<\/ul>\n<p>El president del Consell Territorial de la PIME (CTP), Pep Garcia, ha presentat aquest dimecres el pla d\u2019actuaci\u00f3 del nou \u00f2rgan de Foment del Treball. Garcia ha manifestat que \u201cvolem elevar la veu de les petites empreses del territori\u201d. Amb aquest objectiu, ha iniciat una ronda de trobades per les diferents comarques catalanes per tal de mantenir un canvi d\u2019impressions i escoltar-ne les demandes m\u00e9s concretes.<\/p>\n<p>En aquest sentit, Pep Garcia ha explicat que aquest Consell Territorial no ha de servir nom\u00e9s per recollir propostes i neguits, sin\u00f3 que ha de ser alhora altaveu i suport. \u201cLa primera cosa que volem posar en valor \u00e9s que representem la PIME catalana, perqu\u00e8 tenim 20 organitzacions territorials que arriben a tot Catalunya\u201d, fet que permet con\u00e8ixer de primera m\u00e0 totes les necessitats, ha dit. \u201cHi ha necessitats que s\u00f3n transversals com la formaci\u00f3, la manca de personal qualificat o temes relacionats amb l\u2019absentisme laboral\u201d que afecten la competitivitat, aix\u00ed com el repte d\u2019afrontar el creixement de les PIME catalanes, ha destacat el president del CTP.<\/p>\n<p>A la trobada hi han assistit el president de la Confederaci\u00f3 d\u2019Organitzacions Empresarials de les Terres de Lleida (COELL) i vicepresident de Foment, Josep M. Garde\u00f1es; el president de la Federaci\u00f3 Provincial d\u2019Empresaris del Comer\u00e7 de Lleida (FECOM), Rafel Oncins; el director territorial i de Prevenci\u00f3 de Riscos Laborals de Foment, C\u00e9sar S\u00e1nchez; els vicepresidents i vicepresidentes de COELL; presidents i presidentes de gremis i associacions, i membres del Comit\u00e8 Executiu de la patronal lleidatana.<\/p>\n","protected":false},"excerpt":{"rendered":"<p>\u201cVolem elevar la veu de les petites empreses del territori\u201d, afirma el president del CTP en la seva visita al Comit\u00e8 Executiu de la patronal lleidatana per explicar-ne el eixos d\u2019actuaci\u00f3 El president del Consell Territorial de la PIME (CTP), Pep Garcia, ha presentat aquest dimecres el pla d\u2019actuaci\u00f3 del nou \u00f2rgan de Foment del Treball. Garcia ha manifestat que \u201cvolem elevar la veu de les petites empreses del territori\u201d. Amb aquest objectiu, ha iniciat una ronda de trobades per les diferents comarques catalanes per tal de mantenir un canvi d\u2019impressions i escoltar-ne les demandes m\u00e9s concretes. En aquest sentit, Pep Garcia ha explicat que aquest Consell Territorial no ha de servir nom\u00e9s per recollir propostes i neguits, sin\u00f3 que ha de ser alhora altaveu i suport. \u201cLa primera cosa que volem posar en valor \u00e9s que representem la PIME catalana, perqu\u00e8 tenim 20 organitzacions territorials que arriben a tot Catalunya\u201d, fet que permet con\u00e8ixer de primera m\u00e0 totes les necessitats, ha dit. \u201cHi ha necessitats que s\u00f3n transversals com la formaci\u00f3, la manca de personal qualificat o temes relacionats amb l\u2019absentisme laboral\u201d que afecten la competitivitat, aix\u00ed com el repte d\u2019afrontar el creixement de les PIME catalanes, ha destacat [&hellip;]<\/p>\n","protected":false},"author":281,"featured_media":219081,"comment_status":"closed","ping_status":"closed","sticky":false,"template":"","format":"standard","meta":{"_links_to":"","_links_to_target":""},"categories":[8407],"tags":[],"acf":[],"wps_subtitle":"","_links":{"self":[{"href":"https:\/\/www.foment.com\/es\/wp-json\/wp\/v2\/posts\/219083"}],"collection":[{"href":"https:\/\/www.foment.com\/es\/wp-json\/wp\/v2\/posts"}],"about":[{"href":"https:\/\/www.foment.com\/es\/wp-json\/wp\/v2\/types\/post"}],"author":[{"embeddable":true,"href":"https:\/\/www.foment.com\/es\/wp-json\/wp\/v2\/users\/281"}],"replies":[{"embeddable":true,"href":"https:\/\/www.foment.com\/es\/wp-json\/wp\/v2\/comments?post=219083"}],"version-history":[{"count":1,"href":"https:\/\/www.foment.com\/es\/wp-json\/wp\/v2\/posts\/219083\/revisions"}],"predecessor-version":[{"id":219084,"href":"https:\/\/www.foment.com\/es\/wp-json\/wp\/v2\/posts\/219083\/revisions\/219084"}],"wp:featuredmedia":[{"embeddable":true,"href":"https:\/\/www.foment.com\/es\/wp-json\/wp\/v2\/media\/219081"}],"wp:attachment":[{"href":"https:\/\/www.foment.com\/es\/wp-json\/wp\/v2\/media?parent=219083"}],"wp:term":[{"taxonomy":"category","embeddable":true,"href":"https:\/\/www.foment.com\/es\/wp-json\/wp\/v2\/categories?post=219083"},{"taxonomy":"post_tag","embeddable":true,"href":"https:\/\/www.foment.com\/es\/wp-json\/wp\/v2\/tags?post=219083"}],"curies":[{"name":"wp","href":"https:\/\/api.w.org\/{rel}","templated":true}]}}